{"id":21613,"date":"2020-10-15T03:21:50","date_gmt":"2020-10-15T03:21:50","guid":{"rendered":"http:\/\/enolife.com.ar\/es\/?p=21613"},"modified":"2024-02-26T22:03:26","modified_gmt":"2024-02-26T22:03:26","slug":"vino-toro-vuelve-a-la-cancha-con-la-seleccion-argentina-de-cara-al-mundial-qatar-2022","status":"publish","type":"post","link":"https:\/\/enolife.com.ar\/es\/vino-toro-vuelve-a-la-cancha-con-la-seleccion-argentina-de-cara-al-mundial-qatar-2022\/","title":{"rendered":"Vino Toro vuelve a la cancha con la Selecci\u00f3n Argentina de cara al Mundial Qatar 2022"},"content":{"rendered":"\n<h4 class=\"wp-block-heading\"><em><strong>Con el retorno del f\u00fatbol oficial de las Eliminatorias Sudamericanas, tambi\u00e9n el vino m\u00e1s vendido de Argentina se pone la camiseta para acompa\u00f1ar al equipo Albiceleste. Esta alianza est\u00e1 activa desde hace dos a\u00f1os, antes del Mundial de Rusia, cuando Fecovita     -propietario de la marca Toro- firm\u00f3 con la AFA un convenio publicitario por 4 a\u00f1os, convirti\u00e9ndose en ese momento en la primera bodega en jugar en la misma liga que Messi y compa\u00f1\u00eda. La pasi\u00f3n futbolera y el sabor del vino siguen siendo los mismos. Pero el objetivo ahora es Qatar 2022.<\/strong><\/em><strong><em> <\/em><\/strong>   <\/h4>\n\n\n\n<div style=\"height:20px\" aria-hidden=\"true\" class=\"wp-block-spacer\"><\/div>\n\n\n\n<figure class=\"wp-block-image size-large\"><a href=\"https:\/\/www.toro.com.ar\/\"><img loading=\"lazy\" decoding=\"async\" width=\"970\" height=\"250\" src=\"https:\/\/enolife.com.ar\/es\/wp-content\/uploads\/2020\/10\/3-970x250px.gif\" alt=\"\" class=\"wp-image-21733\"\/><\/a><\/figure>\n\n\n\n<div style=\"height:20px\" aria-hidden=\"true\" class=\"wp-block-spacer\"><\/div>\n\n\n\n<p><strong>Fecovita<\/strong> y vino <strong>Toro<\/strong>, uno de los m\u00e1s populares y m\u00e1s vendidos del pa\u00eds, contin\u00faan esponsoreando a la <strong>Selecci\u00f3n Argentina de F\u00fatbol.<\/strong> El romance se inici\u00f3 hace 4 a\u00f1os, en junio de 2018, cuando el equipo nacional se dispon\u00eda a dar pelea en Rusia. En aquel momento, <strong>Claudio \u201cChiqui\u201d Tapia<\/strong>, presidente de la Asociaci\u00f3n del F\u00fatbol Argentino, expresaba: <em>\u201cEstamos muy contentos de anunciar este nuevo acuerdo de sponsoreo. Este paso representa adem\u00e1s la apertura de una nueva categor\u00eda de patrocinio para nuestra asociaci\u00f3n. En este caso, nos asociamos con una marca l\u00edder en su rubro y estamos seguros que ser\u00e1 un acuerdo productivo para ambas partes\u201d<\/em>.<\/p>\n\n\n\n<p>A su turno, <strong>Eduardo Sancho<\/strong>, presidente de <strong>Acovi <\/strong>y de <strong>Fecovita<\/strong> -entidad propietaria de la marca Toro- calificaba ese acompa\u00f1amiento como un orgullo. <em>\u201cLa pasi\u00f3n, el laburo, el esfuerzo y las ganas por hacer bien las cosas son parte de los valores de nuestra marca y est\u00e1n muy ligados al esp\u00edritu del deporte y los argentinos. Por eso estamos muy entusiasmados en sumarnos en esta etapa\u201d<\/em>, afirmaba Sancho.<\/p>\n\n\n\n<div style=\"height:20px\" aria-hidden=\"true\" class=\"wp-block-spacer\"><\/div>\n\n\n\n<p class=\"has-background has-pale-cyan-blue-background-color\"><strong>Toro representa el 30% del mercado interno argentino<\/strong><br><br>Toro pertenece a Fecovita, uno de los 10 grupos vitivin\u00edcolas m\u00e1s grandes del mundo y la primera bodega patrocinadora de la Selecci\u00f3n Argentina de f\u00fatbol. Toro lleva m\u00e1s de 120 a\u00f1os en la mesa de la familia argentina. Al a\u00f1o, se comercializan m\u00e1s&nbsp;&nbsp;de 268.000.000 de unidades en sus distintas presentaciones, lo que representa m\u00e1s de un 30% del mercado argentino. <strong>M\u00e1s informaci\u00f3n en&nbsp;<a href=\"http:\/\/www.toro.com.ar\/\" target=\"_blank\" rel=\"noreferrer noopener\">www.toro.com.ar<\/a><\/strong><\/p>\n\n\n\n<div style=\"height:20px\" aria-hidden=\"true\" class=\"wp-block-spacer\"><\/div>\n\n\n\n<div class=\"wp-block-image\"><figure class=\"alignleft size-large is-resized\"><img loading=\"lazy\" decoding=\"async\" src=\"https:\/\/enolife.com.ar\/es\/wp-content\/uploads\/2020\/10\/flyer-toro-1024x753.jpg\" alt=\"\" class=\"wp-image-21734\" width=\"376\" height=\"276\" srcset=\"https:\/\/enolife.com.ar\/es\/wp-content\/uploads\/2020\/10\/flyer-toro-1024x753.jpg 1024w, https:\/\/enolife.com.ar\/es\/wp-content\/uploads\/2020\/10\/flyer-toro-300x220.jpg 300w, https:\/\/enolife.com.ar\/es\/wp-content\/uploads\/2020\/10\/flyer-toro-768x564.jpg 768w, https:\/\/enolife.com.ar\/es\/wp-content\/uploads\/2020\/10\/flyer-toro-1536x1129.jpg 1536w, https:\/\/enolife.com.ar\/es\/wp-content\/uploads\/2020\/10\/flyer-toro-2048x1505.jpg 2048w, https:\/\/enolife.com.ar\/es\/wp-content\/uploads\/2020\/10\/flyer-toro-1170x860.jpg 1170w, https:\/\/enolife.com.ar\/es\/wp-content\/uploads\/2020\/10\/flyer-toro-585x430.jpg 585w\" sizes=\"auto, (max-width: 376px) 100vw, 376px\" \/><\/figure><\/div>\n\n\n\n<p>Con respecto a la reactivaci\u00f3n del convenio para que Toro figure nuevamente como esponsor de la Selecci\u00f3n, acompa\u00f1\u00e1ndola en esta instancia de Eliminatorias rumbo a Qatar 2022, <strong>Gustavo L\u00f3pez, gerente de Negocios de Bodega Toro<\/strong> se expres\u00f3 en l\u00ednea con el sentimiento enunciado por Sancho dos a\u00f1os atr\u00e1s: <em>\u201cPara nosotros es un orgullo que una marca tan argentina como Toro acompa\u00f1e nuevamente a la Selecci\u00f3n. Los valores de nuestra marca est\u00e1n unidos al esp\u00edritu del deporte y al laburante argentino. Por eso estamos muy agradecidos de seguir acompa\u00f1ando a nuestro seleccionado y a la Asociaci\u00f3n Argentina de F\u00fatbol, que a\u00f1o tras a\u00f1o renueva sus desaf\u00edos\u201d.<\/em><\/p>\n\n\n\n<p>En su comunicado oficial anunciando la vigencia del esponsoreo en estas Eliminatorias, Toro consignaba: <em>\u00abDespu\u00e9s de varios meses sin f\u00fatbol, volvemos a renovar la pasi\u00f3n, alentando como siempre, sabiendo que pase lo que pase siempre vamos a estar. En estas Eliminatorias nos toca mirar los partidos desde casa, y disfrutar de un Toro con amigos en forma virtual. Todo cambia, pero la argentinidad y los cl\u00e1sicos siguen intactos<\/em>\u00ab.&nbsp;<\/p>\n\n\n\n<div style=\"height:20px\" aria-hidden=\"true\" class=\"wp-block-spacer\"><\/div>\n\n\n\n<p class=\"has-small-font-size\"><em><strong>Foto principal: goal.com<\/strong><\/em><\/p>\n\n\n\n<div style=\"height:59px\" aria-hidden=\"true\" class=\"wp-block-spacer\"><\/div>\n","protected":false},"excerpt":{"rendered":"<p>Con el retorno del f\u00fatbol oficial de las Eliminatorias Sudamericanas, tambi\u00e9n el vino m\u00e1s vendido&hellip;<\/p>\n","protected":false},"author":3,"featured_media":21732,"comment_status":"open","ping_status":"open","sticky":false,"template":"","format":"standard","meta":{"footnotes":""},"categories":[57,14],"tags":[],"class_list":["post-21613","post","type-post","status-publish","format-standard","has-post-thumbnail","hentry","category-empresas","category-news"],"_links":{"self":[{"href":"https:\/\/enolife.com.ar\/es\/wp-json\/wp\/v2\/posts\/21613","targetHints":{"allow":["GET"]}}],"collection":[{"href":"https:\/\/enolife.com.ar\/es\/wp-json\/wp\/v2\/posts"}],"about":[{"href":"https:\/\/enolife.com.ar\/es\/wp-json\/wp\/v2\/types\/post"}],"author":[{"embeddable":true,"href":"https:\/\/enolife.com.ar\/es\/wp-json\/wp\/v2\/users\/3"}],"replies":[{"embeddable":true,"href":"https:\/\/enolife.com.ar\/es\/wp-json\/wp\/v2\/comments?post=21613"}],"version-history":[{"count":0,"href":"https:\/\/enolife.com.ar\/es\/wp-json\/wp\/v2\/posts\/21613\/revisions"}],"wp:featuredmedia":[{"embeddable":true,"href":"https:\/\/enolife.com.ar\/es\/wp-json\/wp\/v2\/media\/21732"}],"wp:attachment":[{"href":"https:\/\/enolife.com.ar\/es\/wp-json\/wp\/v2\/media?parent=21613"}],"wp:term":[{"taxonomy":"category","embeddable":true,"href":"https:\/\/enolife.com.ar\/es\/wp-json\/wp\/v2\/categories?post=21613"},{"taxonomy":"post_tag","embeddable":true,"href":"https:\/\/enolife.com.ar\/es\/wp-json\/wp\/v2\/tags?post=21613"}],"curies":[{"name":"wp","href":"https:\/\/api.w.org\/{rel}","templated":true}]}}