{"id":2136,"date":"2019-08-05T04:07:07","date_gmt":"2019-08-05T04:07:07","guid":{"rendered":"http:\/\/enolife.com.ar\/es\/?p=2136"},"modified":"2019-08-05T04:16:02","modified_gmt":"2019-08-05T04:16:02","slug":"energia-luz-y-cosechadoras-de-jose-bermudez-en-la-legislatura","status":"publish","type":"post","link":"https:\/\/enolife.com.ar\/es\/energia-luz-y-cosechadoras-de-jose-bermudez-en-la-legislatura\/","title":{"rendered":"Energ\u00eda, luz y cosechadoras de Jos\u00e9 Berm\u00fadez, en la Legislatura"},"content":{"rendered":"\n<h4 class=\"wp-block-heading\"><em><strong>Hasta el 14 de agosto, en el Sal\u00f3n de los Gobernadores de la Legislatura de Mendoza (Peatonal y Patricias Mendocinas, Capital), se presenta \u201cBerm\u00fadez, el pintor de Mendoza\u201d, una muestra retrospectiva que resume toda una vida de creaci\u00f3n art\u00edstica, entre 1950 y 2019. Se la puede disfrutar de lunes a viernes de 9 a 18 hs, con &nbsp;entrada gratuita.<\/strong><\/em><\/h4>\n\n\n\n<p>Sanrafaelino,\nprofesor de franc\u00e9s, destacado ajedrecista, pintor, dibujante y grabador graduado\nen la Academia Provincial de Bellas Artes, el artista pl\u00e1stico Jos\u00e9 Berm\u00fadez\nnos subyuga con sus creaciones y su contagiosa energ\u00eda.<\/p>\n\n\n\n<p>Sus obras integran las pinacotecas del Museo de Arte de Montecatini de Italia, Museo Fader de Mendoza, Museo Municipal de Arte Moderno de Mendoza, Museo Nacional del Grabado de Buenos Aires y de numerosas colecciones particulares del pa\u00eds y del extranjero.<\/p>\n\n\n\n<div style=\"height:20px\" aria-hidden=\"true\" class=\"wp-block-spacer\"><\/div>\n\n\n\n<div class=\"wp-block-image\"><figure class=\"aligncenter\"><img loading=\"lazy\" decoding=\"async\" width=\"589\" height=\"396\" src=\"https:\/\/enolife.com.ar\/es\/wp-content\/uploads\/2019\/08\/image-3.png\" alt=\"\" class=\"wp-image-2137\" srcset=\"https:\/\/enolife.com.ar\/es\/wp-content\/uploads\/2019\/08\/image-3.png 589w, https:\/\/enolife.com.ar\/es\/wp-content\/uploads\/2019\/08\/image-3-300x202.png 300w, https:\/\/enolife.com.ar\/es\/wp-content\/uploads\/2019\/08\/image-3-585x393.png 585w\" sizes=\"auto, (max-width: 589px) 100vw, 589px\" \/><figcaption> <em>\u201cStill Sexy\u201d, impactante y sensual acr\u00edlico sobre tela de Berm\u00fadez. La obra data de 2008 y se destaca por su estilo figurativo y sus l\u00edneas gruesas.<\/em> <\/figcaption><\/figure><\/div>\n\n\n\n<div style=\"height:20px\" aria-hidden=\"true\" class=\"wp-block-spacer\"><\/div>\n\n\n\n<p>Para conocerlo mejor, transcribimos sus propias palabras en\ndiferentes entrevistas, en las cuales relata su ni\u00f1ez y su evoluci\u00f3n como\npintor.<\/p>\n\n\n\n<p>&nbsp;\u201cDesde que era ni\u00f1o,\nen la escuela primaria, he participado con mucho gusto en todos los eventos\npl\u00e1sticos que me fueron presentados, sin pensar que ello fuera mi destino y\npara siempre. Ten\u00eda facilidad y gusto por dibujar. Felizmente, en la escuela,\ntuve maestras que me impulsaron a desarrollar mi habilidad. Mi primer premio lo\nobtuve a los 10 a\u00f1os, en un concurso de dibujo donde hab\u00eda que ilustrar un\ncuento\u201d. <\/p>\n\n\n\n<div style=\"height:20px\" aria-hidden=\"true\" class=\"wp-block-spacer\"><\/div>\n\n\n\n<div class=\"wp-block-image\"><figure class=\"aligncenter\"><img decoding=\"async\" src=\"http:\/\/www.unidiversidad.com.ar\/cache_2\/muestra-arte-bermudez_473_945_c.jpg\" alt=\"Resultado de imagen para jose bermudez muestra\"\/><figcaption><em>Hombre y mujeres, protagonistas de las pinturas de Berm\u00fadez.<\/em><\/figcaption><\/figure><\/div>\n\n\n\n<div style=\"height:20px\" aria-hidden=\"true\" class=\"wp-block-spacer\"><\/div>\n\n\n\n<p>\u201cCuando ten\u00eda 12 a\u00f1os aproximadamente, vend\u00eda diarios en el\nParque General San Mart\u00edn. En mi recorrida habitual sol\u00eda encontrarme con un\ngrupo de j\u00f3venes dibujando bajo la inspecci\u00f3n de Vicente Lahir Estrella. Se\ntrataba de un aula al aire libre que despert\u00f3 mi curiosidad\u201d<\/p>\n\n\n\n<p>\u201cFue entonces que el pintor percibi\u00f3 mi inter\u00e9s y propuso\ncomprarme el diario los domingos con la condici\u00f3n de que me quedara a dibujar\nen su clase. De esa manera se convirti\u00f3 en mi primer maestro de la que ser\u00eda mi\nprofesi\u00f3n\u201d. \u201cA los 14 a\u00f1os ingres\u00e9 a la reci\u00e9n fundada Academia Provincial de\nBellas Artes\u201d<\/p>\n\n\n\n<div style=\"height:23px\" aria-hidden=\"true\" class=\"wp-block-spacer\"><\/div>\n\n\n\n<iframe loading=\"lazy\" width=\"850\" height=\"315\" src=\"https:\/\/www.youtube.com\/embed\/GmchAwoYzzk\" frameborder=\"0\" allow=\"accelerometer; autoplay; encrypted-media;gyroscope; picture-in-picture\" allowfullscreen=\"\"><\/iframe>\n\n\n\n<div style=\"height:23px\" aria-hidden=\"true\" class=\"wp-block-spacer\"><\/div>\n\n\n\n<p>En sus comienzos, su obra se afirma en el realismo social. Sus obras siempre tienen como centro al hombre, su trabajo, sus caracter\u00edsticas, sus vivencias, sus circunstancias. Sus creaciones, como \u00e9l mismo advierte, han sido producto de diversas influencias y cambios a trav\u00e9s del tiempo.<\/p>\n\n\n\n<p>\u201cMi desarrollo art\u00edstico fue emp\u00edrico y acad\u00e9mico. Siempre\nestudi\u00e9, que en mi oficio es hacer, mirar y volver a hacer. Me recib\u00ed de\nprofesor en la Academia De Bellas Artes y durante muchos a\u00f1os compart\u00ed con\ncolegas, estudios, talleres y quehaceres. Le\u00ed mucho y reflexion\u00e9 sobre el arte,\nme enriquec\u00ed con la experiencia docente en todos sus niveles\u201d.<\/p>\n\n\n\n<div style=\"height:20px\" aria-hidden=\"true\" class=\"wp-block-spacer\"><\/div>\n\n\n\n<ul class=\"wp-block-gallery columns-2 is-cropped wp-block-gallery-1 is-layout-flex wp-block-gallery-is-layout-flex\"><li class=\"blocks-gallery-item\"><figure><img loading=\"lazy\" decoding=\"async\" width=\"360\" height=\"532\" src=\"https:\/\/enolife.com.ar\/es\/wp-content\/uploads\/2019\/08\/image5a1a259a995fa.jpg\" alt=\"\" data-id=\"2140\" data-link=\"https:\/\/enolife.com.ar\/es\/?attachment_id=2140\" class=\"wp-image-2140\" srcset=\"https:\/\/enolife.com.ar\/es\/wp-content\/uploads\/2019\/08\/image5a1a259a995fa.jpg 360w, https:\/\/enolife.com.ar\/es\/wp-content\/uploads\/2019\/08\/image5a1a259a995fa-203x300.jpg 203w\" sizes=\"auto, (max-width: 360px) 100vw, 360px\" \/><\/figure><\/li><li class=\"blocks-gallery-item\"><figure><img loading=\"lazy\" decoding=\"async\" width=\"603\" height=\"1024\" src=\"https:\/\/enolife.com.ar\/es\/wp-content\/uploads\/2019\/08\/0021872364-603x1024.jpg\" alt=\"\" data-id=\"2141\" data-link=\"https:\/\/enolife.com.ar\/es\/?attachment_id=2141\" class=\"wp-image-2141\" srcset=\"https:\/\/enolife.com.ar\/es\/wp-content\/uploads\/2019\/08\/0021872364-603x1024.jpg 603w, https:\/\/enolife.com.ar\/es\/wp-content\/uploads\/2019\/08\/0021872364-177x300.jpg 177w, https:\/\/enolife.com.ar\/es\/wp-content\/uploads\/2019\/08\/0021872364-585x993.jpg 585w, https:\/\/enolife.com.ar\/es\/wp-content\/uploads\/2019\/08\/0021872364.jpg 750w\" sizes=\"auto, (max-width: 603px) 100vw, 603px\" \/><\/figure><\/li><\/ul>\n\n\n\n<div style=\"height:20px\" aria-hidden=\"true\" class=\"wp-block-spacer\"><\/div>\n\n\n\n<p>Su principio es ser \u201cun hombre que procura ser coherente con\nsu interior, en su expresi\u00f3n y en sus acciones. El \u00fanico modo que uno puede ser\naut\u00e9ntico es escuch\u00e1ndose a s\u00ed mismo. Y esa es la ventaja que tiene un pintor,\nse salva si mira hacia adentro\u201d.<\/p>\n\n\n\n<p>Tuvo como referentes a Picasso y Rembrandt; mantuvo una estrecha relaci\u00f3n con sus amigos Roberto Rosas, Juan Scalco y Luis Quesada. Si bien de todos aprendi\u00f3 mucho, lo m\u00e1s importante que destaca es que &nbsp;\u201csobre todo,aprend\u00ed que Berm\u00fadez deb\u00eda ser Berm\u00fadez. Alguien dijo que somos lo que hacemos repetidamente. La excelencia, por tanto, no es un acto sino un h\u00e1bito\u201d.<\/p>\n\n\n\n<p>El camino del artista es un continuo descubrimiento y un\ncontinuo esfuerzo por afinar la t\u00e9cnica que debe responder a una necesidad\nexpresiva. As\u00ed, afirma: \u201cHe tenido la suerte de exponer y vender obras en\nmuch\u00edsimos lugares del mundo. Me alegra que personas de situaciones y contextos\ndiferentes tengan comunicaci\u00f3n con mi obra\u201d<\/p>\n\n\n\n<p>Berm\u00fadez est\u00e1 convencido de que en Mendoza hay una cantidad\nde j\u00f3venes prometedores y estimulados para el arte en todas sus formas. Pero es\nimportante que se los motive y reconozca, que se aprecien sus obras, exhorta. Y\nexpresa en otra entrevista que \u201ces la m\u00e1s honesta y provechosa aspiraci\u00f3n; cada\nuno debe vivir de lo que trabaja y como en much\u00edsimos casos, no es f\u00e1cil. Pero\nno hay nada m\u00e1s gratificante que amar lo que hac\u00e9s\u201d.<\/p>\n\n\n\n<p>A sus 96 a\u00f1os, siente que todo lo que le pueda quedar\npendiente siempre tendr\u00e1 que ver con el arte, porque nunca podr\u00e1 dejarlo de\nlado. Est\u00e1 elaborando desde hace a\u00f1os un inventario digital de cada una de sus\nobras, con la ayuda de un joven estudiante de Historia del Arte. Este trabajo\ncuenta con todos los detalles de tama\u00f1o, t\u00e9cnica utilizada y ubicaci\u00f3n actual.<\/p>\n\n\n\n<p class=\"has-background has-luminous-vivid-amber-background-color\"><strong>Para cerrar, elegimos su concepto de s\u00ed mismo: \u201cDesde lo\npersonal me defino como un hombre que hizo lo que pudo, sin restar esfuerzo ni\npasi\u00f3n por la naturaleza humana.\u201d<\/strong><\/p>\n\n\n\n<p>&nbsp;<strong>Fuentes: <\/strong><a href=\"http:\/\/www.prensa.mendoza.gov.ar\">http:\/\/www.prensa.mendoza.gov.ar<\/a>, Legislatura de Mendoza y\nUNCuyo<\/p>\n","protected":false},"excerpt":{"rendered":"<p>Hasta el 14 de agosto, en el Sal\u00f3n de los Gobernadores de la Legislatura de&hellip;<\/p>\n","protected":false},"author":3,"featured_media":2142,"comment_status":"open","ping_status":"open","sticky":false,"template":"","format":"standard","meta":{"footnotes":""},"categories":[34],"tags":[],"class_list":["post-2136","post","type-post","status-publish","format-standard","has-post-thumbnail","hentry","category-cultura1"],"_links":{"self":[{"href":"https:\/\/enolife.com.ar\/es\/wp-json\/wp\/v2\/posts\/2136","targetHints":{"allow":["GET"]}}],"collection":[{"href":"https:\/\/enolife.com.ar\/es\/wp-json\/wp\/v2\/posts"}],"about":[{"href":"https:\/\/enolife.com.ar\/es\/wp-json\/wp\/v2\/types\/post"}],"author":[{"embeddable":true,"href":"https:\/\/enolife.com.ar\/es\/wp-json\/wp\/v2\/users\/3"}],"replies":[{"embeddable":true,"href":"https:\/\/enolife.com.ar\/es\/wp-json\/wp\/v2\/comments?post=2136"}],"version-history":[{"count":0,"href":"https:\/\/enolife.com.ar\/es\/wp-json\/wp\/v2\/posts\/2136\/revisions"}],"wp:featuredmedia":[{"embeddable":true,"href":"https:\/\/enolife.com.ar\/es\/wp-json\/wp\/v2\/media\/2142"}],"wp:attachment":[{"href":"https:\/\/enolife.com.ar\/es\/wp-json\/wp\/v2\/media?parent=2136"}],"wp:term":[{"taxonomy":"category","embeddable":true,"href":"https:\/\/enolife.com.ar\/es\/wp-json\/wp\/v2\/categories?post=2136"},{"taxonomy":"post_tag","embeddable":true,"href":"https:\/\/enolife.com.ar\/es\/wp-json\/wp\/v2\/tags?post=2136"}],"curies":[{"name":"wp","href":"https:\/\/api.w.org\/{rel}","templated":true}]}}