{"id":21340,"date":"2020-10-08T03:11:24","date_gmt":"2020-10-08T03:11:24","guid":{"rendered":"http:\/\/enolife.com.ar\/es\/?p=21340"},"modified":"2020-10-10T01:53:20","modified_gmt":"2020-10-10T01:53:20","slug":"grave-dano-constatan-que-la-helada-negra-quemo-brotes-y-hojas-en-vides-de-san-martin-y-junin","status":"publish","type":"post","link":"https:\/\/enolife.com.ar\/es\/grave-dano-constatan-que-la-helada-negra-quemo-brotes-y-hojas-en-vides-de-san-martin-y-junin\/","title":{"rendered":"Grave da\u00f1o: constatan que la helada negra quem\u00f3 brotes y hojas en vides de San Mart\u00edn y Jun\u00edn"},"content":{"rendered":"\n<h4 class=\"wp-block-heading\"><em><strong>Tras el fen\u00f3meno clim\u00e1tico en la madrugada del pasado lunes 5 de octubre, que azot\u00f3 los cultivos de extensas zonas de Mendoza en un marco de muy baja humedad, lo que lo hizo m\u00e1s da\u00f1ino, funcionarios de gobierno y municipales recorrieron fincas para evaluar el perjuicio. En algunas fincas, seg\u00fan lo denunciado por los productores, el da\u00f1o lleg\u00f3 al 90%. La titular de Agricultura, Valentina Navarro Canafoglia, visit\u00f3 a los vi\u00f1ateros para poner a disposici\u00f3n las herramientas de compensaci\u00f3n con las que cuenta la cartera econ\u00f3mica.<\/strong><\/em><\/h4>\n\n\n\n<div style=\"height:43px\" aria-hidden=\"true\" class=\"wp-block-spacer\"><\/div>\n\n\n\n\n\n<div style=\"height:20px\" aria-hidden=\"true\" class=\"wp-block-spacer\"><\/div>\n\n\n\n<p>El pasado 5 de octubre se registraron heladas tard\u00edas en los departamentos que conforman el oasis Este, con temperaturas que oscilaron entre los -0,7 \u00b0C y los -2,9 \u00b0C, generando da\u00f1os de consideraci\u00f3n en cultivos, mayormente, en los departamentos de <strong>San Mart\u00edn, Jun\u00edn y Rivadavia.<\/strong><\/p>\n\n\n\n<div style=\"height:20px\" aria-hidden=\"true\" class=\"wp-block-spacer\"><\/div>\n\n\n\n<div class=\"wp-block-image\"><figure class=\"alignleft is-resized\"><img loading=\"lazy\" decoding=\"async\" src=\"https:\/\/www.mendoza.gov.ar\/wp-content\/uploads\/sites\/5\/2020\/10\/WhatsApp-Image-2020-10-07-at-12.54.01-250x203.jpeg\" alt=\"Econom\u00eda relev\u00f3 da\u00f1os por heladas tard\u00edas en fincas de San Mart\u00edn y Jun\u00edn :  Prensa Gobierno de Mendoza\" width=\"298\" height=\"242\"\/><figcaption><strong>Valentina Navarro Canafoglia<\/strong><\/figcaption><\/figure><\/div>\n\n\n\n<p>A ra\u00edz de esta situaci\u00f3n, la&nbsp;Directora de Agricultura de la provincia, <strong>Valentina Navarro Canafoglia<\/strong>, junto a <strong>Gustavo Gil,<\/strong> de la Municipalidad de Jun\u00edn y <strong>Julio Acevedo<\/strong>, de San Mart\u00edn, recorrieron fincas ubicadas en los departamentos m\u00e1s afectados a los efectos de relevar <em>in situ<\/em> los da\u00f1os ocasionados por este fen\u00f3meno meteorol\u00f3gico.<\/p>\n\n\n\n<p>En un encuentro con la prensa, la funcionaria destac\u00f3: \u201cSer\u00eda irresponsable decir un porcentaje de da\u00f1os ocasionados por este fen\u00f3meno; sin embargo, hemos podido constatar da\u00f1os en los brotes, los cu\u00e1les se encontraban quemados, como as\u00ed tambi\u00e9n hojas e inflorescencia en las mismas condiciones, y eso a pesar de que las fincas que hemos recorrido estaban muy bien trabajadas\u201d.<\/p>\n\n\n\n<p>Seg\u00fan detall\u00f3 la titular de Agricultura, cuando se realizan los trabajos de desmalezamiento, preparaci\u00f3n del suelo mediante la compactaci\u00f3n y regado del mismo, sumado a sistemas activos contra heladas, el impacto de estos fen\u00f3menos suele ser m\u00ednimo. Sin embargo, en este caso, las propiedades recorridas, a pesar de haber implementado estas medidas, sufrieron da\u00f1os de consideraci\u00f3n.<\/p>\n\n\n\n<p>\u201cNos pareci\u00f3 de suma importancia estar junto a los productores, conocer de primera mano los efectos producidos por esta helada tard\u00eda en sus cultivos. Muchos productores no esperaban que esta helada fuera tan severa en cuanto a tiempo de duraci\u00f3n tampoco\u201d, agreg\u00f3 Navarro Canafoglia.<\/p>\n\n\n\n<p>Es que en algunos casos, como ocurri\u00f3 en Jun\u00edn y en la zona de Los Campamentos, en Rivadavia, los tiempos de duraci\u00f3n de las heladas se extendieron por 4 horas. En Medrano (Rivadavia), El Marcado (Santa Rosa) y Russel (Maip\u00fa), el lapso fue de 3 horas (-1 \u00b0C). En la localidad de Perdriel (Luj\u00e1n de Cuyo) tambi\u00e9n se apreciaron heladas importantes (-2,7\u00b0C), con una duraci\u00f3n de 3 horas.<\/p>\n\n\n\n<div style=\"height:20px\" aria-hidden=\"true\" class=\"wp-block-spacer\"><\/div>\n\n\n\n<div class=\"wp-block-image\"><figure class=\"aligncenter size-large is-resized\"><img loading=\"lazy\" decoding=\"async\" src=\"https:\/\/enolife.com.ar\/es\/wp-content\/uploads\/2020\/10\/unnamed.jpg\" alt=\"\" class=\"wp-image-21351\" width=\"678\" height=\"381\" srcset=\"https:\/\/enolife.com.ar\/es\/wp-content\/uploads\/2020\/10\/unnamed.jpg 512w, https:\/\/enolife.com.ar\/es\/wp-content\/uploads\/2020\/10\/unnamed-300x169.jpg 300w\" sizes=\"auto, (max-width: 678px) 100vw, 678px\" \/><figcaption><strong>Valentina Navarro Canafoglia recorriendo fincas da\u00f1adas<\/strong>.<\/figcaption><\/figure><\/div>\n\n\n\n<div style=\"height:20px\" aria-hidden=\"true\" class=\"wp-block-spacer\"><\/div>\n\n\n\n<p>La localidad de Montecaseros, en San Mart\u00edn, tambi\u00e9n registr\u00f3 temperaturas bajo cero (-0,7), por un lapso de 2 horas mientras que la localidad de Jocol\u00ed, en Lavalle, seg\u00fan las mediciones las temperaturas descendieron a los -1,2\u00b0C por un lapso de 2 horas.<\/p>\n\n\n\n<p>\u201cDe las 2.000 propiedades que forman parte del Registro \u00danico de Tierras (RUT), s\u00f3lo 700 cuentan con la cobertura del seguro agr\u00edcola de la Provincia. Esto es muy importante, ya que quienes sufren da\u00f1os del 100% en sus cultivos por este tipo de contingencias, reciben 20 mil pesos por hect\u00e1rea, es un monto que, en estos momentos, es muy importante.<\/p>\n\n\n\n<div style=\"height:20px\" aria-hidden=\"true\" class=\"wp-block-spacer\"><\/div>\n\n\n\n\n\n<div style=\"height:48px\" aria-hidden=\"true\" class=\"wp-block-spacer\"><\/div>\n\n\n\n<p class=\"has-medium-font-size\"><strong>Beneficios de reintegro y financiamiento<\/strong><\/p>\n\n\n\n<p>La funcionaria agreg\u00f3: \u201cVale recordar que en el marco del programa de reactivaci\u00f3n econ\u00f3mica Mendoza Activa, existe la posibilidad de acceder a los beneficios del reintegro a trav\u00e9s de ANR del 40% en inversiones en malla antigranizo o sistemas activos contra heladas. Los productores pueden acceder a estos beneficios y, adem\u00e1s, obtener financiamiento a trav\u00e9s del Fondo para la Transformaci\u00f3n y el Crecimiento (FTyC), a tasa subsidiada\u201d.<\/p>\n\n\n\n<p>Consultada Navarro sobre cu\u00e1les son los pasos a seguir por parte de los productores afectados por esta helada, coment\u00f3: \u201cEn estos primeros 20 d\u00edas se espera que los cultivos manifiesten todos los s\u00edntomas de los da\u00f1os generados por la helada y una vez realidad la denuncia, el productor tiene 10 d\u00edas para hacer el tr\u00e1mite\u201d.<\/p>\n\n\n\n<p>Por su parte, Julio Acevedo, director de Desarrollo Econ\u00f3mico de San Mart\u00edn coment\u00f3: \u201cSi bien parec\u00eda que no iba a haber grandes da\u00f1os, la realidad es que los hubo y hemos visitado las fincas de productores con da\u00f1os muy importantes. Estamos comenzando a hacer un mapeo de las zonas y de los porcentajes, pero lo que m\u00e1s nos ha llamado la atenci\u00f3n es el grado del impacto: hay vi\u00f1edos completamente afectados por este evento clim\u00e1tico\u201d.<\/p>\n\n\n\n<div style=\"height:20px\" aria-hidden=\"true\" class=\"wp-block-spacer\"><\/div>\n\n\n\n<p class=\"has-medium-font-size\"><strong>\u00abLa helada nos da\u00f1\u00f3 en un 80 por ciento\u00bb<\/strong><\/p>\n\n\n\n<p><strong>Marcela Moroncelli<\/strong>, productora vitivin\u00edcola de Jun\u00edn, fue una de las damnificadas por este fen\u00f3meno meteorol\u00f3gico. Tras la visita a su propiedad por parte de funcionarios municipales y de gobierno, coment\u00f3: \u201cLa helada afect\u00f3 seriamente nuestro vi\u00f1edo. Son 6,5 ha en total y poco m\u00e1s de la mitad est\u00e1n cultivadas con uvas malbec que se encontraban en un estado avanzado de brotaci\u00f3n y han sido da\u00f1adas pr\u00e1cticamente en un 80%. Debemos esperar para ver qu\u00e9 pas\u00f3 con el resto de las hect\u00e1reas cultivadas con cabernet sauvignon y cabernet franc, que presentaban yemas hinchadas y otras con punta verde\u201d.<\/p>\n\n\n\n<div style=\"height:20px\" aria-hidden=\"true\" class=\"wp-block-spacer\"><\/div>\n\n\n\n<div class=\"wp-block-image\"><figure class=\"aligncenter size-large is-resized\"><img loading=\"lazy\" decoding=\"async\" src=\"https:\/\/enolife.com.ar\/es\/wp-content\/uploads\/2020\/10\/relevamiento-zona-este-1.jpg\" alt=\"\" class=\"wp-image-21352\" width=\"651\" height=\"367\" srcset=\"https:\/\/enolife.com.ar\/es\/wp-content\/uploads\/2020\/10\/relevamiento-zona-este-1.jpg 512w, https:\/\/enolife.com.ar\/es\/wp-content\/uploads\/2020\/10\/relevamiento-zona-este-1-300x169.jpg 300w\" sizes=\"auto, (max-width: 651px) 100vw, 651px\" \/><\/figure><\/div>\n\n\n\n<div style=\"height:20px\" aria-hidden=\"true\" class=\"wp-block-spacer\"><\/div>\n\n\n\n<p>\u201cEsta es una actividad en la cual hemos invertido mucho tiempo y dinero. La heredamos de mis padres y en los \u00faltimos dos a\u00f1os hemos venido observando bajas importantes en la rentabilidad. Sin embargo seguimos apostando a la actividad y estamos dando los primeros pasos en el fraccionamiento de nuestros vinos. La primera experiencia nos permiti\u00f3 obtener unas 4.000 que vendimos en su totalidad; ahora apuntamos a duplicar esa cantidad y la verdad no sabemos qu\u00e9 va a ocurrir tras esta situaci\u00f3n. Estamos esperando la llegada de nuestro ingeniero para que eval\u00fae m\u00e1s detalladamente el impacto de la helada\u201d, agreg\u00f3.<\/p>\n\n\n\n<p>El recorrido de los funcionarios incluy\u00f3 tambi\u00e9n la visita a una finca ubicada en la localidad de Alto Verde, en el departamento de San Mart\u00edn y su propietario,<strong>&nbsp;Javier Garavaglia<\/strong>, productor vitivin\u00edcola,&nbsp;se\u00f1al\u00f3: \u201cRealmente fue una sorpresa para muchos. Esta finca la trabajamos en familia. Son tierras que trabajamos y mantenemos constantemente regando todo, preparando las hijuelas para generar vapor y a pesar de ello, el impacto de esta helada ha sido realmente muy importante\u201d.<\/p>\n\n\n\n<p>El productor hizo un recorrido por todo el predio donde se pudo constatar el da\u00f1o generado por la inclemencia en los brotes de sus cultivos. \u201cContamos con un sistema de calefacci\u00f3n que tira aire caliente a los vi\u00f1edos y esto permite ganar unos grados de temperatura en noches donde las heladas pueden afectar las plantas. Sin embargo, a pesar de todos los esfuerzos, no logramos reducir el impacto e incluso sufrimos un percance y nos rompi\u00f3 el caloventor. Al momento de la cosecha veremos el porcentaje que nos afect\u00f3. Colegas han visto sus cultivos da\u00f1ados entre un 70 y 80 por ciento. En algunos casos el da\u00f1o ha sido del 100%\u201d.<\/p>\n\n\n\n<div style=\"height:20px\" aria-hidden=\"true\" class=\"wp-block-spacer\"><\/div>\n\n\n\n<p class=\"has-medium-font-size\"><strong>Las denuncias de da\u00f1os, en persona y por internet<\/strong><\/p>\n\n\n\n<p>Desde la Direcci\u00f3n de Contingencias Clim\u00e1ticas del Gobierno de Mendoza (DCC), se inform\u00f3 que, debido a las disposiciones de distanciamiento social producto de la pandemia de Covid 19, las denuncias por da\u00f1os en la temporada 2020-2021 pueden realizarse a trav\u00e9s de internet, en la web&nbsp;<a rel=\"noreferrer noopener\" href=\"http:\/\/www.contingencias.mendoza.gov.ar\/\" target=\"_blank\">www.contingencias.mendoza.gov.ar<\/a>.&nbsp;Tambi\u00e9n, en forma presencial en las distintas delegaciones y centros receptores de lunes a viernes de 9 a 14.<\/p>\n\n\n\n<div style=\"height:34px\" aria-hidden=\"true\" class=\"wp-block-spacer\"><\/div>\n\n\n\n<p class=\"has-small-font-size\"><em><strong>Fuente: Gobierno de Mendoza<\/strong><\/em><\/p>\n\n\n\n<div style=\"height:20px\" aria-hidden=\"true\" class=\"wp-block-spacer\"><\/div>\n","protected":false},"excerpt":{"rendered":"<p>Tras el fen\u00f3meno clim\u00e1tico en la madrugada del pasado lunes 5 de octubre, que azot\u00f3&hellip;<\/p>\n","protected":false},"author":3,"featured_media":21350,"comment_status":"open","ping_status":"open","sticky":false,"template":"","format":"standard","meta":{"footnotes":""},"categories":[14],"tags":[],"class_list":["post-21340","post","type-post","status-publish","format-standard","has-post-thumbnail","hentry","category-news"],"_links":{"self":[{"href":"https:\/\/enolife.com.ar\/es\/wp-json\/wp\/v2\/posts\/21340","targetHints":{"allow":["GET"]}}],"collection":[{"href":"https:\/\/enolife.com.ar\/es\/wp-json\/wp\/v2\/posts"}],"about":[{"href":"https:\/\/enolife.com.ar\/es\/wp-json\/wp\/v2\/types\/post"}],"author":[{"embeddable":true,"href":"https:\/\/enolife.com.ar\/es\/wp-json\/wp\/v2\/users\/3"}],"replies":[{"embeddable":true,"href":"https:\/\/enolife.com.ar\/es\/wp-json\/wp\/v2\/comments?post=21340"}],"version-history":[{"count":0,"href":"https:\/\/enolife.com.ar\/es\/wp-json\/wp\/v2\/posts\/21340\/revisions"}],"wp:featuredmedia":[{"embeddable":true,"href":"https:\/\/enolife.com.ar\/es\/wp-json\/wp\/v2\/media\/21350"}],"wp:attachment":[{"href":"https:\/\/enolife.com.ar\/es\/wp-json\/wp\/v2\/media?parent=21340"}],"wp:term":[{"taxonomy":"category","embeddable":true,"href":"https:\/\/enolife.com.ar\/es\/wp-json\/wp\/v2\/categories?post=21340"},{"taxonomy":"post_tag","embeddable":true,"href":"https:\/\/enolife.com.ar\/es\/wp-json\/wp\/v2\/tags?post=21340"}],"curies":[{"name":"wp","href":"https:\/\/api.w.org\/{rel}","templated":true}]}}