{"id":21235,"date":"2020-10-09T14:56:43","date_gmt":"2020-10-09T14:56:43","guid":{"rendered":"http:\/\/enolife.com.ar\/es\/?p=21235"},"modified":"2020-10-10T18:36:17","modified_gmt":"2020-10-10T18:36:17","slug":"el-15-10-bodegas-mendocinas-se-muestran-al-mundo-con-un-homenaje-a-piazzola","status":"publish","type":"post","link":"https:\/\/enolife.com.ar\/es\/el-15-10-bodegas-mendocinas-se-muestran-al-mundo-con-un-homenaje-a-piazzola\/","title":{"rendered":"El 15\/10 bodegas mendocinas se muestran al mundo con un homenaje a Piazzola"},"content":{"rendered":"\n<h4 class=\"wp-block-heading\"><em><strong>El pr\u00f3ximo 15 de octubre, el Gobierno de Mendoza presentar\u00e1 una nueva edici\u00f3n de los&nbsp;Best&nbsp;of Mendoza\u00b4s Wine Tourism, el concurso  organizado por las Grandes Capitales del Vino que destaca y premia las mejores pr\u00e1cticas de enoturismo. La celebraci\u00f3n se realizar\u00e1 en forma virtual y participar\u00e1n 25 empresas mendocinas, que buscan obtener el oro local en las categor\u00edas de alojamiento, restaurante, pr\u00e1cticas sustentables, arquitectura y paisajes, arte y cultura, experiencias innovadoras, servicios relacionados y peque\u00f1as bodegas. Adem\u00e1s contar\u00e1 con un despliegue de artistas locales y el espect\u00e1culo est\u00e1 abierto a todo p\u00fablico en forma gratuita.<\/strong><\/em><\/h4>\n\n\n\n<div style=\"height:20px\" aria-hidden=\"true\" class=\"wp-block-spacer\"><\/div>\n\n\n\n\n\n<div style=\"height:39px\" aria-hidden=\"true\" class=\"wp-block-spacer\"><\/div>\n\n\n\n<p>Mendoza es miembro de&nbsp;la red de&nbsp;las Grandes Capitales del Vino integrada, adem\u00e1s, por Adelaida, Australia; Bilbao,&nbsp;Rioja, Espa\u00f1a; Burdeos, Francia; Lausana, Suiza; Mainz&nbsp;Rheinhessen, Alemania; Porto, Portugal; San Francisco,&nbsp;Napa Valley, Estados Unidos; Valpara\u00edso,&nbsp;Valle de Casablanca, Chile; Verona, Italia y la recientemente incorporada Cape Town,&nbsp;Cape Winelands, Sud\u00e1frica.<\/p>\n\n\n\n<p>El prestigioso concurso Best Of premia,&nbsp;anualmente,&nbsp;a emprendimientos de cada ciudad miembro,&nbsp;que se hayan distinguido en t\u00e9rminos de excelencia en las distintas categor\u00edas y siempre compartiendo experiencias de calidad con el p\u00fablico. Obtener el oro en estas categor\u00edas,&nbsp;adem\u00e1s de darle prestigio a las empresas,&nbsp;les permite competir en la premiaci\u00f3n internacional,&nbsp;que este a\u00f1o se realizar\u00e1 en noviembre,&nbsp;tambi\u00e9n&nbsp;de&nbsp;manera&nbsp;virtual.<\/p>\n\n\n\n<p>Esta edici\u00f3n&nbsp;local&nbsp;del concurso contar\u00e1 con la participaci\u00f3n de m\u00fasicos mendocinos,&nbsp;que interpretar\u00e1n&nbsp;composiciones&nbsp;del reconocido bandoneonista Astor Piazzola, quien en marzo&nbsp;de 2021&nbsp;cumplir\u00eda 100 a\u00f1os.<\/p>\n\n\n\n<p>El ensamble, a cargo de Fabrizio Colombo, interpretar\u00e1 \u201cLo que vendr\u00e1\u201d,&nbsp;arreglo que transcribi\u00f3 de uno de los discos de Piazzola grabado en el a\u00f1o 56 con una orquesta nacional. Y&nbsp;\u201cRevirado\u201d, arreglo para orquesta de cuerdas y bandone\u00f3n.<\/p>\n\n\n\n<div style=\"height:20px\" aria-hidden=\"true\" class=\"wp-block-spacer\"><\/div>\n\n\n\n<p class=\"has-background has-very-light-gray-background-color\">Bajo la direcci\u00f3n de Colombo, los m\u00fasicos que participar\u00e1n son Lucas Altamore, viol\u00edn 1 (Solista); Anna Kebadze, viol\u00edn 1; Roger Campos, viol\u00edn 2; Rosario Gonz\u00e1lez, viol\u00edn 2; Jos\u00e9 Guevara, viola 1; Joaqu\u00edn Guti\u00e9rrez, viola 2; Mauricio Lozano, violonchelo; Esteban P\u00e9rez, en contrabajo; Mariano Colombo, interpretando el piano&nbsp;y el mismo&nbsp;Fabrizio Colombo, en bandone\u00f3n.<\/p>\n\n\n\n<div style=\"height:20px\" aria-hidden=\"true\" class=\"wp-block-spacer\"><\/div>\n\n\n\n<figure class=\"wp-block-video aligncenter\"><video controls src=\"https:\/\/enolife.com.ar\/es\/wp-content\/uploads\/2020\/10\/16EycsDVTy7Xu9dY.mp4\"><\/video><\/figure>\n\n\n\n<div style=\"height:20px\" aria-hidden=\"true\" class=\"wp-block-spacer\"><\/div>\n\n\n\n<p>La ministra de Cultura y Turismo, Mariana Juri, coment\u00f3: \u201cEs importante mostrar a Mendoza al mundo con nuestros artistas, nuestros vinos y sus paisajes, en eventos tan prestigiosos. Mendoza, por sus caracter\u00edsticas, tendr\u00e1 una gran oportunidad, cuando el turismo se reactive y estamos trabajando para aprovecharla.\u201d Adem\u00e1s, la funcionaria agreg\u00f3: \u201cEsta sinergia virtual nos permite seguir conoci\u00e9ndonos con los actores del mundo de las Great Wine Capitals, ya que Mendoza, en 2022, ser\u00e1 sede de la gala internacional\u201d.<\/p>\n\n\n\n<div style=\"height:20px\" aria-hidden=\"true\" class=\"wp-block-spacer\"><\/div>\n\n\n\n<p class=\"has-medium-font-size\"><strong>Sobre las Grandes Capitales del Vino  (GWC) y los premios Best Of<\/strong><\/p>\n\n\n\n<p>La red GWC est\u00e1 conformada actualmente por once ciudades, situadas en ambos hemisferios, que son regiones vitivin\u00edcolas internacionalmente reconocidas. Su objetivo es promover el turismo, la cultura y el intercambio comercial entre las internacionalmente reconocidas ciudades y regiones.<\/p>\n\n\n\n<p>La red global var\u00eda en su n\u00famero de integrantes, ya que mantenerse dentro de ella requiere para cada ciudad miembro un gran trabajo. Mendoza ingres\u00f3 en este grupo en 2005 y, desde entonces, eleva a\u00f1o a a\u00f1o los est\u00e1ndares de calidad de sus servicios vinculados al turismo del vino.<\/p>\n\n\n\n<div style=\"height:20px\" aria-hidden=\"true\" class=\"wp-block-spacer\"><\/div>\n\n\n\n<p class=\"has-small-font-size\"><strong><em>Fuente: Gobierno de Mendoza<\/em><\/strong><\/p>\n","protected":false},"excerpt":{"rendered":"<p>El pr\u00f3ximo 15 de octubre, el Gobierno de Mendoza presentar\u00e1 una nueva edici\u00f3n de los&nbsp;Best&nbsp;of&hellip;<\/p>\n","protected":false},"author":3,"featured_media":21245,"comment_status":"open","ping_status":"open","sticky":false,"template":"","format":"standard","meta":{"footnotes":""},"categories":[11],"tags":[],"class_list":["post-21235","post","type-post","status-publish","format-standard","has-post-thumbnail","hentry","category-enoturismo"],"_links":{"self":[{"href":"https:\/\/enolife.com.ar\/es\/wp-json\/wp\/v2\/posts\/21235","targetHints":{"allow":["GET"]}}],"collection":[{"href":"https:\/\/enolife.com.ar\/es\/wp-json\/wp\/v2\/posts"}],"about":[{"href":"https:\/\/enolife.com.ar\/es\/wp-json\/wp\/v2\/types\/post"}],"author":[{"embeddable":true,"href":"https:\/\/enolife.com.ar\/es\/wp-json\/wp\/v2\/users\/3"}],"replies":[{"embeddable":true,"href":"https:\/\/enolife.com.ar\/es\/wp-json\/wp\/v2\/comments?post=21235"}],"version-history":[{"count":0,"href":"https:\/\/enolife.com.ar\/es\/wp-json\/wp\/v2\/posts\/21235\/revisions"}],"wp:featuredmedia":[{"embeddable":true,"href":"https:\/\/enolife.com.ar\/es\/wp-json\/wp\/v2\/media\/21245"}],"wp:attachment":[{"href":"https:\/\/enolife.com.ar\/es\/wp-json\/wp\/v2\/media?parent=21235"}],"wp:term":[{"taxonomy":"category","embeddable":true,"href":"https:\/\/enolife.com.ar\/es\/wp-json\/wp\/v2\/categories?post=21235"},{"taxonomy":"post_tag","embeddable":true,"href":"https:\/\/enolife.com.ar\/es\/wp-json\/wp\/v2\/tags?post=21235"}],"curies":[{"name":"wp","href":"https:\/\/api.w.org\/{rel}","templated":true}]}}