{"id":21202,"date":"2020-10-07T13:47:24","date_gmt":"2020-10-07T13:47:24","guid":{"rendered":"http:\/\/enolife.com.ar\/es\/?p=21202"},"modified":"2020-10-10T18:26:51","modified_gmt":"2020-10-10T18:26:51","slug":"buscan-optimizar-el-metodo-de-pronostico-de-cosecha-sumando-el-aporte-de-entidades-privadas","status":"publish","type":"post","link":"https:\/\/enolife.com.ar\/es\/buscan-optimizar-el-metodo-de-pronostico-de-cosecha-sumando-el-aporte-de-entidades-privadas\/","title":{"rendered":"Buscan optimizar el m\u00e9todo de pron\u00f3stico de cosecha sumando el aporte de entidades privadas"},"content":{"rendered":"\n<h4 class=\"wp-block-heading\"><em><strong>El ministro de Agricultura, Ganader\u00eda y Pesca de la Naci\u00f3n, Luis Basterra, junto al presidente del Instituto Nacional de Vitivinicultura, Mart\u00edn Hinojosa, anunciaron ayer 6\/10 la conformaci\u00f3n de una \u00abMesa de Pron\u00f3stico de Cosecha\u00bb para \u00abmejorar\u00bb el c\u00e1lculo previo que cada a\u00f1o se hace sobre el volumen de uva que se recolectar\u00e1 en todo el pa\u00eds. La idea es obtener mayor precisi\u00f3n en el diagn\u00f3stico y sinergia hacia el interior del sector vitivin\u00edcola. Se plantea, adem\u00e1s, incorporar nuevas herramientas inform\u00e1ticas y tecnol\u00f3gicas para ese fin.  <\/strong><\/em><\/h4>\n\n\n\n<div style=\"height:20px\" aria-hidden=\"true\" class=\"wp-block-spacer\"><\/div>\n\n\n\n\n\n<div style=\"height:52px\" aria-hidden=\"true\" class=\"wp-block-spacer\"><\/div>\n\n\n\n<p>Tras la reuni\u00f3n virtual con Mart\u00edn Hinojosa, el ministro Luis Basterra anunci\u00f3: \u00abLuego de diversas reuniones y del trabajo coordinado entre las entidades que integran este Ministerio, gobiernos provinciales, entidades vitivin\u00edcolas, sector privado y acad\u00e9mico, hemos definido como estrategia mejorar el pron\u00f3stico de cosecha, algo sumamente importante para la vitivinicultura\u00bb. Y continu\u00f3: \u00abEste cambio implica sumar entidades que puedan aportar sus conocimientos, su experiencia, mejorando as\u00ed una herramienta fundamental para la toma de decisiones\u00bb.<\/p>\n\n\n\n<div style=\"height:20px\" aria-hidden=\"true\" class=\"wp-block-spacer\"><\/div>\n\n\n\n<blockquote class=\"wp-block-quote is-layout-flow wp-block-quote-is-layout-flow\"><p><strong>\u00abEn los \u00faltimos a\u00f1os el pron\u00f3stico de cosecha ha sido responsabilidad \u00fanica del INV; hoy entendemos que hay que mejorar todas las herramientas con las que contamos, incorporando tecnolog\u00eda e innovaci\u00f3n y m\u00e1s actores\u00bb. <\/strong><\/p><cite><strong>Mart\u00edn Hinojosa, titular del INV.<\/strong><\/cite><\/blockquote>\n\n\n\n<div style=\"height:20px\" aria-hidden=\"true\" class=\"wp-block-spacer\"><\/div>\n\n\n\n<p>\u00abLa finalidad de esta Mesa es que el pron\u00f3stico tenga mayor solvencia, una mirada integradora, a los efectos de obtener una herramienta lo m\u00e1s cercana a la realidad, incorporando principalmente la tecnolog\u00eda como gran aliado a la industria vitivin\u00edcola argentina\u00bb, ampli\u00f3 Hinojosa.<\/p>\n\n\n\n<p>\u00abEl vino argentino sigue creciendo con calidad y buenos precios y tenemos que seguir acompa\u00f1ando con pol\u00edticas que fomenten el potencial del sector\u00bb, destac\u00f3 por su parte Basterra.<\/p>\n\n\n\n<p>De acuerdo a los \u00faltimos datos brindados por el Instituto Nacional de Vitivinicultura, <strong>la exportaci\u00f3n total de vinos en los primeros 7 meses de 2020 super\u00f3 los 237 millones de litros<\/strong>, lo que representa<strong> un aumento del 46,3%<\/strong> con respecto a 2019. Se trata de la <strong>cifra m\u00e1s alta desde 2015<\/strong> en las exportaciones de vinos totales para el per\u00edodo de 7 meses de enero a julio.<\/p>\n\n\n\n<p>Tambi\u00e9n las <strong>exportaciones de mosto concentrado<\/strong> <strong>han crecido<\/strong> durante este per\u00edodo del a\u00f1o, llegando a las <strong>76.097 toneladas.<\/strong><\/p>\n\n\n\n<p>Luego de destacar estas cifras, Basterra afirm\u00f3 que \u00abeste escenario alentador para el sector, que adquiere a\u00fan m\u00e1s valor en el marco de la pandemia mundial, es acompa\u00f1ado de manera constante por la cartera nacional a su cargo y el INV con pol\u00edticas activas, flexibilizando los an\u00e1lisis de exportaci\u00f3n y ampliando las solicitudes de exportaci\u00f3n a m\u00e1s mercados\u00bb.<\/p>\n\n\n\n<p>Entre enero y julio de este a\u00f1o se incorporaron <strong>83 nuevos exportadores con 173.000 hl de vino <\/strong>que no hab\u00edan exportado durante 2019. En este marco, <strong>Argentina ha ganado 2 puestos en el r\u00e1nking de pa\u00edses exportadores de vinos<\/strong>, pasando de <strong>11\u00b0 a 9\u00b0 lugar.<\/strong><\/p>\n\n\n\n<div style=\"height:20px\" aria-hidden=\"true\" class=\"wp-block-spacer\"><\/div>\n\n\n\n<blockquote class=\"wp-block-quote is-layout-flow wp-block-quote-is-layout-flow\"><p><strong>\u00abLa vitivinicultura es una cadena productiva con m\u00e1s de cuatro siglos de arraigo en nuestro territorio, que se ha ido extendiendo m\u00e1s all\u00e1 de los oasis productivos de la regi\u00f3n cuyana, principalmente de Mendoza, San Juan y La Rioja. Tenemos entonces el deber de seguir acompa\u00f1\u00e1ndolos, motivando y fomentando el crecimiento de un sector conformado en su mayor medida por peque\u00f1os productores, que siguen generando orgullo y engrandeciendo nuestro pa\u00eds\u00bb.<\/strong><\/p><cite><strong>Luis Basterra, Ministro de Agricultura, Ganader\u00eda y Pesca de la Naci\u00f3n<\/strong><\/cite><\/blockquote>\n\n\n\n<div style=\"height:33px\" aria-hidden=\"true\" class=\"wp-block-spacer\"><\/div>\n\n\n\n<div class=\"wp-block-image\"><figure class=\"alignleft is-resized\"><img loading=\"lazy\" decoding=\"async\" src=\"https:\/\/www.magyp.gob.ar\/\/sitio\/_fotos\/201006110356_original.jpg\" alt=\"\" width=\"462\" height=\"246\"\/><\/figure><\/div>\n\n\n\n<p class=\"has-background has-very-light-gray-background-color\">Participaron del encuentro virtual, adem\u00e1s de Basterra e Hinojosa, el secretario de Alimentos y Bioeconom\u00eda, Marcelo Al\u00f3s; el subsecretario de Agricultura de Naci\u00f3n, Delfo Buchaillot; el ministro de Producci\u00f3n de San Juan, Andr\u00e9s D\u00edaz Cano; el secretario de Agricultura Ganader\u00eda y Agroindustria de San Juan, Marcelo Balderramo; el director de Asuntos Vitivin\u00edcolas de San Juan, Fioravante Da Rold; el vicepresidente del INV, Hugo Carmona; la presidenta del INTA, Susana Mirassou; el director nacional del INTA, Carlos Parera; el presidente del INTI, Rub\u00e9n Geneyro; el titular de la Uni\u00f3n Vitivin\u00edcola Argentina (UVA), Jos\u00e9 Alberto Zuccardi; Eduardo Sancho, titular de Fecovita; la presidenta de Bodegas de Argentina, Patricia Ortiz; Gabriela Lizana por la Asociaci\u00f3n de Productores de la Zona Este de Mendoza; Silvia M\u00e9rida, a cargo del Centro Regional Aguas Subterr\u00e1neas dependiente del Instituto Nacional del Agua; Claudia Quini y Leonardo Miranda del INV y otro delegados de la UVA.<\/p>\n\n\n\n<p class=\"has-background has-very-light-gray-background-color\">En representaci\u00f3n del sector acad\u00e9mico estuvieron Francisco G\u00f3mez, de la C\u00e1tedra de Vitivinicultura de la Facultad de Ciencias Agrarias de la Universidad Nacional de Cuyo (UNCuyo); Luis Chiaramonte, del ITU de la UNCuyo; Gloria Tropea de la Facultad de Ciencias Alimentaci\u00f3n de la Universidad Cat\u00f3lica de Cuyo (UCA) y Maximiliano Battistella, de la C\u00e1tedra de Vitivinicultura de la Facultad de Ingenier\u00eda Agron\u00f3mica de la Universidad Nacional de San Juan (UNSJ).<\/p>\n\n\n\n<div style=\"height:20px\" aria-hidden=\"true\" class=\"wp-block-spacer\"><\/div>\n\n\n\n<p><em><strong>Fuente: INV<\/strong><\/em><\/p>\n","protected":false},"excerpt":{"rendered":"<p>El ministro de Agricultura, Ganader\u00eda y Pesca de la Naci\u00f3n, Luis Basterra, junto al presidente&hellip;<\/p>\n","protected":false},"author":3,"featured_media":21233,"comment_status":"open","ping_status":"open","sticky":false,"template":"","format":"standard","meta":{"footnotes":""},"categories":[14],"tags":[],"class_list":["post-21202","post","type-post","status-publish","format-standard","has-post-thumbnail","hentry","category-news"],"_links":{"self":[{"href":"https:\/\/enolife.com.ar\/es\/wp-json\/wp\/v2\/posts\/21202","targetHints":{"allow":["GET"]}}],"collection":[{"href":"https:\/\/enolife.com.ar\/es\/wp-json\/wp\/v2\/posts"}],"about":[{"href":"https:\/\/enolife.com.ar\/es\/wp-json\/wp\/v2\/types\/post"}],"author":[{"embeddable":true,"href":"https:\/\/enolife.com.ar\/es\/wp-json\/wp\/v2\/users\/3"}],"replies":[{"embeddable":true,"href":"https:\/\/enolife.com.ar\/es\/wp-json\/wp\/v2\/comments?post=21202"}],"version-history":[{"count":0,"href":"https:\/\/enolife.com.ar\/es\/wp-json\/wp\/v2\/posts\/21202\/revisions"}],"wp:featuredmedia":[{"embeddable":true,"href":"https:\/\/enolife.com.ar\/es\/wp-json\/wp\/v2\/media\/21233"}],"wp:attachment":[{"href":"https:\/\/enolife.com.ar\/es\/wp-json\/wp\/v2\/media?parent=21202"}],"wp:term":[{"taxonomy":"category","embeddable":true,"href":"https:\/\/enolife.com.ar\/es\/wp-json\/wp\/v2\/categories?post=21202"},{"taxonomy":"post_tag","embeddable":true,"href":"https:\/\/enolife.com.ar\/es\/wp-json\/wp\/v2\/tags?post=21202"}],"curies":[{"name":"wp","href":"https:\/\/api.w.org\/{rel}","templated":true}]}}