{"id":21141,"date":"2020-10-08T02:13:53","date_gmt":"2020-10-08T02:13:53","guid":{"rendered":"http:\/\/enolife.com.ar\/es\/?p=21141"},"modified":"2020-10-08T02:13:53","modified_gmt":"2020-10-08T02:13:53","slug":"como-entrar-al-mundo-del-vino-y-aprender-a-disfrutarlo-por-el-periodista-federico-lancia","status":"publish","type":"post","link":"https:\/\/enolife.com.ar\/es\/como-entrar-al-mundo-del-vino-y-aprender-a-disfrutarlo-por-el-periodista-federico-lancia\/","title":{"rendered":"C\u00f3mo entrar al mundo del vino y aprender a disfrutarlo, por el periodista Federico Lancia"},"content":{"rendered":"\n<h4 class=\"wp-block-heading\"><em><strong>A trav\u00e9s de la plataforma Capacita Mendoza, se inicia el jueves 15\/10 el segundo m\u00f3dulo del programa \u00abCurso superior de degustaci\u00f3n de vinos\u00bb , una capacitaci\u00f3n para quienes quieran embeberse del planeta vino. El dictado est\u00e1 a cargo de Federico Lancia, periodista especializado en vinos y director de la web Vinos y Buen vivir. <\/strong><\/em><\/h4>\n\n\n\n<div style=\"height:39px\" aria-hidden=\"true\" class=\"wp-block-spacer\"><\/div>\n\n\n\n<div class=\"wp-block-image\"><figure class=\"alignleft size-large is-resized\"><img loading=\"lazy\" decoding=\"async\" src=\"https:\/\/enolife.com.ar\/es\/wp-content\/uploads\/2020\/10\/image-18-1024x998.png\" alt=\"\" class=\"wp-image-21147\" width=\"418\" height=\"408\" srcset=\"https:\/\/enolife.com.ar\/es\/wp-content\/uploads\/2020\/10\/image-18-1024x998.png 1024w, https:\/\/enolife.com.ar\/es\/wp-content\/uploads\/2020\/10\/image-18-300x293.png 300w, https:\/\/enolife.com.ar\/es\/wp-content\/uploads\/2020\/10\/image-18-768x749.png 768w, https:\/\/enolife.com.ar\/es\/wp-content\/uploads\/2020\/10\/image-18-1170x1141.png 1170w, https:\/\/enolife.com.ar\/es\/wp-content\/uploads\/2020\/10\/image-18-585x570.png 585w, https:\/\/enolife.com.ar\/es\/wp-content\/uploads\/2020\/10\/image-18.png 1280w\" sizes=\"auto, (max-width: 418px) 100vw, 418px\" \/><\/figure><\/div>\n\n\n\n<p>El \u00abCurso&nbsp;superior de degustaci\u00f3n de vinos\u00bb<strong>&nbsp;<\/strong>est\u00e1 formulado en cuatro clases de 45 minutos cada una y una clase presencial pr\u00e1ctica, para completar la experiencia aprendida. Comenzar\u00e1 el jueves 15 de septiembre a las 19 hs. y se brindar\u00e1 a lo largo de cuatro semanas en las que se desarrollar\u00e1n las distintas tem\u00e1ticas.<\/p>\n\n\n\n<p>Federico Lancia tambi\u00e9n es panelista especializado y responsable de prensa de varias bodegas de Argentina, columnista de medios provinciales y nacionales sobre vinos y su consumo. Tambi\u00e9n es el fundador de la Diplomatic Luxury Wines, una feria de vinos de lujo.<\/p>\n\n\n\n<p>El curso est\u00e1 destinado a quienes quieran ingresar a trabajar en la comercializaci\u00f3n (interna\/externa) de vinos y no tengan conocimientos, y a todas aquellas personas que busquen conocer c\u00f3mo funciona este mercado. Incluye una gu\u00eda para degustar y aprender on line todas las virtudes y detalles que nos puede presentar una copa de vino.<\/p>\n\n\n\n<div style=\"height:20px\" aria-hidden=\"true\" class=\"wp-block-spacer\"><\/div>\n\n\n\n<p class=\"has-medium-font-size\"><strong>Temario<\/strong><\/p>\n\n\n\n<p class=\"has-background has-very-light-gray-background-color\"><strong>Vinos blancos que buscan identidad <\/strong><\/p>\n\n\n\n<ul class=\"wp-block-list\"><li>Las nuevas formas de producir vinos blancos en Argentina<\/li><li>Las demandas del consumidor<\/li><li>El crecimiento de nuevas cepas<\/li><li>La oportunidad de los rosados<\/li><\/ul>\n\n\n\n<p class=\"has-background has-very-light-gray-background-color\"><strong>El camino del malbec, el camino del vino argentino <\/strong><\/p>\n\n\n\n<ul class=\"wp-block-list\"><li>Desarrollo de la cepa insignia de la Argentina<\/li><li>Diferentes estilos y terroirs<\/li><li>Desarrollo mundial<\/li><li>Degustaci\u00f3n vertical<\/li><\/ul>\n\n\n\n<p class=\"has-background has-very-light-gray-background-color\"><strong>Nuevas cepas y la tradici\u00f3n que se adapta<\/strong><\/p>\n\n\n\n<ul class=\"wp-block-list\"><li>Cepas emergentes de la Argentina<\/li><li>Vinos cl\u00e1sicos que se vuelven modernos<\/li><li>El auge de la innovaci\u00f3n<\/li><li>Sustentabilidad, org\u00e1nicos, biodin\u00e1micos<\/li><\/ul>\n\n\n\n<p class=\"has-background has-very-light-gray-background-color\"><strong>Los blends, la luz al final del t\u00fanel <\/strong><\/p>\n\n\n\n<ul class=\"wp-block-list\"><li>Vinos emblem\u00e1ticos de la Argentina<\/li><li>La identidad argentina de sus vinos.<\/li><li>Distintas influencias, diferentes estilos<\/li><li>Lo que viene<\/li><\/ul>\n\n\n\n<p class=\"has-background has-luminous-vivid-amber-background-color\"><strong>Inscripciones: <a href=\"https:\/\/capacitamendoza.com.ar\/curso-superior-de-degustacion-de-vinos\/\">https:\/\/capacitamendoza.com.ar\/curso-superior-de-degustacion-de-vinos\/<\/a><\/strong><\/p>\n\n\n\n<p>Para m\u00e1s informaci\u00f3n comunicarse a <strong>Capacita Mendoza<\/strong>: <a href=\"http:\/\/www.capacitamendoza.com.ar\">www.capacitamendoza.com.ar<\/a>   <a href=\"mailto:info@capacitamendoza.com.ar\">info@capacitamendoza.com.ar<\/a><\/p>\n","protected":false},"excerpt":{"rendered":"<p>A trav\u00e9s de la plataforma Capacita Mendoza, se inicia el jueves 15\/10 el segundo m\u00f3dulo&hellip;<\/p>\n","protected":false},"author":3,"featured_media":21171,"comment_status":"open","ping_status":"open","sticky":false,"template":"","format":"standard","meta":{"footnotes":""},"categories":[47],"tags":[],"class_list":["post-21141","post","type-post","status-publish","format-standard","has-post-thumbnail","hentry","category-agenda"],"_links":{"self":[{"href":"https:\/\/enolife.com.ar\/es\/wp-json\/wp\/v2\/posts\/21141","targetHints":{"allow":["GET"]}}],"collection":[{"href":"https:\/\/enolife.com.ar\/es\/wp-json\/wp\/v2\/posts"}],"about":[{"href":"https:\/\/enolife.com.ar\/es\/wp-json\/wp\/v2\/types\/post"}],"author":[{"embeddable":true,"href":"https:\/\/enolife.com.ar\/es\/wp-json\/wp\/v2\/users\/3"}],"replies":[{"embeddable":true,"href":"https:\/\/enolife.com.ar\/es\/wp-json\/wp\/v2\/comments?post=21141"}],"version-history":[{"count":0,"href":"https:\/\/enolife.com.ar\/es\/wp-json\/wp\/v2\/posts\/21141\/revisions"}],"wp:featuredmedia":[{"embeddable":true,"href":"https:\/\/enolife.com.ar\/es\/wp-json\/wp\/v2\/media\/21171"}],"wp:attachment":[{"href":"https:\/\/enolife.com.ar\/es\/wp-json\/wp\/v2\/media?parent=21141"}],"wp:term":[{"taxonomy":"category","embeddable":true,"href":"https:\/\/enolife.com.ar\/es\/wp-json\/wp\/v2\/categories?post=21141"},{"taxonomy":"post_tag","embeddable":true,"href":"https:\/\/enolife.com.ar\/es\/wp-json\/wp\/v2\/tags?post=21141"}],"curies":[{"name":"wp","href":"https:\/\/api.w.org\/{rel}","templated":true}]}}