{"id":21108,"date":"2020-10-06T03:55:07","date_gmt":"2020-10-06T03:55:07","guid":{"rendered":"http:\/\/enolife.com.ar\/es\/?p=21108"},"modified":"2020-10-07T13:57:40","modified_gmt":"2020-10-07T13:57:40","slug":"la-exportacion-de-vino-fraccionado-crecio-3455-en-volumen-en-setiembre-2020-vs-2019","status":"publish","type":"post","link":"https:\/\/enolife.com.ar\/es\/la-exportacion-de-vino-fraccionado-crecio-3455-en-volumen-en-setiembre-2020-vs-2019\/","title":{"rendered":"La exportaci\u00f3n de vino fraccionado creci\u00f3 34,55% en volumen en setiembre 2020 vs 2019"},"content":{"rendered":"\n<h4 class=\"wp-block-heading\"><em><strong>El Instituto Nacional de Vitivinicultura (INV) inform\u00f3 que durante el mes de setiembre Argentina registr\u00f3 el volumen m\u00e1s alto de 2020 de exportaciones de vinos fraccionados, con m\u00e1s de 20 millones de litros y un crecimiento del 34,55% con respecto al mismo mes de 2019. Los env\u00edos de vino a granel continuaron creciendo, un 21,65% interanual.<\/strong><\/em><\/h4>\n\n\n\n<p><br>El presidente del INV, <strong>Mart\u00edn Hinojosa<\/strong>, remarc\u00f3 al respecto: \u00abEs muy significativo este crecimiento en los vinos fraccionados, porque son un producto que aporta valor agregado\u00bb. Y destac\u00f3: \u00abSi bien ven\u00edamos aumentando mes a mes, setiembre registr\u00f3 el volumen m\u00e1s alto de 2020 con m\u00e1s de 20 millones de litros y marc\u00f3 un importante crecimiento del 34,55%. Estados Unidos, Gran Breta\u00f1a, Brasil y Paraguay est\u00e1n entre nuestros principales compradores\u00bb, y agreg\u00f3 que \u00ablos vinos a granel tambi\u00e9n crecieron alcanzando un 21,65% y entre los principales destinos est\u00e1n Espa\u00f1a, China y Canad\u00e1\u00bb.<\/p>\n\n\n\n<p>Hinojosa tambi\u00e9n destac\u00f3 que durante setiembre el <strong>valor FOB<\/strong> obtenido por las exportaciones argentinas de vinos <strong>super\u00f3 los U$S 74 millones, lo que significa un crecimiento de U$S 14 millones <\/strong>con respecto al a\u00f1o anterior.<\/p>\n\n\n\n<div style=\"height:20px\" aria-hidden=\"true\" class=\"wp-block-spacer\"><\/div>\n\n\n\n<div class=\"wp-block-image\"><figure class=\"aligncenter\"><img decoding=\"async\" src=\"https:\/\/www.argentina.gob.ar\/sites\/default\/files\/exportaciones_setiembre.jpeg\" alt=\"\"\/><\/figure><\/div>\n\n\n\n<div style=\"height:20px\" aria-hidden=\"true\" class=\"wp-block-spacer\"><\/div>\n\n\n\n<p>El informe del INV tambi\u00e9n consigna que el acumulado de los nueve meses de 2020 muestra un aumento de la exportaci\u00f3n total de vinos del 40,57%, los fraccionados crecieron un 6,85% y a granel un 105,31% . El mosto concentrado creci\u00f3 el 6,46% siempre comparado con igual per\u00edodo de 2019.<\/p>\n\n\n\n<div style=\"height:20px\" aria-hidden=\"true\" class=\"wp-block-spacer\"><\/div>\n\n\n\n<div class=\"wp-block-image\"><figure class=\"aligncenter\"><img decoding=\"async\" src=\"https:\/\/www.argentina.gob.ar\/sites\/default\/files\/1exportaciones_septiembre_2020.jpg\" alt=\"\"\/><\/figure><\/div>\n\n\n\n<div style=\"height:20px\" aria-hidden=\"true\" class=\"wp-block-spacer\"><\/div>\n\n\n\n<p class=\"has-background has-luminous-vivid-amber-background-color\"><strong>M\u00e1s informaci\u00f3n en&nbsp;<a href=\"https:\/\/www.argentina.gob.ar\/noticias\/importante-aumento-de-las-exportaciones-de-vinos-fraccionados\" target=\"_blank\" rel=\"noreferrer noopener\">https:\/\/www.argentina.gob.ar\/noticias\/importante-aumento-de-las-exportaciones-de-vinos-fraccionados<\/a><\/strong><\/p>\n\n\n\n<p class=\"has-small-font-size\"><strong><em>Fuente: Instituto Nacional de Vitivinicultura<\/em><\/strong><\/p>\n","protected":false},"excerpt":{"rendered":"<p>El Instituto Nacional de Vitivinicultura (INV) inform\u00f3 que durante el mes de setiembre Argentina registr\u00f3&hellip;<\/p>\n","protected":false},"author":3,"featured_media":21136,"comment_status":"open","ping_status":"open","sticky":false,"template":"","format":"standard","meta":{"footnotes":""},"categories":[9],"tags":[],"class_list":["post-21108","post","type-post","status-publish","format-standard","has-post-thumbnail","hentry","category-negocios"],"_links":{"self":[{"href":"https:\/\/enolife.com.ar\/es\/wp-json\/wp\/v2\/posts\/21108","targetHints":{"allow":["GET"]}}],"collection":[{"href":"https:\/\/enolife.com.ar\/es\/wp-json\/wp\/v2\/posts"}],"about":[{"href":"https:\/\/enolife.com.ar\/es\/wp-json\/wp\/v2\/types\/post"}],"author":[{"embeddable":true,"href":"https:\/\/enolife.com.ar\/es\/wp-json\/wp\/v2\/users\/3"}],"replies":[{"embeddable":true,"href":"https:\/\/enolife.com.ar\/es\/wp-json\/wp\/v2\/comments?post=21108"}],"version-history":[{"count":0,"href":"https:\/\/enolife.com.ar\/es\/wp-json\/wp\/v2\/posts\/21108\/revisions"}],"wp:featuredmedia":[{"embeddable":true,"href":"https:\/\/enolife.com.ar\/es\/wp-json\/wp\/v2\/media\/21136"}],"wp:attachment":[{"href":"https:\/\/enolife.com.ar\/es\/wp-json\/wp\/v2\/media?parent=21108"}],"wp:term":[{"taxonomy":"category","embeddable":true,"href":"https:\/\/enolife.com.ar\/es\/wp-json\/wp\/v2\/categories?post=21108"},{"taxonomy":"post_tag","embeddable":true,"href":"https:\/\/enolife.com.ar\/es\/wp-json\/wp\/v2\/tags?post=21108"}],"curies":[{"name":"wp","href":"https:\/\/api.w.org\/{rel}","templated":true}]}}