{"id":20647,"date":"2020-10-01T00:25:40","date_gmt":"2020-10-01T00:25:40","guid":{"rendered":"http:\/\/enolife.com.ar\/es\/?p=20647"},"modified":"2020-10-02T02:02:22","modified_gmt":"2020-10-02T02:02:22","slug":"cuidado-del-vinedo-riego-plagas-y-sanidad-en-una-serie-de-charlas-desde-san-juan","status":"publish","type":"post","link":"https:\/\/enolife.com.ar\/es\/cuidado-del-vinedo-riego-plagas-y-sanidad-en-una-serie-de-charlas-desde-san-juan\/","title":{"rendered":"Cuidado del vi\u00f1edo, riego, plagas y sanidad, en una serie de charlas desde San Juan"},"content":{"rendered":"\n<h4 class=\"wp-block-heading\"><em><strong>Desde el pasado 24\/9 y durante todos los jueves del mes de octubre, a las 20.30 hs., el gobierno de San Juan emite por Zoom su \u00abCiclo de charlas vitivin\u00edcolas\u00bb, a cargo de t\u00e9cnicos, en\u00f3logos, bi\u00f3logos, bodegueros y productores locales. Es un espacio online destinado a mostrar las particularidades de los vi\u00f1edos y la producci\u00f3n de vino en esta provincia cuyana, segunda productora vitivin\u00edcola de Argentina<\/strong><\/em>.<\/h4>\n\n\n\n<div style=\"height:20px\" aria-hidden=\"true\" class=\"wp-block-spacer\"><\/div>\n\n\n\n\n\n<div style=\"height:56px\" aria-hidden=\"true\" class=\"wp-block-spacer\"><\/div>\n\n\n\n<p>La primera de las charlas de este ciclo, el 24\/9, trat\u00f3 sobre \u201cVinos de autor y artesanales: producci\u00f3n en tiempos de pandemia\u201d. En ella se abordaron  temas como las nuevas alternativas de comercializaci\u00f3n, la calidad de uvas seg\u00fan las regiones, t\u00e9cnicas para la elaboraci\u00f3n de vinos, y actualidad del sector. En esa oportunidad participaron representantes de cinco bodegas sanjuaninas: Finca Camu\u00f1as (valle de Tulum), Alma de Rey (valle de Calingasta), Roble Negro (valles del Zonda y Calingasta), El Violinista (valle de Tulum y  Miguel Esp\u00edn Gonz\u00e1lez (valle de Tulum).<\/p>\n\n\n\n<div style=\"height:20px\" aria-hidden=\"true\" class=\"wp-block-spacer\"><\/div>\n\n\n\n<p class=\"has-background has-luminous-vivid-amber-background-color\"><strong>Enlace para participar de las siguientes charlas: <a href=\"https:\/\/us02web.zoom.us\/j\/87223996083?pwd=ZEs1K0NNelovRzJ5eW1nMUVxTFRIQT09\">https:\/\/us02web.zoom.us\/j\/87223996083?pwd=ZEs1K0NNelovRzJ5eW1nMUVxTFRIQT09<\/a><\/strong><\/p>\n\n\n\n<div style=\"height:20px\" aria-hidden=\"true\" class=\"wp-block-spacer\"><\/div>\n\n\n\n<p class=\"has-medium-font-size\"><strong>En octubre, el tema es la vid, sus cuidados y las plagas<\/strong><\/p>\n\n\n\n<p><strong>Jueves 1\/10 :  \u201cCalidad en variedades de vid\u201d <\/strong><br>Situaci\u00f3n de los viveros de la provincia de San Juan, avances en sistemas de variedades, importancia del material biol\u00f3gico y la intervenci\u00f3n de organismos p\u00fablicos como Instituto Nacional de Semillas (INASE) e Instituto Hort\u00edcola Semillero (INSEMI) en el cuidado de la sanidad.<\/p>\n\n\n\n<p><strong>Jueves 8\/10: \u201cLobesia botrana\u201d<br><\/strong>Manejo de la plaga, nuevas metodolog\u00edas de aplicaci\u00f3n de hormonas e insecticidas y financiamiento nacional y provincial para llevar adelante este programa.<\/p>\n\n\n\n<p><strong>Jueves 15\/10: \u201cEnfermedades de la Vid\u201d <br><\/strong>Manejo sanitario para mantener la calidad y el vigor de las plantas y se pondr\u00e1 el acento en los tratamiento de peron\u00f3spora, botrits y oidium para un correcto manejo del vi\u00f1edo.<\/p>\n\n\n\n<p><strong>Jueves 22\/10: \u201cVirosis de la vid\u201d <br><\/strong>Virosis de la vid: s\u00edntomas y manejo para asegurar la sustentabilidad de la inversi\u00f3n a trav\u00e9s de la supervivencia y buen rindes de vi\u00f1edos.<\/p>\n\n\n\n<p><strong>Jueves 29\/10  \u201cRiego y energ\u00eda\u201d<br><\/strong>Un espacio pensado para debatir sobre c\u00f3mo mejorar la eficiencia energ\u00e9tica, la implementaci\u00f3n de sistemas de energ\u00eda alternativos y el uso de nuevos m\u00e9todos para lograr un mejor aprovechamiento del recurso h\u00eddrico.<\/p>\n\n\n\n<div style=\"height:20px\" aria-hidden=\"true\" class=\"wp-block-spacer\"><\/div>\n\n\n\n<p class=\"has-medium-font-size\"><strong>La primera charla completa<\/strong><\/p>\n\n\n\n<div style=\"height:20px\" aria-hidden=\"true\" class=\"wp-block-spacer\"><\/div>\n\n\n\n<figure class=\"wp-block-embed-youtube aligncenter wp-block-embed is-type-video is-provider-youtube wp-embed-aspect-16-9 wp-has-aspect-ratio\"><div class=\"wp-block-embed__wrapper\">\n<iframe loading=\"lazy\" title=\"Ciclo de Charlas virtuales de vitivinicultura\" width=\"1170\" height=\"658\" src=\"https:\/\/www.youtube.com\/embed\/UCiXbY-A0pI?feature=oembed\" frameborder=\"0\" allow=\"accelerometer; autoplay; clipboard-write; encrypted-media; gyroscope; picture-in-picture\" allowfullscreen><\/iframe>\n<\/div><\/figure>\n\n\n\n<div style=\"height:21px\" aria-hidden=\"true\" class=\"wp-block-spacer\"><\/div>\n\n\n\n<p class=\"has-small-font-size\"><strong><em>Fuente: Gobierno de San Juan<\/em><\/strong><\/p>\n\n\n\n<div style=\"height:71px\" aria-hidden=\"true\" class=\"wp-block-spacer\"><\/div>\n","protected":false},"excerpt":{"rendered":"<p>Desde el pasado 24\/9 y durante todos los jueves del mes de octubre, a las&hellip;<\/p>\n","protected":false},"author":3,"featured_media":20779,"comment_status":"open","ping_status":"open","sticky":false,"template":"","format":"standard","meta":{"footnotes":""},"categories":[47],"tags":[],"class_list":["post-20647","post","type-post","status-publish","format-standard","has-post-thumbnail","hentry","category-agenda"],"_links":{"self":[{"href":"https:\/\/enolife.com.ar\/es\/wp-json\/wp\/v2\/posts\/20647","targetHints":{"allow":["GET"]}}],"collection":[{"href":"https:\/\/enolife.com.ar\/es\/wp-json\/wp\/v2\/posts"}],"about":[{"href":"https:\/\/enolife.com.ar\/es\/wp-json\/wp\/v2\/types\/post"}],"author":[{"embeddable":true,"href":"https:\/\/enolife.com.ar\/es\/wp-json\/wp\/v2\/users\/3"}],"replies":[{"embeddable":true,"href":"https:\/\/enolife.com.ar\/es\/wp-json\/wp\/v2\/comments?post=20647"}],"version-history":[{"count":0,"href":"https:\/\/enolife.com.ar\/es\/wp-json\/wp\/v2\/posts\/20647\/revisions"}],"wp:featuredmedia":[{"embeddable":true,"href":"https:\/\/enolife.com.ar\/es\/wp-json\/wp\/v2\/media\/20779"}],"wp:attachment":[{"href":"https:\/\/enolife.com.ar\/es\/wp-json\/wp\/v2\/media?parent=20647"}],"wp:term":[{"taxonomy":"category","embeddable":true,"href":"https:\/\/enolife.com.ar\/es\/wp-json\/wp\/v2\/categories?post=20647"},{"taxonomy":"post_tag","embeddable":true,"href":"https:\/\/enolife.com.ar\/es\/wp-json\/wp\/v2\/tags?post=20647"}],"curies":[{"name":"wp","href":"https:\/\/api.w.org\/{rel}","templated":true}]}}