{"id":20572,"date":"2020-09-28T17:11:53","date_gmt":"2020-09-28T17:11:53","guid":{"rendered":"http:\/\/enolife.com.ar\/es\/?p=20572"},"modified":"2020-10-01T00:26:07","modified_gmt":"2020-10-01T00:26:07","slug":"la-feria-prowein-san-pablo-se-pospone-para-octubre-de-2021","status":"publish","type":"post","link":"https:\/\/enolife.com.ar\/es\/la-feria-prowein-san-pablo-se-pospone-para-octubre-de-2021\/","title":{"rendered":"La feria ProWein de San Pablo se pospone hasta octubre de 2021"},"content":{"rendered":"\n<h4 class=\"wp-block-heading\"><em><strong>Las fechas de la feria ProWein -en su edici\u00f3n 2020 en San Pablo, Brasil- y de otros eventos mundiales organizados por Messe&nbsp;D\u00fcsseldorf, tuvieron que ser reprogramadas debido a la pandemia que, inesperadamente, se sostuvo en el tiempo. Ya antes se hab\u00eda trasladado la fecha de ProWein D\u00fcssldorf 2020, prevista para marzo, al mismo mes del 2021. Sobre la feria de Shanghai, se sabe que, hasta ahora, se realizar\u00e1 seg\u00fan lo previsto en el mes de noviembre pr\u00f3ximoo.<\/strong><\/em><\/h4>\n\n\n\n<div style=\"height:20px\" aria-hidden=\"true\" class=\"wp-block-spacer\"><\/div>\n\n\n\n\n\n<div style=\"height:55px\" aria-hidden=\"true\" class=\"wp-block-spacer\"><\/div>\n\n\n\n<p class=\"has-medium-font-size\"><strong>ProWine San Pablo: se pospone a 2021<\/strong><\/p>\n\n\n\n<p>La feria&nbsp;a realizarse en la ciudad de San Pablo, Brasil, prevista originalmente del 20 al 22 de octubre de 2020, fue&nbsp;aplazada hasta el a\u00f1o que viene.<br>Los organizadores explicaron que, \u00abaunque es cierto que, a partir de mediados de octubre se permitir\u00e1 de nuevo celebrar eventos de gran envergadura en San Pablo, las regulaciones poco claras por parte del gobierno representaban un factor de inseguridad demasiado grande a la hora de planificar ProWine San Pablo de manera fiable&#8230; Por esta raz\u00f3n, Messe D\u00fcsseldorf ha decidido, junto con los dos socios de cooperaci\u00f3n Emme Brasil e Inner Group, trasladar el evento por motivos de seguridad al mes de octubre de 2021\u00bb.<\/p>\n\n\n\n<div style=\"height:20px\" aria-hidden=\"true\" class=\"wp-block-spacer\"><\/div>\n\n\n\n<p class=\"has-medium-font-size\"><strong>ProWein en D\u00fcsseldorf: marzo de 2021<\/strong><\/p>\n\n\n\n<p>La pr\u00f3xima edici\u00f3n de D\u00fcsseldorf se celebrar\u00e1 en&nbsp;marzo de 2021, tras la&nbsp;cancelaci\u00f3n de esta edici\u00f3n de 2020 prevista para el mes de marzo pasado, dado que la pandemia estaba en uno de sus momentos \u00e1lgidos en Europa. Desde&nbsp;Messe D\u00fcsseldorf comunican que \u00aben la actualidad se est\u00e1 elaborando un concepto de higiene integral adaptado a ProWein y sus requisitos espec\u00edficos\u00bb. De hecho, a\u00f1aden que \u00abla planificaci\u00f3n de ProWein 2021 avanza a buen ritmo\u00bb y que ir\u00e1n informando de todos los avances.<\/p>\n\n\n\n<div style=\"height:20px\" aria-hidden=\"true\" class=\"wp-block-spacer\"><\/div>\n\n\n\n<p class=\"has-medium-font-size\"><strong>ProWine en Shanghai: noviembre de 2020<\/strong><\/p>\n\n\n\n<p>La situaci\u00f3n en China se presenta distinta: all\u00ed, la feria en Shanghai&nbsp;podr\u00e1 tener lugar, seg\u00fan lo previsto,&nbsp;del 10 al 12 de noviembre de 2020.<br>Para la organizaci\u00f3n, \u00aba diferencia de lo que ocurre en Brasil, en la ubicaci\u00f3n de Shanghai existen claras especificaciones y reglas para la celebraci\u00f3n de eventos. Ya se han inscripto varios organizadores importantes de pabellones internacionales, entre ellos el Ministerio Federal de Alimentaci\u00f3n y Agricultura de Alemania (BMEL), en cooperaci\u00f3n con el Instituto Alem\u00e1n del Vino (DWI), Viniportugal, Advantage Austria (C\u00e1mara Econ\u00f3mica Federal Austr\u00edaca), la Asociaci\u00f3n de fabricantes de <em>sake<\/em> y <em>shochu<\/em> del Jap\u00f3n y el Grupo GCF (Grands Chais de France)\u00bb.<br>A\u00f1aden los organizadores que, \u00abaparte de ellos,&nbsp;en ProWine en Shanghai estar\u00e1n representados numerosos expositores de China. Entre otros, Cofco-Great Wall y UP-Chinese Wine, que han ampliado su superficie de exposici\u00f3n. Por primera vez, tambi\u00e9n se esperan a algunas zonas vin\u00edcolas chinas con una presentaci\u00f3n propia\u00bb.<\/p>\n\n\n\n<div style=\"height:20px\" aria-hidden=\"true\" class=\"wp-block-spacer\"><\/div>\n\n\n\n<p>Otras citas en la agenda de las ferias del mundo de ProWein para 2021 tambi\u00e9n se fijan para la zona de Asia. Los eventos previstos son&nbsp;en Singapur del 2 al 5 de&nbsp;marzo de 2021, y Hong Kong&nbsp;del 12 al 14 de&nbsp;mayo de 2021.<\/p>\n\n\n\n<div style=\"height:20px\" aria-hidden=\"true\" class=\"wp-block-spacer\"><\/div>\n\n\n\n<p class=\"has-small-font-size\"><em><strong>Fuente: Tecnovino<\/strong><\/em><\/p>\n","protected":false},"excerpt":{"rendered":"<p>Las fechas de la feria ProWein -en su edici\u00f3n 2020 en San Pablo, Brasil- y&hellip;<\/p>\n","protected":false},"author":3,"featured_media":20586,"comment_status":"open","ping_status":"open","sticky":false,"template":"","format":"standard","meta":{"footnotes":""},"categories":[10],"tags":[],"class_list":["post-20572","post","type-post","status-publish","format-standard","has-post-thumbnail","hentry","category-ferias"],"_links":{"self":[{"href":"https:\/\/enolife.com.ar\/es\/wp-json\/wp\/v2\/posts\/20572","targetHints":{"allow":["GET"]}}],"collection":[{"href":"https:\/\/enolife.com.ar\/es\/wp-json\/wp\/v2\/posts"}],"about":[{"href":"https:\/\/enolife.com.ar\/es\/wp-json\/wp\/v2\/types\/post"}],"author":[{"embeddable":true,"href":"https:\/\/enolife.com.ar\/es\/wp-json\/wp\/v2\/users\/3"}],"replies":[{"embeddable":true,"href":"https:\/\/enolife.com.ar\/es\/wp-json\/wp\/v2\/comments?post=20572"}],"version-history":[{"count":0,"href":"https:\/\/enolife.com.ar\/es\/wp-json\/wp\/v2\/posts\/20572\/revisions"}],"wp:featuredmedia":[{"embeddable":true,"href":"https:\/\/enolife.com.ar\/es\/wp-json\/wp\/v2\/media\/20586"}],"wp:attachment":[{"href":"https:\/\/enolife.com.ar\/es\/wp-json\/wp\/v2\/media?parent=20572"}],"wp:term":[{"taxonomy":"category","embeddable":true,"href":"https:\/\/enolife.com.ar\/es\/wp-json\/wp\/v2\/categories?post=20572"},{"taxonomy":"post_tag","embeddable":true,"href":"https:\/\/enolife.com.ar\/es\/wp-json\/wp\/v2\/tags?post=20572"}],"curies":[{"name":"wp","href":"https:\/\/api.w.org\/{rel}","templated":true}]}}