{"id":2036,"date":"2019-08-02T02:24:28","date_gmt":"2019-08-02T02:24:28","guid":{"rendered":"http:\/\/enolife.com.ar\/es\/?p=2036"},"modified":"2019-08-06T01:45:13","modified_gmt":"2019-08-06T01:45:13","slug":"cooperativas-vitivinicolas-de-argentina-y-brasil-se-integran-para-generar-empleo-y-exportar-a-la-ue","status":"publish","type":"post","link":"https:\/\/enolife.com.ar\/es\/cooperativas-vitivinicolas-de-argentina-y-brasil-se-integran-para-generar-empleo-y-exportar-a-la-ue\/","title":{"rendered":"Cooperativas vitivin\u00edcolas de Argentina y Brasil se integran para generar empleo y exportar a la UE"},"content":{"rendered":"\n<h4 class=\"wp-block-heading\"><em><strong>Los d\u00edas 30 y 31 de julio de 2019, Mendoza fue sede del Encuentro de Confederaciones Cooperativas Agroindustriales brasile\u00f1as y argentinas.<\/strong><\/em><\/h4>\n\n\n\n<hr class=\"wp-block-separator\"\/>\n\n\n\n<h4 class=\"wp-block-heading\"><em><strong>En la reuni\u00f3n, convocada por el Instituto Nacional de Asociativismo y Econom\u00eda Social (Inaes), la Confederaci\u00f3n Intercooperativa Agropecuaria Limitada (Coninagro) y la Asociaci\u00f3n de Cooperativas Vitivin\u00edcolas Argentinas (Acovi), se coordin\u00f3 una agenda conjunta para impulsar el empleo agroindustrial en cada pa\u00eds y aprovechar al m\u00e1ximo la ventana exportadora que se abre con el acuerdo Mercosur-Uni\u00f3n Europea (UE).<\/strong><\/em><\/h4>\n\n\n\n<hr class=\"wp-block-separator\"\/>\n\n\n\n<p>El\ncooperativismo en general y la integraci\u00f3n de las cooperativas vitivin\u00edcolas en\nparticular fueron los focos del encuentro, que trajo a Mendoza a los m\u00e1s altos\nfuncionarios de esas \u00e1reas en Brasil y Argentina. Cabe destacar que se trat\u00f3 de\nla primera misi\u00f3n brasile\u00f1a al exterior dedicada a aunar esfuerzos del sector\nagroindustrial en la regi\u00f3n, tras la firma del Tratado de Libre Comercio (TLC)\nentre el Mercosur y la UE. <\/p>\n\n\n\n<p>En el rubro vitivin\u00edcola, el encuentro reviste gran importancia ya que entre s\u00f3lo dos de las varias cooperativas participantes -Fecovita de Mendoza, Argentina y Fecovinho, de R\u00edo Grande Del Sur, Brasil- agrupan a 10.000 productores y generan empleos para m\u00e1s de 1.000.000 de personas.<\/p>\n\n\n\n<p>El\n\u00e9xito de la convocatoria y el inter\u00e9s manifestado por protagonistas del sector\ndemuestra que las cooperativas agroindustriales de ambos pa\u00edses ya enfrentan\ncon fortaleza el desaf\u00edo de proveer alimentos a los casi 1.000 millones de\nconsumidores de la Uni\u00f3n Europea.<\/p>\n\n\n\n<p>As\u00ed lo destacaron los principales referentes del sector. <\/p>\n\n\n\n<p>El mendocino <strong>Carlos Ianizzotto<\/strong>, presidente de Coninagro y uno de los principales impulsores del encuentro, destac\u00f3: \u201cEste es el punto de partida: Argentina y Brasil tienen indudables ventajas en la producci\u00f3n y la agroindustria, no s\u00f3lo para sus respectivos mercados sino para abastecer al mundo. Hoy hay extraordinarias posibilidades para hacerlo, pero tambi\u00e9n hay que resolver problemas en forma conjunta&#8230; Y el esp\u00edritu de este trabajo es ver c\u00f3mo unirnos, igual que hacen los grandes productores, que se unen, se fusionan\u2026 Y esto es un gran ejemplo para nosotros los peque\u00f1os y medianos productores, que tenemos que asociarnos para adquirir escala y fortaleza. Est\u00e1 demostrado que las cadenas productivas globales incluyen a peque\u00f1os y medianos productores.\u201d <\/p>\n\n\n\n<p>A su turno, <strong>Eduardo Sancho<\/strong>, presidente de Fecovita y de Acovi -durante la recorrida que la delegaci\u00f3n brasile\u00f1a hizo por la planta de fraccionamiento y centro de distribuci\u00f3n para la marca Toro en San Mart\u00edn-, se\u00f1al\u00f3 que \u201cla misi\u00f3n de Fecovita es darle sustentabilidad a los miles de productores que forman parte de la entidad, que hoy est\u00e1 llevando a cabo un desafiante plan de competitividad para generar mayor creaci\u00f3n de valor en nuestra cadena cooperativa. Este importante encuentro con nuestros pares de Brasil fortalece la solidez del sistema cooperativo a nivel internacional\u00bb.<\/p>\n\n\n\n<div style=\"height:20px\" aria-hidden=\"true\" class=\"wp-block-spacer\"><\/div>\n\n\n\n<div class=\"wp-block-image\"><figure class=\"aligncenter is-resized\"><img loading=\"lazy\" decoding=\"async\" src=\"https:\/\/enolife.com.ar\/es\/wp-content\/uploads\/2019\/08\/planta-sancho-1024x683.jpg\" alt=\"\" class=\"wp-image-2064\" width=\"471\" height=\"313\" srcset=\"https:\/\/enolife.com.ar\/es\/wp-content\/uploads\/2019\/08\/planta-sancho-1024x683.jpg 1024w, https:\/\/enolife.com.ar\/es\/wp-content\/uploads\/2019\/08\/planta-sancho-300x200.jpg 300w, https:\/\/enolife.com.ar\/es\/wp-content\/uploads\/2019\/08\/planta-sancho-1170x781.jpg 1170w, https:\/\/enolife.com.ar\/es\/wp-content\/uploads\/2019\/08\/planta-sancho-780x516.jpg 780w, https:\/\/enolife.com.ar\/es\/wp-content\/uploads\/2019\/08\/planta-sancho-585x390.jpg 585w, https:\/\/enolife.com.ar\/es\/wp-content\/uploads\/2019\/08\/planta-sancho.jpg 1500w\" sizes=\"auto, (max-width: 471px) 100vw, 471px\" \/><figcaption>  <em>Planta de fraccionamiento y centro de distribuci\u00f3n para la marca Toro en San Mart\u00edn<\/em><\/figcaption><\/figure><\/div>\n\n\n\n<div style=\"height:20px\" aria-hidden=\"true\" class=\"wp-block-spacer\"><\/div>\n\n\n\n<p>Por su parte, <strong>Santiago Hardie<\/strong>, secretario de Coordinaci\u00f3n y Desarrollo Territorial del Ministerio de Agroindustria de Argentina, puso de relieve que \u201ces muy importante que las cooperativas de ambos pa\u00edses se integren y compartan experiencias. El modelo implementado por Fecovita, al igual que el brasile\u00f1o, fomenta el desarrollo local con mirada hacia el mundo. Estos encuentros regionales potencian la exportaci\u00f3n a nivel mundial, del Mercosur a la Uni\u00f3n Europea\u00bb.<\/p>\n\n\n\n<p>Durante la visita a la planta de San Mart\u00edn, el presidente del Inaes, <strong>Marcelo Collomb<\/strong>, destac\u00f3: \u201cEn este encuentro con las cooperativas de Brasil tenemos la oportunidad de intercambiar experiencias y pensar en un trabajo de comercializaci\u00f3n conjunta entre las entidades de ambos pa\u00edses; debemos pensar en trabajar juntos en la apertura hacia al mundo que se va a dar a partir del convenio firmado entre la Uni\u00f3n Europea y el Mercosur, porque necesariamente este proceso nos requerir\u00e1 fortalecer la integraci\u00f3n regional\u201d.<\/p>\n\n\n\n<div style=\"height:35px\" aria-hidden=\"true\" class=\"wp-block-spacer\"><\/div>\n\n\n\n<p class=\"has-background has-medium-font-size has-cyan-bluish-gray-background-color\"><strong>Una cumbre de referentes del sector<\/strong><\/p>\n\n\n\n<p class=\"has-background has-cyan-bluish-gray-background-color\">Del encuentro de Confederaciones Cooperativas Agroindustriales brasile\u00f1as y argentinas realizado en Mendoza participaron los principales referentes de la industria vitivin\u00edcola y del cooperativismo binacional, tales como Carlos Ianizzotto (presidente de Coninagro), Eduardo Sancho (presidente de Fecovita y de Acovi), Marcelo Collomb (titular del Inaes), Santiago Hardie (secretario de Coordinaci\u00f3n y Desarrollo Territorial del Ministerio de Agroindustria de Argentina) Fernando Schwanke (titular de Agricultura Familiar y Cooperativismo del Ministerio de Agricultura de Brasil), Helio Luis Marchioro (director de Fecovinho, la Federaci\u00f3n de Cooperativas Vitivin\u00edcolas de R\u00edo Grande del Sur) y M\u00e1rcio de Andrade Madalena (director de la Secretar\u00eda de Agricultura Familiar y Cooperativismo y Acceso al Mercado del Ministerio de Agricultura, Ganader\u00eda y Abastecimiento de Brasil).<\/p>\n\n\n\n<div style=\"height:20px\" aria-hidden=\"true\" class=\"wp-block-spacer\"><\/div>\n\n\n\n<div class=\"wp-block-image\"><figure class=\"aligncenter is-resized\"><img loading=\"lazy\" decoding=\"async\" src=\"https:\/\/enolife.com.ar\/es\/wp-content\/uploads\/2019\/08\/7466eb33-942f-42bb-b7d6-c0dbea424ce5-1024x768.jpg\" alt=\"\" class=\"wp-image-2046\" width=\"499\" height=\"375\" srcset=\"https:\/\/enolife.com.ar\/es\/wp-content\/uploads\/2019\/08\/7466eb33-942f-42bb-b7d6-c0dbea424ce5-1024x768.jpg 1024w, https:\/\/enolife.com.ar\/es\/wp-content\/uploads\/2019\/08\/7466eb33-942f-42bb-b7d6-c0dbea424ce5-300x225.jpg 300w, https:\/\/enolife.com.ar\/es\/wp-content\/uploads\/2019\/08\/7466eb33-942f-42bb-b7d6-c0dbea424ce5-768x576.jpg 768w, https:\/\/enolife.com.ar\/es\/wp-content\/uploads\/2019\/08\/7466eb33-942f-42bb-b7d6-c0dbea424ce5-585x439.jpg 585w, https:\/\/enolife.com.ar\/es\/wp-content\/uploads\/2019\/08\/7466eb33-942f-42bb-b7d6-c0dbea424ce5.jpg 1158w\" sizes=\"auto, (max-width: 499px) 100vw, 499px\" \/><figcaption><em>Las actividades del encuentro se iniciaron el 30 de julio en el hotel NH de Mendoza con la presentaci\u00f3n en p\u00fablico de las autoridades brasile\u00f1as y argentinas<\/em>.<\/figcaption><\/figure><\/div>\n\n\n\n<div style=\"height:20px\" aria-hidden=\"true\" class=\"wp-block-spacer\"><\/div>\n\n\n\n<ul class=\"wp-block-gallery columns-2 is-cropped wp-block-gallery-1 is-layout-flex wp-block-gallery-is-layout-flex\"><li class=\"blocks-gallery-item\"><figure><img loading=\"lazy\" decoding=\"async\" width=\"820\" height=\"1024\" src=\"https:\/\/enolife.com.ar\/es\/wp-content\/uploads\/2019\/08\/20190730_193630-1-820x1024.jpg\" alt=\"\" data-id=\"2048\" data-link=\"https:\/\/enolife.com.ar\/es\/?attachment_id=2048\" class=\"wp-image-2048\" srcset=\"https:\/\/enolife.com.ar\/es\/wp-content\/uploads\/2019\/08\/20190730_193630-1-820x1024.jpg 820w, https:\/\/enolife.com.ar\/es\/wp-content\/uploads\/2019\/08\/20190730_193630-1-240x300.jpg 240w, https:\/\/enolife.com.ar\/es\/wp-content\/uploads\/2019\/08\/20190730_193630-1-768x959.jpg 768w, https:\/\/enolife.com.ar\/es\/wp-content\/uploads\/2019\/08\/20190730_193630-1-1170x1461.jpg 1170w, https:\/\/enolife.com.ar\/es\/wp-content\/uploads\/2019\/08\/20190730_193630-1-585x731.jpg 585w\" sizes=\"auto, (max-width: 820px) 100vw, 820px\" \/><figcaption><em> Fernando Schwanke (titular de Agricultura Familiar y Cooperativismo del Ministerio de Agricultura de Brasil) <\/em><\/figcaption><\/figure><\/li><li class=\"blocks-gallery-item\"><figure><img loading=\"lazy\" decoding=\"async\" width=\"1024\" height=\"857\" src=\"https:\/\/enolife.com.ar\/es\/wp-content\/uploads\/2019\/08\/20190730_190811-1024x857.jpg\" alt=\"\" data-id=\"2062\" data-link=\"https:\/\/enolife.com.ar\/es\/?attachment_id=2062\" class=\"wp-image-2062\" srcset=\"https:\/\/enolife.com.ar\/es\/wp-content\/uploads\/2019\/08\/20190730_190811-1024x857.jpg 1024w, https:\/\/enolife.com.ar\/es\/wp-content\/uploads\/2019\/08\/20190730_190811-300x251.jpg 300w, https:\/\/enolife.com.ar\/es\/wp-content\/uploads\/2019\/08\/20190730_190811-768x643.jpg 768w, https:\/\/enolife.com.ar\/es\/wp-content\/uploads\/2019\/08\/20190730_190811-1170x979.jpg 1170w, https:\/\/enolife.com.ar\/es\/wp-content\/uploads\/2019\/08\/20190730_190811-585x490.jpg 585w\" sizes=\"auto, (max-width: 1024px) 100vw, 1024px\" \/><figcaption><em>Carlos Iannizzotto durante la presentaci\u00f3n de las autoridades presentes en el evento del hotel NH mendoza<\/em><\/figcaption><\/figure><\/li><\/ul>\n\n\n\n<div style=\"height:50px\" aria-hidden=\"true\" class=\"wp-block-spacer\"><\/div>\n\n\n\n<p class=\"has-medium-font-size\"><strong>Fecovinho,\nun motor de la industria del vino en el Sur de Brasil<\/strong><\/p>\n\n\n\n<div style=\"height:20px\" aria-hidden=\"true\" class=\"wp-block-spacer\"><\/div>\n\n\n\n<div class=\"wp-block-image\"><figure class=\"alignleft is-resized\"><img loading=\"lazy\" decoding=\"async\" src=\"https:\/\/enolife.com.ar\/es\/wp-content\/uploads\/2019\/08\/20190730_200115-822x1024.jpg\" alt=\"\" class=\"wp-image-2063\" width=\"225\" height=\"279\" srcset=\"https:\/\/enolife.com.ar\/es\/wp-content\/uploads\/2019\/08\/20190730_200115-822x1024.jpg 822w, https:\/\/enolife.com.ar\/es\/wp-content\/uploads\/2019\/08\/20190730_200115-241x300.jpg 241w, https:\/\/enolife.com.ar\/es\/wp-content\/uploads\/2019\/08\/20190730_200115-768x957.jpg 768w, https:\/\/enolife.com.ar\/es\/wp-content\/uploads\/2019\/08\/20190730_200115-1170x1457.jpg 1170w, https:\/\/enolife.com.ar\/es\/wp-content\/uploads\/2019\/08\/20190730_200115-585x729.jpg 585w\" sizes=\"auto, (max-width: 225px) 100vw, 225px\" \/><figcaption><em> Helio Luis Marchioro, titular de la cooperativa Fecovinho <\/em><\/figcaption><\/figure><\/div>\n\n\n\n<p><strong>Helio Luis Marchioro<\/strong>, titular de la cooperativa Fecovinho, explic\u00f3 que la entidad que lidera nuclea a 6 cooperativas de primer grado, para dar lugar as\u00ed a una cooperativa de segundo grado (una federaci\u00f3n de cooperativas) con 4.100 productores. Esta asociaci\u00f3n representa el 25% de todos los productores agr\u00edcolas de R\u00edo Grande del Sur, la regi\u00f3n brasile\u00f1a donde se concentra la producci\u00f3n vitivin\u00edcola nacional. Tambi\u00e9n destac\u00f3 Marchioro que su Federaci\u00f3n.<\/p>\n\n\n\n<p>Seg\u00fan relat\u00f3 el\nreferente cooperativista, Fecovinho ayuda a sus asociados brind\u00e1ndoles \u201ccontactos\ninstitucionales, organizaci\u00f3n, capacitaciones, captaci\u00f3n de recursos,\nfinanciaci\u00f3n externa y dise\u00f1o de pol\u00edticas\u201d. A la vez, inform\u00f3, \u201cconformamos el\nfrente vitivin\u00edcola en el Parlamento nacional, donde expresamos las inquietudes\ny reclamos del cooperativismo <em>ga\u00facho<\/em>\u201d.<\/p>\n\n\n\n<p>Sobre la\nconveniencia de trabajar junto a las cooperativas argentinas, Marchioro\nconsider\u00f3: \u201cCreemos que con el acuerdo Mercosur-UE &nbsp;tenemos un nuevo mercado con casi mil millones\nde habitantes, creemos que el cooperativismo del sector agropecuario del Mercosur\ntiene un potencial y una capacidad muy grande para acceder a este mercado\u2026 Algunas\ncadenas productivas, como por ejemplo la leche y la vitivinicultura, son un\npoco m\u00e1s sensibles al acuerdo, porque, como todos sabemos, en estas \u00e1reas en la\nUni\u00f3n Europea tienen muchos subsidios. Pero para enfrentar ese desaf\u00edo tenemos\nque unirnos para tornarnos competitivos, con productos diferenciados, y cada vez\nm\u00e1s unir al bloque Mercosur, para acceder a ese mercado con calidad y volumen\nde producci\u00f3n\u201d.<\/p>\n\n\n\n<div style=\"height:33px\" aria-hidden=\"true\" class=\"wp-block-spacer\"><\/div>\n\n\n\n<p class=\"has-medium-font-size\"><strong>La\nagricultura familiar, primer eslab\u00f3n de la cadena productiva<\/strong><strong><\/strong><\/p>\n\n\n\n<div class=\"wp-block-image\"><figure class=\"alignright is-resized\"><img loading=\"lazy\" decoding=\"async\" src=\"https:\/\/enolife.com.ar\/es\/wp-content\/uploads\/2019\/08\/20190730_200310-799x1024.jpg\" alt=\"\" class=\"wp-image-2051\" width=\"219\" height=\"281\" srcset=\"https:\/\/enolife.com.ar\/es\/wp-content\/uploads\/2019\/08\/20190730_200310-799x1024.jpg 799w, https:\/\/enolife.com.ar\/es\/wp-content\/uploads\/2019\/08\/20190730_200310-234x300.jpg 234w, https:\/\/enolife.com.ar\/es\/wp-content\/uploads\/2019\/08\/20190730_200310-768x984.jpg 768w, https:\/\/enolife.com.ar\/es\/wp-content\/uploads\/2019\/08\/20190730_200310-1170x1499.jpg 1170w, https:\/\/enolife.com.ar\/es\/wp-content\/uploads\/2019\/08\/20190730_200310-585x749.jpg 585w\" sizes=\"auto, (max-width: 219px) 100vw, 219px\" \/><figcaption><em>M\u00e1rcio de Andrade Madalena, director del Departamento de Cooperativismo y Acceso a Mercados de la Secretar\u00eda de Agricultura Familiar de Brasil.<\/em><\/figcaption><\/figure><\/div>\n\n\n\n<p>La comitiva brasile\u00f1a que lleg\u00f3 a Mendoza para estrechar relaciones con el sistema cooperativo local puso especial foco en lo que consideran el inicio de la cadena de valor productivo: la agricultura familiar. Tanto es as\u00ed que, junto al ministro del \u00e1rea, Fernando Schwanke, tuvo un papel protag\u00f3nico el joven <strong>M\u00e1rcio de Andrade Madalena<\/strong>, director del Departamento de Cooperativismo y Acceso a Mercados de la Secretar\u00eda de Agricultura Familiar de Brasil.<\/p>\n\n\n\n<p>De Andrade Madalena nos dio una primicia: los cuatro pa\u00edses\ndel Mercosur, Brasil, Uruguay, Paraguay y Argentina, est\u00e1n preparando una\nmisi\u00f3n conjunta a Israel para mostrar nuestras riquezas y posibilidades. Esa\navanzada, agreg\u00f3, ser\u00e1 la primera de una serie de misiones oficiales del bloque\na pa\u00edses y regiones considerados como potenciales clientes comerciales.<\/p>\n\n\n\n<p>En cuanto a por qu\u00e9 el gobierno de Brasil eligi\u00f3 a nuestra\nprovincia para enviar su primera misi\u00f3n de integraci\u00f3n cooperativista, De\nAndrade Madalena dijo que ellos ven a Mendoza como \u201cuna referencia mundial del\nsector vitivin\u00edcola\u201d. \u201cTrabajamos con Mendoza por esa convicci\u00f3n; invitamos a\ntodas las cooperativas del sur de Brasil, hicimos contacto con Coninagro para\nestar hoy aqu\u00ed discutiendo a fondo sobre el sector vitivin\u00edcola y el\ncooperativismo\u201d, agreg\u00f3.\n\nNo pudimos eludir la pregunta: \u00bfQu\u00e9 vino le gusta m\u00e1s\nde Mendoza? Diplom\u00e1tico, De Andrade Madalena eludi\u00f3 dar marcas y exclam\u00f3: \u201c\u00a1el\nmalbec!\u201d. \u201cEs el mejor del mundo\u2026 A m\u00ed me gusta mucho el tanat, porque nosotros\ny Uruguay tenemos muy buen tanat, pero el malbec de ac\u00e1 es insuperable\u201d,\nreiter\u00f3. \n\n\n\n<\/p>\n","protected":false},"excerpt":{"rendered":"<p>Los d\u00edas 30 y 31 de julio de 2019, Mendoza fue sede del Encuentro de&hellip;<\/p>\n","protected":false},"author":5,"featured_media":2044,"comment_status":"open","ping_status":"open","sticky":false,"template":"","format":"standard","meta":{"footnotes":""},"categories":[14],"tags":[],"class_list":["post-2036","post","type-post","status-publish","format-standard","has-post-thumbnail","hentry","category-news"],"_links":{"self":[{"href":"https:\/\/enolife.com.ar\/es\/wp-json\/wp\/v2\/posts\/2036","targetHints":{"allow":["GET"]}}],"collection":[{"href":"https:\/\/enolife.com.ar\/es\/wp-json\/wp\/v2\/posts"}],"about":[{"href":"https:\/\/enolife.com.ar\/es\/wp-json\/wp\/v2\/types\/post"}],"author":[{"embeddable":true,"href":"https:\/\/enolife.com.ar\/es\/wp-json\/wp\/v2\/users\/5"}],"replies":[{"embeddable":true,"href":"https:\/\/enolife.com.ar\/es\/wp-json\/wp\/v2\/comments?post=2036"}],"version-history":[{"count":0,"href":"https:\/\/enolife.com.ar\/es\/wp-json\/wp\/v2\/posts\/2036\/revisions"}],"wp:featuredmedia":[{"embeddable":true,"href":"https:\/\/enolife.com.ar\/es\/wp-json\/wp\/v2\/media\/2044"}],"wp:attachment":[{"href":"https:\/\/enolife.com.ar\/es\/wp-json\/wp\/v2\/media?parent=2036"}],"wp:term":[{"taxonomy":"category","embeddable":true,"href":"https:\/\/enolife.com.ar\/es\/wp-json\/wp\/v2\/categories?post=2036"},{"taxonomy":"post_tag","embeddable":true,"href":"https:\/\/enolife.com.ar\/es\/wp-json\/wp\/v2\/tags?post=2036"}],"curies":[{"name":"wp","href":"https:\/\/api.w.org\/{rel}","templated":true}]}}