{"id":20307,"date":"2020-09-28T03:25:59","date_gmt":"2020-09-28T03:25:59","guid":{"rendered":"http:\/\/enolife.com.ar\/es\/?p=20307"},"modified":"2020-10-01T18:19:40","modified_gmt":"2020-10-01T18:19:40","slug":"promendoza-invita-a-una-ronda-de-negocios-entre-empresas-de-los-13-paises-de-la-aladi","status":"publish","type":"post","link":"https:\/\/enolife.com.ar\/es\/promendoza-invita-a-una-ronda-de-negocios-entre-empresas-de-los-13-paises-de-la-aladi\/","title":{"rendered":"ProMendoza invita a una ronda de negocios entre empresas de los 13 pa\u00edses de la Aladi"},"content":{"rendered":"\n<h4 class=\"wp-block-heading\"><em><strong>Del 26 al 30 de octubre se llevar\u00e1 a cabo la Expo Aladi 2020 en formato virtual. La principal actividad a desarrollar es lo que los organizadores denominan una \u00abmacrorrueda\u00bb de negocios entre empresas de los 13 pa\u00edses miembros de la Asociaci\u00f3n Latinoamericana de Integraci\u00f3n (Aladi) -Argentina, Bolivia, Brasil, Chile, Colombia, Cuba, Ecuador, M\u00e9xico, Panam\u00e1, Paraguay, Per\u00fa, Uruguay y Venezuela- adem\u00e1s de otros pa\u00edses compradores invitados de Am\u00e9rica Central y el Caribe, orientada a potenciar y diversificar el comercio intrarregional.&nbsp;Las inscripciones son gratuitas a trav\u00e9s de ProMendoza y hay tiempo hasta el 20\/10.<\/strong><\/em><\/h4>\n\n\n\n<div style=\"height:20px\" aria-hidden=\"true\" class=\"wp-block-spacer\"><\/div>\n\n\n\n\n\n<div style=\"height:42px\" aria-hidden=\"true\" class=\"wp-block-spacer\"><\/div>\n\n\n\n<div class=\"wp-block-image\"><figure class=\"alignleft is-resized\"><img loading=\"lazy\" decoding=\"async\" src=\"https:\/\/pbs.twimg.com\/media\/EidcRidXYAUyuOk?format=jpg&amp;name=medium\" alt=\"Imagen\" width=\"385\" height=\"385\"\/><\/figure><\/div>\n\n\n\n<p>La Aladi es el bloque de integraci\u00f3n regional m\u00e1s antiguo de la regi\u00f3n latinoamericana, fundado en 1980. Seg\u00fan los objetivos declarados en su p\u00e1gina web aladi.org, \u00abpropicia la creaci\u00f3n de un \u00e1rea de preferencias econ\u00f3micas en la regi\u00f3n, con el objetivo final de lograr un mercado com\u00fan latinoamericano mediante diversos mecanismos asociados, tales como una preferencia arancelaria regional y acuerdos de alcance regional comunes a la totalidad de los pa\u00edses miembros.<\/p>\n\n\n\n<p>Junto con la Aladi, organizadora el encuentro el Ministerio de Producci\u00f3n, Comercio Exterior, Inversiones y Pesca del Ecuador a trav\u00e9s de Pro Ecuador, que es la entidad administrativa encargada en ese pa\u00eds de formular y ejecutar pol\u00edticas p\u00fablicas para la especializaci\u00f3n industrial, regular los actos relacionados a las relaciones comerciales internacionales que el pa\u00eds establece.<\/p>\n\n\n\n<p>Expo Aladi es el encuentro latinoamericano orientado a incrementar y fortalecer el comercio entre los 13 pa\u00edses miembros, para potenciar las oportunidades de las empresas y aumentar su participaci\u00f3n en el mercado regional, en particular las pymes. Tambi\u00e9n tiene por objetivo favorecer la difusi\u00f3n de la oferta exportable y el mejor aprovechamiento de las oportunidades comerciales, generando m\u00e1s comercio, m\u00e1s conocimiento y m\u00e1s integraci\u00f3n regional.<\/p>\n\n\n\n<div style=\"height:20px\" aria-hidden=\"true\" class=\"wp-block-spacer\"><\/div>\n\n\n\n<p class=\"has-medium-font-size\"><strong>Los sectores participantes<\/strong><\/p>\n\n\n\n<p>1. Alimentos y bebidas procesados<br>2. Envases y empaques<br>3. Maderas, metal y sus manufacturas, y acabados de construcci\u00f3n<br>4. Materiales el\u00e9ctricos, y maquinarias y equipos agr\u00edcolas y de transporte de mercanc\u00edas<br>5. Pl\u00e1stico, caucho y sus manufacturas<br>6. Productos farmac\u00e9uticos, qu\u00edmicos, equipos y aparatos m\u00e9dicos<br>7. Servicios vinculados a las TIC y Relacionados con el medio ambiente<br>8. Textiles, confecciones y calzado y manufacturas de cuero<\/p>\n\n\n\n<p>Se incluyen productos que combaten al coronavirus, seg\u00fan el listado elaborado conjuntamente entre la Organizaci\u00f3n Mundial de la Salud (OMS) y la organizaci\u00f3n Mundial de Aduanas (OMA).<\/p>\n\n\n\n<div style=\"height:20px\" aria-hidden=\"true\" class=\"wp-block-spacer\"><\/div>\n\n\n\n<p class=\"has-medium-font-size\"><strong>Cronograma<\/strong><\/p>\n\n\n\n<div class=\"wp-block-image\"><figure class=\"aligncenter size-large\"><img loading=\"lazy\" decoding=\"async\" width=\"566\" height=\"402\" src=\"https:\/\/enolife.com.ar\/es\/wp-content\/uploads\/2020\/09\/image-29.png\" alt=\"\" class=\"wp-image-20339\" srcset=\"https:\/\/enolife.com.ar\/es\/wp-content\/uploads\/2020\/09\/image-29.png 566w, https:\/\/enolife.com.ar\/es\/wp-content\/uploads\/2020\/09\/image-29-300x213.png 300w\" sizes=\"auto, (max-width: 566px) 100vw, 566px\" \/><\/figure><\/div>\n\n\n\n<div style=\"height:20px\" aria-hidden=\"true\" class=\"wp-block-spacer\"><\/div>\n\n\n\n<p class=\"has-medium-font-size\"><strong>Empresas compradoras y exportadoras<\/strong><\/p>\n\n\n\n<ul class=\"wp-block-list\"><li>180 a 190 empresas compradoras de los pa\u00edses miembros de la Aladi <\/li><li>10 a 20 empresas compradoras de pa\u00edses de Am\u00e9rica Central<br>y el Caribe, no miembros de la Aladi, invitadas por el pa\u00eds anfitri\u00f3n.<\/li><li>400 empresas exportadoras (pa\u00edses miembros de la Aladi)<\/li><\/ul>\n\n\n\n<div style=\"height:20px\" aria-hidden=\"true\" class=\"wp-block-spacer\"><\/div>\n\n\n\n<p class=\"has-background has-luminous-vivid-amber-background-color\"><strong>Inscripciones abiertas sin cargo en <a href=\"http:\/\/linktr.ee\/promendoza\">http:\/\/linktr.ee\/promendoza<\/a> hasta el 20\/10<br>Mas informaci\u00f3n: <a href=\"mailto:promocioncomercial@promendoza.com\">promocioncomercial@promendoza.com<\/a><\/strong><\/p>\n\n\n\n<div style=\"height:20px\" aria-hidden=\"true\" class=\"wp-block-spacer\"><\/div>\n\n\n\n<p class=\"has-small-font-size\"><em><strong>Fuentes: ProMendoza y Aladi<\/strong><\/em><\/p>\n\n\n\n<div style=\"height:20px\" aria-hidden=\"true\" class=\"wp-block-spacer\"><\/div>\n","protected":false},"excerpt":{"rendered":"<p>Del 26 al 30 de octubre se llevar\u00e1 a cabo la Expo Aladi 2020 en&hellip;<\/p>\n","protected":false},"author":3,"featured_media":20345,"comment_status":"open","ping_status":"open","sticky":false,"template":"","format":"standard","meta":{"footnotes":""},"categories":[10],"tags":[],"class_list":["post-20307","post","type-post","status-publish","format-standard","has-post-thumbnail","hentry","category-ferias"],"_links":{"self":[{"href":"https:\/\/enolife.com.ar\/es\/wp-json\/wp\/v2\/posts\/20307","targetHints":{"allow":["GET"]}}],"collection":[{"href":"https:\/\/enolife.com.ar\/es\/wp-json\/wp\/v2\/posts"}],"about":[{"href":"https:\/\/enolife.com.ar\/es\/wp-json\/wp\/v2\/types\/post"}],"author":[{"embeddable":true,"href":"https:\/\/enolife.com.ar\/es\/wp-json\/wp\/v2\/users\/3"}],"replies":[{"embeddable":true,"href":"https:\/\/enolife.com.ar\/es\/wp-json\/wp\/v2\/comments?post=20307"}],"version-history":[{"count":0,"href":"https:\/\/enolife.com.ar\/es\/wp-json\/wp\/v2\/posts\/20307\/revisions"}],"wp:featuredmedia":[{"embeddable":true,"href":"https:\/\/enolife.com.ar\/es\/wp-json\/wp\/v2\/media\/20345"}],"wp:attachment":[{"href":"https:\/\/enolife.com.ar\/es\/wp-json\/wp\/v2\/media?parent=20307"}],"wp:term":[{"taxonomy":"category","embeddable":true,"href":"https:\/\/enolife.com.ar\/es\/wp-json\/wp\/v2\/categories?post=20307"},{"taxonomy":"post_tag","embeddable":true,"href":"https:\/\/enolife.com.ar\/es\/wp-json\/wp\/v2\/tags?post=20307"}],"curies":[{"name":"wp","href":"https:\/\/api.w.org\/{rel}","templated":true}]}}