{"id":20282,"date":"2020-09-22T16:03:14","date_gmt":"2020-09-22T16:03:14","guid":{"rendered":"http:\/\/enolife.com.ar\/es\/?p=20282"},"modified":"2020-09-25T17:10:56","modified_gmt":"2020-09-25T17:10:56","slug":"la-senadora-sagasti-gestiona-la-reduccion-de-costos-logisticos-para-bodegas-exportadoras","status":"publish","type":"post","link":"https:\/\/enolife.com.ar\/es\/la-senadora-sagasti-gestiona-la-reduccion-de-costos-logisticos-para-bodegas-exportadoras\/","title":{"rendered":"La senadora Sagasti gestiona la reducci\u00f3n de costos log\u00edsticos para bodegas exportadoras"},"content":{"rendered":"\n<h4 class=\"wp-block-heading\"><em><strong>En la primera de una serie de encuentros previstos con legisladores nacionales, directivos de la Corporaci\u00f3n Vitivin\u00edcola Argentina (Coviar) se reunieron el lunes 21\/9 con la senadora nacional por Mendoza, Anabel Fern\u00e1ndez Sagasti (PJ). Se analiz\u00f3 c\u00f3mo flexibilizar los precios m\u00e1ximos de referencia para el vino y c\u00f3mo bajar los costos de transporte y los impuestos para aumentar las exportaciones. Sobre este \u00faltimo punto, la legisladora se comprometi\u00f3 a trabajar junto al ministro de Desarrollo Productivo de la Naci\u00f3n, Mat\u00edas Kulfas. Y anunci\u00f3 su proyecto de ley para la reducci\u00f3n de costos log\u00edsticos.<\/strong><\/em><\/h4>\n\n\n\n<div style=\"height:32px\" aria-hidden=\"true\" class=\"wp-block-spacer\"><\/div>\n\n\n\n\n\n<div style=\"height:45px\" aria-hidden=\"true\" class=\"wp-block-spacer\"><\/div>\n\n\n\n<p>De la reuni\u00f3n participaron m\u00e1s de 40 <strong>dirigentes de todos los oasis productivos<\/strong> de Mendoza y San Juan, as\u00ed como representantes de provincias vitivin\u00edcolas como Salta, Tucum\u00e1n, Catamarca, La Rioja, C\u00f3rdoba, R\u00edo Negro y Neuqu\u00e9n. Tambi\u00e9n estuvo el titular del Instituto Nacional de Vitivinicultura (INV), <strong>Mart\u00edn Hinojosa<\/strong>, y el director de la agencia regional Mendoza y San Juan del INTA, <strong>Claudio Galmarini<\/strong>.<\/p>\n\n\n\n<p>En el arranque del encuentro hubo una breve presentaci\u00f3n de&nbsp;la <strong>Coviar<\/strong> y el <strong>Plan Estrat\u00e9gico Vitivin\u00edcola 2030 (PEVI 2030)<\/strong>, tras lo cual <strong>Anabel Fern\u00e1ndez Sagasti<\/strong> formul\u00f3 recomendaciones sobre los mecanismos de revisi\u00f3n de objetivos y estrategias, de cara a la actualizaci\u00f3n de ese Plan. Y pidi\u00f3 incluir en la planificaci\u00f3n a futuro a los representantes de los trabajadores vitivin\u00edcolas de todo el pa\u00eds.<\/p>\n\n\n\n<p>A su turno, el director del Observatorio Vitivin\u00edcola Argentino (OVA, dependiente de la Coviar), <strong>Daniel Rada<\/strong>, habl\u00f3 sobre las medidas planteadas al Ministerio de Desarrollo Productivo de la Naci\u00f3n, a cargo de <strong>Mat\u00edas Kulfas<\/strong>, con el objetivo de lograr beneficios concretos para una r\u00e1pida recuperaci\u00f3n y crecimiento de las exportaciones de toda la cadena vitivin\u00edcola, con el foco puesto en la eliminaci\u00f3n o baja de retenciones, en el aumento de reintegros, la eliminaci\u00f3n del impuesto PAIS para los gastos de promoci\u00f3n que hacen las empresas del sector en el exterior y en la reducci\u00f3n de los altos costos financieros para la inversi\u00f3n. <\/p>\n\n\n\n<p>Sobre estas propuestas, Fern\u00e1ndez Sagasti comprometi\u00f3 su apoyo y trabajar junto con el ministro Kulfas para que puedan ser implementadas. \u201cTodo lo que han propuesto lo voy a trabajar con Mat\u00edas y lo vamos a empujar juntos\u201d, asegur\u00f3 la senadora.<\/p>\n\n\n\n<div style=\"height:20px\" aria-hidden=\"true\" class=\"wp-block-spacer\"><\/div>\n\n\n\n<div class=\"wp-block-image\"><figure class=\"aligncenter\"><img decoding=\"async\" src=\"http:\/\/coviar.com.ar\/2018\/wp-content\/uploads\/2020\/09\/Reuni%C3%B3n-Anabel-F-Sagasti-con-COVIAR.jpg\" alt=\"La senadora Anabel Fern\u00e1ndez Sagasti y COVIAR acordaron avanzar en una agenda de desarrollo para la vitivinicultura\"\/><\/figure><\/div>\n\n\n\n<div style=\"height:20px\" aria-hidden=\"true\" class=\"wp-block-spacer\"><\/div>\n\n\n\n<p>\u201cDe cada 100 d\u00f3lares que se exportan en vinos fraccionados, despu\u00e9s s\u00f3lo salen, en promedio, 15 d\u00f3lares en concepto de gastos en el exterior o para la compra de insumos importados. Somos una actividad generadora de d\u00f3lares genuinos para el pa\u00eds\u201d, dijo por su parte <strong>Jos\u00e9 Alberto Zuccardi<\/strong>, presidente de la Coviar.<\/p>\n\n\n\n<div style=\"height:20px\" aria-hidden=\"true\" class=\"wp-block-spacer\"><\/div>\n\n\n\n<blockquote class=\"wp-block-quote is-layout-flow wp-block-quote-is-layout-flow\"><p>De cada 100 d\u00f3lares que se exportan en vinos fraccionados, despu\u00e9s s\u00f3lo se van 15 d\u00f3lares al exterior&#8230; Somos una actividad generadora de d\u00f3lares genuinos para el pa\u00eds\u00bb.<\/p><cite>Jos\u00e9 \u00abPepe\u00bb Zuccardi, presidente de la Coviar<\/cite><\/blockquote>\n\n\n\n<div style=\"height:20px\" aria-hidden=\"true\" class=\"wp-block-spacer\"><\/div>\n\n\n\n<p>Fern\u00e1ndez Sagasti plante\u00f3 la necesidad de adoptar medidas para bajar el costo log\u00edstico y present\u00f3 los fundamentos de un proyecto de su autor\u00eda para aplicar excepciones impositivas en los casos en que la sede o asentamiento de la producci\u00f3n exportable se encuentre a m\u00e1s de 500 kil\u00f3metros de distancia del puerto de Buenos Aires.<\/p>\n\n\n\n<p>Un tema central que se trat\u00f3 fue la necesidad de flexibilizar el esquema de \u201cPrecios M\u00e1ximos de Referencia\u201d para el vino, ya que s\u00f3lo se permiti\u00f3 a las empresas un incremento del 4% en un contexto de fuertes aumentos de los costos internos. Se plante\u00f3 la necesidad de flexibilizar este acuerdo, permitiendo a las empresas subir m\u00e1s los precios para evitar situaciones de \u201casfixia de costos\u201d y poder as\u00ed acompa\u00f1ar la recuperaci\u00f3n que ya se est\u00e1 viendo en los precios del vino de traslado y en lo que puede llegar a cobrar el productor primario.<\/p>\n\n\n\n<p>Sobre este pedido, Fern\u00e1ndez Sagasti reconoci\u00f3 que hay una \u201cventana de posibilidad\u201d a partir de que ya se firm\u00f3 la pr\u00f3rroga del acuerdo y ahora se pueden discutir situaciones puntuales y excepciones. La Senadora pidi\u00f3 trabajar en conjunto con los actores de la industria para lograr que el aumento de precios al consumidor termine llegando en una mejora concreta al productor primario.<\/p>\n\n\n\n<div style=\"height:20px\" aria-hidden=\"true\" class=\"wp-block-spacer\"><\/div>\n\n\n\n<blockquote class=\"wp-block-quote is-layout-flow wp-block-quote-is-layout-flow\"><p>Necesitamos avanzar en una reformulaci\u00f3n del programa de apoyo a peque\u00f1os productores vitivin\u00edcolas, con financiamiento del BID\u00bb.<\/p><cite>Hilda Wilhelm de Vaieretti, titular de la Federaci\u00f3n de C\u00e1maras de Productores Vit\u00edcolas<\/cite><\/blockquote>\n\n\n\n<div style=\"height:20px\" aria-hidden=\"true\" class=\"wp-block-spacer\"><\/div>\n\n\n\n<p>\u201cEs muy importante el v\u00ednculo que tiene Anabel con el gobierno nacional y esto se ha visto reflejado en las cosas que se han podido obtener para el sector\u201d, se\u00f1al\u00f3 <strong>Mart\u00edn Hinojosa<\/strong>, titular del INV.<\/p>\n\n\n\n<p>En representaci\u00f3n de los peque\u00f1os productores, <strong>Hilda Wilhelm de Vaieretti<\/strong>, de la Federaci\u00f3n de C\u00e1maras de Productores Vit\u00edcolas de la Rep\u00fablica Argentina y de la Asociaci\u00f3n de Cooperativas Vitivin\u00edcolas (Acovi), expres\u00f3 la necesidad de avanzar con una segunda edici\u00f3n del \u00abPrograma de Apoyo a Peque\u00f1os Productores Vitivin\u00edcolas en Argentina\u00bb (Proviar 2) con financiamiento del Banco Interamericano de Desarrollo (BID).<\/p>\n\n\n\n<p>La propuesta de reformular el Proviar contempla incluir la regularizaci\u00f3n de dominio de las propiedades y darle prioridad a la incorporaci\u00f3n de j\u00f3venes a esos grupos asociativos, con la formaci\u00f3n de empresas locales de servicios que maximicen el impacto de la inversi\u00f3n y su arraigo local, para la generaci\u00f3n de empleo en zonas rurales.<\/p>\n\n\n\n<p><strong>Jos\u00e9 \u00abCatuco\u00bb Molina<\/strong>, de la C\u00e1mara Vit\u00edcola de San Juan, tambi\u00e9n plante\u00f3 la necesidad de promover, v\u00eda subsidios, la reconversi\u00f3n energ\u00e9tica de los productores a partir de la incorporaci\u00f3n de energ\u00eda solar para alimentar de electricidad a los pozos de agua y as\u00ed bajar los costos de riego.<\/p>\n\n\n\n<p>Otro de los pedidos elevados a la senadora Fern\u00e1ndez Sagasti, en este caso por parte del subgerente de Acovi, <strong>Nicol\u00e1s Vicchi<\/strong>, fue la preocupaci\u00f3n por la inminencia de la pr\u00f3xima cosecha y la necesidad de trabajar en protocolos covid-19 nacionales para permitir la llegada de cosechadores de otras provincias y as\u00ed no afectar a la producci\u00f3n.<\/p>\n\n\n\n<div style=\"height:20px\" aria-hidden=\"true\" class=\"wp-block-spacer\"><\/div>\n\n\n\n<p class=\"has-small-font-size\"><em><strong>Fuente: Coviar<\/strong><\/em><\/p>\n","protected":false},"excerpt":{"rendered":"<p>En la primera de una serie de encuentros previstos con legisladores nacionales, directivos de la&hellip;<\/p>\n","protected":false},"author":3,"featured_media":20305,"comment_status":"open","ping_status":"open","sticky":false,"template":"","format":"standard","meta":{"footnotes":""},"categories":[14],"tags":[],"class_list":["post-20282","post","type-post","status-publish","format-standard","has-post-thumbnail","hentry","category-news"],"_links":{"self":[{"href":"https:\/\/enolife.com.ar\/es\/wp-json\/wp\/v2\/posts\/20282","targetHints":{"allow":["GET"]}}],"collection":[{"href":"https:\/\/enolife.com.ar\/es\/wp-json\/wp\/v2\/posts"}],"about":[{"href":"https:\/\/enolife.com.ar\/es\/wp-json\/wp\/v2\/types\/post"}],"author":[{"embeddable":true,"href":"https:\/\/enolife.com.ar\/es\/wp-json\/wp\/v2\/users\/3"}],"replies":[{"embeddable":true,"href":"https:\/\/enolife.com.ar\/es\/wp-json\/wp\/v2\/comments?post=20282"}],"version-history":[{"count":0,"href":"https:\/\/enolife.com.ar\/es\/wp-json\/wp\/v2\/posts\/20282\/revisions"}],"wp:featuredmedia":[{"embeddable":true,"href":"https:\/\/enolife.com.ar\/es\/wp-json\/wp\/v2\/media\/20305"}],"wp:attachment":[{"href":"https:\/\/enolife.com.ar\/es\/wp-json\/wp\/v2\/media?parent=20282"}],"wp:term":[{"taxonomy":"category","embeddable":true,"href":"https:\/\/enolife.com.ar\/es\/wp-json\/wp\/v2\/categories?post=20282"},{"taxonomy":"post_tag","embeddable":true,"href":"https:\/\/enolife.com.ar\/es\/wp-json\/wp\/v2\/tags?post=20282"}],"curies":[{"name":"wp","href":"https:\/\/api.w.org\/{rel}","templated":true}]}}