{"id":20261,"date":"2020-09-23T04:06:22","date_gmt":"2020-09-23T04:06:22","guid":{"rendered":"http:\/\/enolife.com.ar\/es\/?p=20261"},"modified":"2020-09-26T00:44:40","modified_gmt":"2020-09-26T00:44:40","slug":"vinateros-asociados-y-el-idr-informan-sobre-creditos-para-compras-cooperativas-de-insumos","status":"publish","type":"post","link":"https:\/\/enolife.com.ar\/es\/vinateros-asociados-y-el-idr-informan-sobre-creditos-para-compras-cooperativas-de-insumos\/","title":{"rendered":"Vi\u00f1ateros asociados y el IDR informan sobre cr\u00e9ditos para compras cooperativas de insumos"},"content":{"rendered":"\n<h4 class=\"wp-block-heading\"><em><strong>La Asociaci\u00f3n de Vi\u00f1ateros de Mendoza (AVM) y el Instituto de Desarrollo Rural (IDR) invitan a una reuni\u00f3n virtual informativa sobre el lanzamiento de l\u00edneas de cr\u00e9dito para productores primarios, con la finalidad de financiar labores culturales, compra de agroqu\u00edmicos, mano de obra, etc\u00e9tera. Los pr\u00e9stamos ser\u00e1 otorgados por el Fondo de la Transformaci\u00f3n y el Crecimiento del Gobierno de Mendoza.<\/strong><\/em><\/h4>\n\n\n\n<div style=\"height:43px\" aria-hidden=\"true\" class=\"wp-block-spacer\"><\/div>\n\n\n\n\n\n<div style=\"height:53px\" aria-hidden=\"true\" class=\"wp-block-spacer\"><\/div>\n\n\n\n<p>La Asociaci\u00f3n de Vi\u00f1ateros de Mendoza (AVM) y el Instituto de Desarrollo Rural (IDR) llegaron a un acuerdo para coordinar la oferta de l\u00edneas de cr\u00e9ditos para productores primarios, que consisten en un capital de trabajo con una tasa de inter\u00e9s del 10,77% anual para quienes tienen hasta 15 hect\u00e1reas, a devolver en 12 meses. Para capitales de hasta $400.000 se accede s\u00f3lo con fianza personal. <\/p>\n\n\n\n<div class=\"wp-block-image\"><figure class=\"aligncenter size-large is-resized\"><img loading=\"lazy\" decoding=\"async\" src=\"https:\/\/enolife.com.ar\/es\/wp-content\/uploads\/2020\/09\/image-27.png\" alt=\"\" class=\"wp-image-20299\" width=\"344\" height=\"394\" srcset=\"https:\/\/enolife.com.ar\/es\/wp-content\/uploads\/2020\/09\/image-27.png 414w, https:\/\/enolife.com.ar\/es\/wp-content\/uploads\/2020\/09\/image-27-263x300.png 263w\" sizes=\"auto, (max-width: 344px) 100vw, 344px\" \/><\/figure><\/div>\n\n\n\n<div style=\"height:20px\" aria-hidden=\"true\" class=\"wp-block-spacer\"><\/div>\n\n\n\n<p>Los cr\u00e9ditos ser\u00e1n otorgados por el <strong>Fondo para la Transformaci\u00f3n y el Crecimiento de Mendoza (FTyC)<\/strong>, entidad que categorizar\u00e1 los cr\u00e9ditos en funci\u00f3n de la cantidad de hect\u00e1reas explotadas registradas en el RUT. Las categor\u00edas son:<\/p>\n\n\n\n<ul class=\"wp-block-list\"><li>MicroAgro, hasta 15 has.<\/li><li>Micro, desde 15 a 30 has.<\/li><li>Peque\u00f1a Tramo 1,  de 30 a 50 has.<\/li><li>Peque\u00f1a Tramo 2, de 50 a 80 has.<\/li><li>Mediana Tramo 1,  80  a 100 has.<\/li><li>Mediana Tramo 2, m\u00e1s de 100 has.<\/li><\/ul>\n\n\n\n<p><strong>Mat\u00edas Manzanares, <\/strong>secretario gerente de la AVM, expres\u00f3 al respecto: \u00abEs un trabajo en conjunto que venimos haciendo con los ingenieros del \u00e1rea t\u00e9cnica de la AVM para coordinar con todos los productores el c\u00e1lculo de insumos que se realizan durante todo el a\u00f1o, para as\u00ed planificar las compras. No es lo mismo, por ejemplo, comprar fertilizantes en setiembre que a principios de a\u00f1o\u00bb.<\/p>\n\n\n\n<p>\u00abLa idea -explic\u00f3 Manzanares- es calcular todos los insumos que se utilizar\u00e1n durante el a\u00f1o y comprar todo de una vez y a principios de a\u00f1o, ahorr\u00e1ndose los costos financieros de pagar el producto ocho meses despu\u00e9s. Adem\u00e1s, la propuesta es hacer compras conjuntas, porque no es lo mismo comprar de a uno que de a 300 productores. De esta manera el productor no tiene que salir a rematar sus uvas para afrontar sus costos y podr\u00e1 elaborar para terceros y disponer de su vino\u00bb.<\/p>\n\n\n\n<div style=\"height:20px\" aria-hidden=\"true\" class=\"wp-block-spacer\"><\/div>\n\n\n\n<div class=\"wp-block-image\"><figure class=\"alignleft size-large is-resized\"><img loading=\"lazy\" decoding=\"async\" src=\"https:\/\/enolife.com.ar\/es\/wp-content\/uploads\/2020\/09\/image-26-1024x1024.png\" alt=\"\" class=\"wp-image-20262\" width=\"329\" height=\"329\" srcset=\"https:\/\/enolife.com.ar\/es\/wp-content\/uploads\/2020\/09\/image-26-1024x1024.png 1024w, https:\/\/enolife.com.ar\/es\/wp-content\/uploads\/2020\/09\/image-26-300x300.png 300w, https:\/\/enolife.com.ar\/es\/wp-content\/uploads\/2020\/09\/image-26-150x150.png 150w, https:\/\/enolife.com.ar\/es\/wp-content\/uploads\/2020\/09\/image-26-768x768.png 768w, https:\/\/enolife.com.ar\/es\/wp-content\/uploads\/2020\/09\/image-26-1170x1170.png 1170w, https:\/\/enolife.com.ar\/es\/wp-content\/uploads\/2020\/09\/image-26-585x585.png 585w, https:\/\/enolife.com.ar\/es\/wp-content\/uploads\/2020\/09\/image-26.png 1280w\" sizes=\"auto, (max-width: 329px) 100vw, 329px\" \/><\/figure><\/div>\n\n\n\n<p class=\"has-background has-luminous-vivid-amber-background-color\">Los interesados deber\u00e1n ingresar a la reuni\u00f3n de <strong>Zoom <\/strong>a trav\u00e9s del <strong>siguiente link: <a href=\"https:\/\/zoom.us\/j\/97806028383?pwd=Y090M2JYSTdiY1NCNk9ocGRaV3Fldz09&amp;fbclid=IwAR1_yLKFr5l54wsnlMp6Z4L2pr9Ypftc_aZqWGyoBWgjkq-kjT2hUChIyts\" rel=\"noreferrer noopener\" target=\"_blank\">https:\/\/zoom.us\/j\/97806028383&#8230;<\/a><\/strong><br><strong><br>ID de reuni\u00f3n: 978 0602 8383<\/strong><br><strong><br>C\u00f3digo de acceso: 086488<\/strong><br><br>Para m\u00e1s informaci\u00f3n: <strong><a href=\"mailto:asociacionvinaterosmza@gmail.com\">asociacionvinaterosmza@gmail.com<\/a> <\/strong><br><strong>Cel: +54 9 263 451 7074<\/strong><\/p>\n\n\n\n<div style=\"height:27px\" aria-hidden=\"true\" class=\"wp-block-spacer\"><\/div>\n\n\n\n<p class=\"has-small-font-size\"><strong><em>Fuente: Asociaci\u00f3n Vi\u00f1ateros de Mendoza<\/em><\/strong><\/p>\n\n\n\n<div style=\"height:20px\" aria-hidden=\"true\" class=\"wp-block-spacer\"><\/div>\n","protected":false},"excerpt":{"rendered":"<p>La Asociaci\u00f3n de Vi\u00f1ateros de Mendoza (AVM) y el Instituto de Desarrollo Rural (IDR) invitan&hellip;<\/p>\n","protected":false},"author":3,"featured_media":20331,"comment_status":"open","ping_status":"open","sticky":false,"template":"","format":"standard","meta":{"footnotes":""},"categories":[47],"tags":[],"class_list":["post-20261","post","type-post","status-publish","format-standard","has-post-thumbnail","hentry","category-agenda"],"_links":{"self":[{"href":"https:\/\/enolife.com.ar\/es\/wp-json\/wp\/v2\/posts\/20261","targetHints":{"allow":["GET"]}}],"collection":[{"href":"https:\/\/enolife.com.ar\/es\/wp-json\/wp\/v2\/posts"}],"about":[{"href":"https:\/\/enolife.com.ar\/es\/wp-json\/wp\/v2\/types\/post"}],"author":[{"embeddable":true,"href":"https:\/\/enolife.com.ar\/es\/wp-json\/wp\/v2\/users\/3"}],"replies":[{"embeddable":true,"href":"https:\/\/enolife.com.ar\/es\/wp-json\/wp\/v2\/comments?post=20261"}],"version-history":[{"count":0,"href":"https:\/\/enolife.com.ar\/es\/wp-json\/wp\/v2\/posts\/20261\/revisions"}],"wp:featuredmedia":[{"embeddable":true,"href":"https:\/\/enolife.com.ar\/es\/wp-json\/wp\/v2\/media\/20331"}],"wp:attachment":[{"href":"https:\/\/enolife.com.ar\/es\/wp-json\/wp\/v2\/media?parent=20261"}],"wp:term":[{"taxonomy":"category","embeddable":true,"href":"https:\/\/enolife.com.ar\/es\/wp-json\/wp\/v2\/categories?post=20261"},{"taxonomy":"post_tag","embeddable":true,"href":"https:\/\/enolife.com.ar\/es\/wp-json\/wp\/v2\/tags?post=20261"}],"curies":[{"name":"wp","href":"https:\/\/api.w.org\/{rel}","templated":true}]}}