{"id":20189,"date":"2020-09-23T14:13:09","date_gmt":"2020-09-23T14:13:09","guid":{"rendered":"http:\/\/enolife.com.ar\/es\/?p=20189"},"modified":"2020-09-28T02:07:59","modified_gmt":"2020-09-28T02:07:59","slug":"ciclo-mendoexit-el-rol-de-los-estados-federales-en-austria-por-el-embajador-cristoph-meran","status":"publish","type":"post","link":"https:\/\/enolife.com.ar\/es\/ciclo-mendoexit-el-rol-de-los-estados-federales-en-austria-por-el-embajador-cristoph-meran\/","title":{"rendered":"Ciclo #Mendoexit?: el rol de los Estados federales en Austria, por el embajador Cristoph Meran"},"content":{"rendered":"\n<h4 class=\"wp-block-heading\"><em><strong>El lunes 28\/9 se llevar\u00e1 a cabo la cuarta charla online del Ciclo #Mendoexit?, organizado por el Foro Diplom\u00e1tico en Mendoza (FDM). Esta serie de charlas de reconocidos especialistas est\u00e1 destinada a conocer las experiencias internacionales en lo referente a descentralizaci\u00f3n y desarrollo regional. En esta oportunidad, participar\u00e1 el embajador de la Rep\u00fablica de Austria, Christoph Meran, para conversar sobre<br>\u00abEl rol de los Estados federales en el desarrollo de Austria\u00bb a trav\u00e9s de la historia de ese pa\u00eds centroeuropeo, su conformaci\u00f3n como Rep\u00fablica, su integraci\u00f3n a la Uni\u00f3n Europea y los modos en que se articulan las diversas regiones y el gobierno central.<\/strong><\/em><\/h4>\n\n\n\n<div style=\"height:45px\" aria-hidden=\"true\" class=\"wp-block-spacer\"><\/div>\n\n\n\n<div class=\"wp-block-image\"><figure class=\"alignleft size-large is-resized\"><img loading=\"lazy\" decoding=\"async\" src=\"https:\/\/enolife.com.ar\/es\/wp-content\/uploads\/2020\/09\/200916-1955-Flyer-charla-04-Mail-1-1024x1024.jpg\" alt=\"\" class=\"wp-image-20190\" width=\"277\" height=\"277\" srcset=\"https:\/\/enolife.com.ar\/es\/wp-content\/uploads\/2020\/09\/200916-1955-Flyer-charla-04-Mail-1-1024x1024.jpg 1024w, https:\/\/enolife.com.ar\/es\/wp-content\/uploads\/2020\/09\/200916-1955-Flyer-charla-04-Mail-1-300x300.jpg 300w, https:\/\/enolife.com.ar\/es\/wp-content\/uploads\/2020\/09\/200916-1955-Flyer-charla-04-Mail-1-150x150.jpg 150w, https:\/\/enolife.com.ar\/es\/wp-content\/uploads\/2020\/09\/200916-1955-Flyer-charla-04-Mail-1-768x768.jpg 768w, https:\/\/enolife.com.ar\/es\/wp-content\/uploads\/2020\/09\/200916-1955-Flyer-charla-04-Mail-1-1536x1536.jpg 1536w, https:\/\/enolife.com.ar\/es\/wp-content\/uploads\/2020\/09\/200916-1955-Flyer-charla-04-Mail-1-2048x2048.jpg 2048w, https:\/\/enolife.com.ar\/es\/wp-content\/uploads\/2020\/09\/200916-1955-Flyer-charla-04-Mail-1-1170x1170.jpg 1170w, https:\/\/enolife.com.ar\/es\/wp-content\/uploads\/2020\/09\/200916-1955-Flyer-charla-04-Mail-1-585x585.jpg 585w\" sizes=\"auto, (max-width: 277px) 100vw, 277px\" \/><\/figure><\/div>\n\n\n\n<p>Christoph Meran, Embajador de Austria en Argentina, es un diplom\u00e1tico de carrera de Austria con m\u00e1s de 20 a\u00f1os de experiencia internacional en lugares como Tirana\/Albania (1997), Washington, DC\/EEUU (1999-2006) y Roma\/Italia (2011-2015). En el Ministerio Federal de Asuntos Europeos e Internacionales de Austria se desempe\u00f1\u00f3 en la Secci\u00f3n Pol\u00edtica para el Sur de Europa y el Territorio Mediterr\u00e1neo (1996-1997), en el Departamento de Personal (1997-1999), en el Departamento de Cercano y Medio Oriente y \u00c1frica del Norte (2007-2011), as\u00ed como en la Secci\u00f3n Pol\u00edtica para Europa del Norte, Oeste y Central (2015-2017). <\/p>\n\n\n\n<p class=\"has-background has-luminous-vivid-amber-background-color\"><strong>D\u00eda: lunes 28\/9 a las 18.30 hs  <br>La inscripci\u00f3n es sin costo a trav\u00e9s de Evenbrite:<a href=\"https:\/\/www.eventbrite.com.ar\/e\/fdm-ciclo-mendoexit-experiencias-internacionales-charla-04-tickets-121441463687\"> Ciclo #Mendoexit? experiencias internacionales charla 4 <\/a><br>Y se llevar\u00e1 a cabo a trav\u00e9s de una transmisi\u00f3n en vivo a trav\u00e9s de YouTube Live.<\/strong><\/p>\n\n\n\n<div style=\"height:20px\" aria-hidden=\"true\" class=\"wp-block-spacer\"><\/div>\n\n\n\n<p class=\"has-medium-font-size\"><strong>Para ver las charlas anteriores:<\/strong><\/p>\n\n\n\n<ul class=\"wp-block-list\"><li>Charla 1: Dr. <a href=\"https:\/\/youtu.be\/rCu6vayj7Po\">Jorge Mill\u00e1n, Presidente de la Sociedad Goetheana Argentina &#8211; Goethe Zentrum Mendoza<\/a> <\/li><li>Charla 2: <a href=\"https:\/\/youtu.be\/VOxnGwXBANA\">Don Heinrich Schellengerg, Embajador en Argentina de la Confederaci\u00f3n Suiza<\/a><\/li><li>Charla 3: <a href=\"https:\/\/youtu.be\/4bggbRU6cIo\">Dr. Diego Ramiro Guelar, Embajador (MC) en la Uni\u00f3n Europea, 2 veces en EEUU, en Brasil y en China (1989 &#8211; 2019)<\/a><\/li><\/ul>\n\n\n\n<p><\/p>\n\n\n\n<p><\/p>\n","protected":false},"excerpt":{"rendered":"<p>El lunes 28\/9 se llevar\u00e1 a cabo la cuarta charla online del Ciclo #Mendoexit?, organizado&hellip;<\/p>\n","protected":false},"author":3,"featured_media":20361,"comment_status":"open","ping_status":"open","sticky":false,"template":"","format":"standard","meta":{"footnotes":""},"categories":[47],"tags":[],"class_list":["post-20189","post","type-post","status-publish","format-standard","has-post-thumbnail","hentry","category-agenda"],"_links":{"self":[{"href":"https:\/\/enolife.com.ar\/es\/wp-json\/wp\/v2\/posts\/20189","targetHints":{"allow":["GET"]}}],"collection":[{"href":"https:\/\/enolife.com.ar\/es\/wp-json\/wp\/v2\/posts"}],"about":[{"href":"https:\/\/enolife.com.ar\/es\/wp-json\/wp\/v2\/types\/post"}],"author":[{"embeddable":true,"href":"https:\/\/enolife.com.ar\/es\/wp-json\/wp\/v2\/users\/3"}],"replies":[{"embeddable":true,"href":"https:\/\/enolife.com.ar\/es\/wp-json\/wp\/v2\/comments?post=20189"}],"version-history":[{"count":0,"href":"https:\/\/enolife.com.ar\/es\/wp-json\/wp\/v2\/posts\/20189\/revisions"}],"wp:featuredmedia":[{"embeddable":true,"href":"https:\/\/enolife.com.ar\/es\/wp-json\/wp\/v2\/media\/20361"}],"wp:attachment":[{"href":"https:\/\/enolife.com.ar\/es\/wp-json\/wp\/v2\/media?parent=20189"}],"wp:term":[{"taxonomy":"category","embeddable":true,"href":"https:\/\/enolife.com.ar\/es\/wp-json\/wp\/v2\/categories?post=20189"},{"taxonomy":"post_tag","embeddable":true,"href":"https:\/\/enolife.com.ar\/es\/wp-json\/wp\/v2\/tags?post=20189"}],"curies":[{"name":"wp","href":"https:\/\/api.w.org\/{rel}","templated":true}]}}