{"id":20119,"date":"2020-09-18T14:07:47","date_gmt":"2020-09-18T14:07:47","guid":{"rendered":"http:\/\/enolife.com.ar\/es\/?p=20119"},"modified":"2020-09-21T19:58:18","modified_gmt":"2020-09-21T19:58:18","slug":"la-oiv-y-la-omt-invitan-a-un-webinar-dictado-por-8-mujeres-del-mundo-del-vino","status":"publish","type":"post","link":"https:\/\/enolife.com.ar\/es\/la-oiv-y-la-omt-invitan-a-un-webinar-dictado-por-8-mujeres-del-mundo-del-vino\/","title":{"rendered":"La OIV y la OMT invitan a un webinar dictado por 8 mujeres del mundo del vino."},"content":{"rendered":"\n<h4 class=\"wp-block-heading\"><em><strong>El martes 22\/9 de 12 a 13.30 hora Argentina (17.00 a 18.30 CEST), la Organizaci\u00f3n Internacional de la Vi\u00f1a y el Vino (OIV), junto a la Organizaci\u00f3n Mundial del Turismo (OMT) invitan al webinar \u00abInnovar en enoturismo en el contexto del Covid-19\u00bb. Ocho mujeres protagonistas del vino y el turismo de diferentes partes del mundo expondr\u00e1n desde su experiencia y trayectoria  herramientas para activar creativamente el enoturismo. Mendoza estar\u00e1 representada por Mar\u00eda Lorena Cepparo, gerente de comunicaciones de Chandon Argentina.<\/strong><\/em><\/h4>\n\n\n\n<div style=\"height:31px\" aria-hidden=\"true\" class=\"wp-block-spacer\"><\/div>\n\n\n\n<p>Durante el webinar se tratar\u00e1n temas sobre degustaciones digitales y ventas en l\u00ednea&nbsp;, la reinvenci\u00f3n de la enogastronom\u00eda en las bodegas durante y post COVID-19&nbsp;, organizaci\u00f3n y gesti\u00f3n de experiencias al aire libre, nuevas estrategias de destino&nbsp;enotur\u00edstico. Al final de las disertaciones habr\u00e1 un espacio para preguntas y respuestas. <\/p>\n\n\n\n<p>Entre las expositoras, Mendoza ser\u00e1 representada por Mar\u00eda Lorena Cepparo gerente de comunicaciones de Bodegas Chandon con una importante trayectoria en la industria vitivin\u00edcola.<\/p>\n\n\n\n<div style=\"height:20px\" aria-hidden=\"true\" class=\"wp-block-spacer\"><\/div>\n\n\n\n<p class=\"has-background has-luminous-vivid-amber-background-color\"><strong>La cita es el 22\/9 a las 12 hs Argentina (17 hs CEST), es libre y gratuita con inscripci\u00f3n previa.<\/strong> <strong>Reservas: <a href=\"https:\/\/calendar.google.com\/calendar\/u\/0\/r\/eventedit?text=Webinar:+%E2%80%9CInnovating+in+wine+tourism+in+the+context+of+COVID-19%22&amp;dates=20200922T150000Z\/20200922T150000Z&amp;details=Webinar:+%E2%80%9CInnovating+in+wine+tourism+in+the+context+of+COVID-19%22&amp;location&amp;sf=true&amp;output=xml\">AQU\u00cd<\/a><\/strong><\/p>\n\n\n\n<div style=\"height:20px\" aria-hidden=\"true\" class=\"wp-block-spacer\"><\/div>\n\n\n\n<p class=\"has-background has-medium-font-size has-very-light-gray-background-color\"><strong>Panel de expositoras<\/strong><\/p>\n\n\n\n<div style=\"height:20px\" aria-hidden=\"true\" class=\"wp-block-spacer\"><\/div>\n\n\n\n<div class=\"wp-block-image\"><figure class=\"alignleft is-resized\"><img loading=\"lazy\" decoding=\"async\" src=\"https:\/\/webunwto.s3.eu-west-1.amazonaws.com\/s3fs-public\/2020-05\/mariette-du-toit-helmbold.jpg\" alt=\"Mari\u00ebtte du Toit-Helmbold\" width=\"156\" height=\"156\"\/><figcaption><strong>Mari\u00ebtte Du Toit-Hembold <br>Destinate, Sud\u00e1frica<\/strong><\/figcaption><\/figure><\/div>\n\n\n\n<p><strong>Moderadora: Mari\u00ebtte du Toit-Helmbold<\/strong>. Es la fundadora de Destinate, una agencia de gesti\u00f3n de destinos y marketing estrat\u00e9gico, en 2013 despu\u00e9s de diez a\u00f1os como la galardonada directora ejecutiva de Cape Town Tourism.&nbsp;<\/p>\n\n\n\n<p>Destinate desarrolla y ayuda a implementar estrategias, crea marcas, comercializa destinos y conecta a las personas con grandes marcas y destinos (a menudo a trav\u00e9s de buena comida y vino).<\/p>\n\n\n\n<p>Mariette tiene demanda a nivel internacional como estratega de turismo y marketing, facilitadora y ponente sobre turismo, gesti\u00f3n de destinos, enoturismo e innovaci\u00f3n en marketing.<\/p>\n\n\n\n<div style=\"height:36px\" aria-hidden=\"true\" class=\"wp-block-spacer\"><\/div>\n\n\n\n<p class=\"has-medium-font-size\"><strong>Speakers<\/strong><\/p>\n\n\n\n<div class=\"wp-block-image\"><figure class=\"alignleft is-resized\"><img loading=\"lazy\" decoding=\"async\" src=\"https:\/\/webunwto.s3.eu-west-1.amazonaws.com\/s3fs-public\/2020-09\/Lorena-Cepparo.jpg\" alt=\"Lorena Cepparo\" width=\"156\" height=\"156\"\/><figcaption><strong>Mar\u00eda Lorena Cepparo<br>Chandon Argentina<\/strong> &#8211; <strong>Mendoza<\/strong><\/figcaption><\/figure><\/div>\n\n\n\n<p>Licenciada en Ciencias Pol\u00edticas y Administraci\u00f3n P\u00fablica por la Universidad Nacional de Cuyo de Mendoza &#8211; Argentina, Mar\u00eda Lorena tambi\u00e9n ha tenido una carrera paralela en el negocio del vino y la hoteler\u00eda desde los comienzos de su carrera.&nbsp;Complet\u00f3 su formaci\u00f3n enol\u00f3gica con el Curso de Cata y An\u00e1lisis Sensorial INTA y posteriormente en La Wine &amp; Spirit Education Trust (WSET), el mayor proveedor mundial de cualificaciones en vinos y espirituosos.&nbsp;Tambi\u00e9n particip\u00f3 del Programa \u201cFormaci\u00f3n de L\u00edderes para el Desarrollo Local\u201d del IAE (Instituto Argentino de la Empresa, de la Universidad Austral).<\/p>\n\n\n\n<p>En 2001 trabaj\u00f3 para Park Hyatt Mendoza en organizaci\u00f3n de eventos, y en 2005 se incorpor\u00f3 a Bodegas Salentein del reconocido empresario holand\u00e9s Mijndert Pon.&nbsp;Donde se desarroll\u00f3 en el enoturismo y luego lider\u00f3 la renovaci\u00f3n de la Posada Salentein, uno de los primeros hoteles de bodegas en Argentina.&nbsp;Luego fue nombrada Gerente de Relaciones con el Cliente desarrollando programas de incentivos, hospitalidad y experiencias educativas para clientes de bodegas de todo el mundo.&nbsp;Siendo una profesional siempre comprometida con la comunidad y la sostenibilidad, tambi\u00e9n propuso y llev\u00f3 a cabo varios proyectos de responsabilidad social empresaria (RSE) y lider\u00f3 el nodo del Valle de Uco de la ONG Valos, para la promoci\u00f3n de la RSE, organizaci\u00f3n de la que se convirti\u00f3 en Consejera en 2011 y Presidenta entre 2016 y 2020. <\/p>\n\n\n\n<p>En 2015 Lorena se incorpor\u00f3 a Chandon Argentina como Gerenta de eventos y comunicaci\u00f3nes  para las tres bodegas del grupo LVMH en Mendoza: Bodegas Chandon, Bodega Terrazas de los Andes y Cheval des Andes.<\/p>\n\n\n\n<div style=\"height:20px\" aria-hidden=\"true\" class=\"wp-block-spacer\"><\/div>\n\n\n\n<div class=\"wp-block-image\"><figure class=\"alignleft is-resized\"><img loading=\"lazy\" decoding=\"async\" src=\"https:\/\/webunwto.s3.eu-west-1.amazonaws.com\/s3fs-public\/2020-09\/Roberta-Garibaldi.jpg\" alt=\"Roberta Garibaldi\" width=\"160\" height=\"160\"\/><figcaption><strong>Roberta Garibaldi <br>Associazione Italiana Turismo <br>Enogastronomico, Italia<\/strong><\/figcaption><\/figure><\/div>\n\n\n\n<p>Roberta Garibaldi es profesora universitaria.&nbsp;Desempe\u00f1a diferentes roles a nivel internacional y nacional: es miembro de la Junta Directiva de la Asociaci\u00f3n Mundial de Viajes de Alimentos, de la Junta de Asesores del Instituto Mundial de Gastronom\u00eda, de la Junta de la Sociedad Italiana de Ciencias del Turismo (SISTUR).&nbsp;<\/p>\n\n\n\n<p>Es autora del \u201cInforme sobre el turismo gastron\u00f3mico en Italia\u201d y presidenta de la Asociaci\u00f3n Italiana de Turismo Gastron\u00f3mico.&nbsp;Se ocupa de investigaciones y proyectos aplicados para destinos y operadores que trabajan en el campo del turismo gastron\u00f3mico.<\/p>\n\n\n\n<div style=\"height:20px\" aria-hidden=\"true\" class=\"wp-block-spacer\"><\/div>\n\n\n\n<div class=\"wp-block-image\"><figure class=\"alignleft is-resized\"><img loading=\"lazy\" decoding=\"async\" src=\"https:\/\/webunwto.s3.eu-west-1.amazonaws.com\/s3fs-public\/2020-09\/Catherine-Leparmentier-Dayot.jpg\" alt=\"Catherine Leparmentier Dayot\" width=\"169\" height=\"169\"\/><figcaption><strong>Catherine Leparmentier Dayot <br>Great Wine Capitals Global Network, <\/strong><br><strong>Francia<\/strong><\/figcaption><\/figure><\/div>\n\n\n\n<p>Catherine comenz\u00f3 su carrera en Burdeos, trabajando para el gobierno local franc\u00e9s como consultora de peque\u00f1as y medianas empresas en el desarrollo de sus mercados de exportaci\u00f3n y la C\u00e1mara de Comercio e Industria de Burdeos, un organismo p\u00fablico que trabaja para apoyar el desarrollo de las empresas en todas sus actividades.<\/p>\n\n\n\n<p>Lanz\u00f3 la Red \u00abGrandes Capitales del Vino\u00bb (Global Great Wine Capitals- GWC)) y est\u00e1 a cargo de la gesti\u00f3n de la red como directora general.&nbsp;Uno de los principales focos de la GWC es el enoturismo, y su programa principal es el concurso anual internacional Best Of Wine Tourism.<br>Durante los \u00faltimos veinte a\u00f1os, ha trabajado con gran convicci\u00f3n y energ\u00eda para desarrollar el enoturismo en los vi\u00f1edos de Burdeos y promover ese destino en mercados extranjeros, incluso entre empresas internacionales que deseen invertir en la zona.<\/p>\n\n\n\n<p>Tambi\u00e9n est\u00e1 involucrada en el sector de cruceros, desarrollando \u201cCruise Bordeaux\u201d con operadores locales.&nbsp;Catherine es la representante de Burdeos en la red D\u00e9lice, una red internacional de ciudades sobre alimentaci\u00f3n y gastronom\u00eda.<\/p>\n\n\n\n<div style=\"height:20px\" aria-hidden=\"true\" class=\"wp-block-spacer\"><\/div>\n\n\n\n<div class=\"wp-block-image\"><figure class=\"alignleft is-resized\"><img loading=\"lazy\" decoding=\"async\" src=\"https:\/\/webunwto.s3.eu-west-1.amazonaws.com\/s3fs-public\/2020-09\/Irene-Gimeno.jpg\" alt=\"Irene Gimeno\" width=\"167\" height=\"167\"\/><figcaption><strong>Irene Gimeno<br>Enoturismo Chile<\/strong><\/figcaption><\/figure><\/div>\n\n\n\n<p>Irene Gimeno es periodista, jefa de comunicaci\u00f3n de enoturismo Chile, proyecto nacional que trabaja por el desarrollo del enoturismo en Chile, buscando apoyar actividades atractivas, innovadoras, competitivas y sostenibles.&nbsp;\u00abTrabajamos en conjunto con nuestra junta de directores p\u00fablicos y privados para mejorar la calidad del servicio al cliente y con el fin de brindar herramientas para la industria, as\u00ed como redes y recolecci\u00f3n de datos para un mejor diagn\u00f3stico sectorial\u00bb expresa Irene.<\/p>\n\n\n\n<div style=\"height:20px\" aria-hidden=\"true\" class=\"wp-block-spacer\"><\/div>\n\n\n\n<div class=\"wp-block-image\"><figure class=\"alignleft is-resized\"><img loading=\"lazy\" decoding=\"async\" src=\"https:\/\/webunwto.s3.eu-west-1.amazonaws.com\/s3fs-public\/2020-09\/Zaida-Semprun.jpg\" alt=\"Zaida Sempr\u00fan\" width=\"160\" height=\"160\"\/><figcaption><strong>Zaida Sempr\u00fan <br>Programa Makers de la Red Mundia<br> de Turismo de Compras, Espa\u00f1a<\/strong><\/figcaption><\/figure><\/div>\n\n\n\n<p>Licenciada en Ciencias Pol\u00edticas por la Universidad Nacional de Educaci\u00f3n a Distancia ( UNED) y tiene un Postgrado en Relaciones Internacionales y Cooperaci\u00f3n al Desarrollo por la Organizaci\u00f3n de Estados Iberoamericanos (OEI). Es m\u00e1ster en Asuntos Econ\u00f3micos de la Uni\u00f3n Europea.&nbsp;Ha trabajado como consultora en diversos campos especializ\u00e1ndose en los \u00faltimos diez a\u00f1os en la gesti\u00f3n de bodegas familiares y en la planificaci\u00f3n, desarrollo y comercializaci\u00f3n de modelos enotur\u00edsticos en las regiones vitivin\u00edcolas de Espa\u00f1a.<\/p>\n\n\n\n<p>Actualmente es directora de Makers The Experience Collection, dentro de la World Shopping Tourism Network avalada por la OMT, programa que busca crear un Club Premium de experiencia de la mano de productores de vino, caf\u00e9, cacao, licores, t\u00e9, etc. ., a nivel internacional.<\/p>\n\n\n\n<p>Es fundadora y coordinadora del grupo internacional de expertos en enoturismo de diferentes pa\u00edses creado durante el Covid para buscar soluciones globales para el sector.<\/p>\n\n\n\n<div style=\"height:20px\" aria-hidden=\"true\" class=\"wp-block-spacer\"><\/div>\n\n\n\n<div class=\"wp-block-image\"><figure class=\"alignleft is-resized\"><img loading=\"lazy\" decoding=\"async\" src=\"https:\/\/webunwto.s3.eu-west-1.amazonaws.com\/s3fs-public\/2020-09\/Beatriz-Vergara.jpg\" alt=\"Beatriz Vergara\" width=\"134\" height=\"134\"\/><figcaption><strong>Beatriz Vergara <br>Directora de Enoturismo <br>de Gonzalez Byass, Espa\u00f1a<\/strong><\/figcaption><\/figure><\/div>\n\n\n\n<p>Es la directora corporativa de enoturismo del grupo Gonz\u00e1lez Byass.&nbsp;Gestiona enoturismo en las bodegas del grupo, presentes en las principales DO&#8217;s espa\u00f1olas: Beronia (La Rioja), Vilarnau (Pened\u00e9s), Finca Constancia (Toledo), Vi\u00f1as del Vero (Somontano), Pazo de Lusco (Rias Baixas), T\u00edo Pepe (Jerez), y tambi\u00e9n en Bodegas Pedro Domecq (Baja California, M\u00e9xico) y Veramonte y Neyen (Chile).&nbsp;Nacida en Jerez, estudi\u00f3 Marketing y Publicidad en Madrid, y trabaj\u00f3 durante 4 a\u00f1os en el mundo de la moda, como responsable de compras y responsable de expansi\u00f3n nacional de NM American Fashion del Grupo Don Algod\u00f3n.&nbsp;Se incorpor\u00f3 a Gonz\u00e1lez Byass en 1996.<\/p>\n\n\n\n<div style=\"height:20px\" aria-hidden=\"true\" class=\"wp-block-spacer\"><\/div>\n\n\n\n<div class=\"wp-block-image\"><figure class=\"alignleft is-resized\"><img loading=\"lazy\" decoding=\"async\" src=\"https:\/\/webunwto.s3.eu-west-1.amazonaws.com\/s3fs-public\/2020-05\/sandra.jpg\" alt=\"Sandra Carvao\" width=\"154\" height=\"154\"\/><figcaption><strong>Sandra Carv\u00e3o<br>Jefa del Departamento de Inteligencia <br>de Mercados y Competitividad, OMT<\/strong><\/figcaption><\/figure><\/div>\n\n\n\n<p>Sandra Carv\u00e3o es jefa de inteligencia y competitividad del mercado tur\u00edstico de la Organizaci\u00f3n Mundial del Turismo (OMT) desde junio de 2018. Previamente fue jefa de comunicaciones y publicaciones durante 8 a\u00f1os hasta mayo de 2018, donde fue responsable del posicionamiento estrat\u00e9gico de la OMT.<\/p>\n\n\n\n<p>Antes de este cargo, Sandra fue jefa adjunta del Departamento de Tendencias del Mercado, Competitividad y Comercio de Servicios Tur\u00edsticos de la OMT entre 2007 y 2010. Durante este per\u00edodo, Sandra coordin\u00f3 el Comit\u00e9 de Resiliencia Tur\u00edstica creado por la OMT para abordar los impactos de la crisis econ\u00f3mica mundial 2008- 2009 sobre turismo.&nbsp;En 2003  ocup\u00f3 el cargo de directora de mercado en la Oficina Nacional de Turismo de Portugal en Lisboa.&nbsp;Sandra es licenciada en Relaciones Internacionales, rama econ\u00f3mica, por el Instituto de Ci\u00eancias Sociais e Pol\u00edticas \/ Universidade T\u00e9cnica de Lisboa y tiene un postgrado en Marketing por la Universidad Complutense de Madrid.<\/p>\n\n\n\n<div style=\"height:20px\" aria-hidden=\"true\" class=\"wp-block-spacer\"><\/div>\n\n\n\n<p class=\"has-background has-medium-font-size has-very-light-gray-background-color\"><strong>Programa <\/strong><\/p>\n\n\n\n<p>17.00 &#8211; 17.05: <strong>Palabras de apertura<\/strong><\/p>\n\n\n\n<p>17.05 &#8211; 17.45: <strong>Innovar en enoturismo en el contexto del COVID-19<\/strong><br>Moderador:&nbsp;<strong>Mari\u00ebtte du Toit-Helmbold<\/strong>&nbsp;, Destinate, Sud\u00e1frica<\/p>\n\n\n\n<p>Speakers:<\/p>\n\n\n\n<ul class=\"wp-block-list\"><li>Degustaciones digitales y ventas en l\u00ednea&nbsp;por&nbsp;<strong>Roberta Garibaldi<\/strong>&nbsp;, Associazione Italiana Turismo Enogastronomico, Italia<\/li><li>La reinvenci\u00f3n de la enogastronom\u00eda en las bodegas durante y post COVID-19&nbsp;por&nbsp;<strong>Lorena Cepparo<\/strong>&nbsp;, Chandon Argentina<\/li><li>Organizaci\u00f3n y gesti\u00f3n de experiencias al aire libre&nbsp;por&nbsp;<strong>Catherine Leparmentier Dayot,<\/strong>&nbsp;Great Wine Capitals Global Network, Francia<\/li><li>Nuevas estrategias de destino&nbsp;enotur\u00edstico&nbsp;por&nbsp;<strong>Irene Gimeno<\/strong>&nbsp;, Enoturismo Chile<\/li><li>\u00bfNueva realidad, nuevo enoturismo?<ul><li><strong>Zaida Semprun<\/strong>&nbsp;, World Shopping Tourism Network Makers Program, Spain Makers<\/li><li><strong>Beatriz Vergara<\/strong>&nbsp;, Directora de Enoturismo de Gonzalez Byass, Espa\u00f1a<\/li><\/ul><\/li><\/ul>\n\n\n\n<p>17.45 &#8211; 18.25: <strong>Panel de debate y preguntas y respuestas<\/strong><\/p>\n\n\n\n<p>18.25 &#8211; 18.30 <strong>Palabras de clausura<\/strong>. D\u00eda mundial del turismo: Enoturismo, una herramienta para el desarrollo rural por&nbsp;<strong>Sandra Carv\u00e3o<\/strong> , jefa, inteligencia y competitividad del mercado tur\u00edstico en la OMT.<\/p>\n\n\n\n<div style=\"height:20px\" aria-hidden=\"true\" class=\"wp-block-spacer\"><\/div>\n\n\n\n<figure class=\"wp-block-embed-youtube wp-block-embed is-type-video is-provider-youtube wp-embed-aspect-16-9 wp-has-aspect-ratio\"><div class=\"wp-block-embed__wrapper\">\n<iframe loading=\"lazy\" title=\"UNWTO Webinar on \u201cInnovating in wine tourism in the context of COVID-19&quot;\" width=\"1170\" height=\"658\" src=\"https:\/\/www.youtube.com\/embed\/6ExTO0yijCE?feature=oembed\" frameborder=\"0\" allow=\"accelerometer; autoplay; clipboard-write; encrypted-media; gyroscope; picture-in-picture\" allowfullscreen><\/iframe>\n<\/div><\/figure>\n\n\n\n<p class=\"has-small-font-size\"><strong><em>Fuente: OIV y OMT<\/em><\/strong><\/p>\n","protected":false},"excerpt":{"rendered":"<p>El martes 22\/9 de 12 a 13.30 hora Argentina (17.00 a 18.30 CEST), la Organizaci\u00f3n&hellip;<\/p>\n","protected":false},"author":3,"featured_media":20154,"comment_status":"open","ping_status":"open","sticky":false,"template":"","format":"standard","meta":{"footnotes":""},"categories":[47],"tags":[],"class_list":["post-20119","post","type-post","status-publish","format-standard","has-post-thumbnail","hentry","category-agenda"],"_links":{"self":[{"href":"https:\/\/enolife.com.ar\/es\/wp-json\/wp\/v2\/posts\/20119","targetHints":{"allow":["GET"]}}],"collection":[{"href":"https:\/\/enolife.com.ar\/es\/wp-json\/wp\/v2\/posts"}],"about":[{"href":"https:\/\/enolife.com.ar\/es\/wp-json\/wp\/v2\/types\/post"}],"author":[{"embeddable":true,"href":"https:\/\/enolife.com.ar\/es\/wp-json\/wp\/v2\/users\/3"}],"replies":[{"embeddable":true,"href":"https:\/\/enolife.com.ar\/es\/wp-json\/wp\/v2\/comments?post=20119"}],"version-history":[{"count":0,"href":"https:\/\/enolife.com.ar\/es\/wp-json\/wp\/v2\/posts\/20119\/revisions"}],"wp:featuredmedia":[{"embeddable":true,"href":"https:\/\/enolife.com.ar\/es\/wp-json\/wp\/v2\/media\/20154"}],"wp:attachment":[{"href":"https:\/\/enolife.com.ar\/es\/wp-json\/wp\/v2\/media?parent=20119"}],"wp:term":[{"taxonomy":"category","embeddable":true,"href":"https:\/\/enolife.com.ar\/es\/wp-json\/wp\/v2\/categories?post=20119"},{"taxonomy":"post_tag","embeddable":true,"href":"https:\/\/enolife.com.ar\/es\/wp-json\/wp\/v2\/tags?post=20119"}],"curies":[{"name":"wp","href":"https:\/\/api.w.org\/{rel}","templated":true}]}}