{"id":20097,"date":"2020-09-18T01:58:34","date_gmt":"2020-09-18T01:58:34","guid":{"rendered":"http:\/\/enolife.com.ar\/es\/?p=20097"},"modified":"2020-09-21T18:54:13","modified_gmt":"2020-09-21T18:54:13","slug":"la-fem-advirtio-que-sin-transporte-para-obreros-golondrinas-las-cosechas-en-mendoza-se-complican","status":"publish","type":"post","link":"https:\/\/enolife.com.ar\/es\/la-fem-advirtio-que-sin-transporte-para-obreros-golondrinas-las-cosechas-en-mendoza-se-complican\/","title":{"rendered":"La FEM advirti\u00f3 que sin transporte para obreros golondrinas, las cosechas en Mendoza se complican"},"content":{"rendered":"\n<h4 class=\"wp-block-heading\"><em><strong>Directivos de l<i>a Federaci\u00f3n Econ\u00f3mica de Mendoza (FEM) y de varias C\u00e1maras del sector productivo se reunieron con el subsecretario de Agricultura de Mendoza, Alejandro Moralejo, y con la diputada provincial dem\u00f3crata Josefina Canale para analizar la problem\u00e1tica de los cosechadores temporarios que se deben trasladar desde otras provincias para realizar tareas de cosecha. En Mendoza, de no contar con esta mano de obra adicional, es imposible levantar el total de la producci\u00f3n agr\u00edcola, que comienza en octubre con el ajo y sigue desde noviembre con las frutas de carozo de febrero a mayo con la uva. <\/i><\/strong><\/em><strong style=\"\"><i> <\/i><\/strong><\/h4>\n\n\n\n<div style=\"height:20px\" aria-hidden=\"true\" class=\"wp-block-spacer\"><\/div>\n\n\n\n\n\n<div style=\"height:58px\" aria-hidden=\"true\" class=\"wp-block-spacer\"><\/div>\n\n\n\n<p>Si la pandemia sigue obligando a restringir determinados servicios, entre ellos al transporte interprovincial, se podr\u00edan generar grandes p\u00e9rdidas en el sector por la falta de cosechadores. Se estima que el 30% del personal necesario para estas tareas a\u00f1o a a\u00f1o proviene de otras provincias, principalmente del norte de nuestro pa\u00eds.<\/p>\n\n\n\n<p>El gobierno provincial ya ha elaborado los protocolos y los ha elevado al \u00e1rea de Salud de la provincia para su aprobaci\u00f3n, pero existe cierta preocupaci\u00f3n por las decisiones del gobierno nacional que tengan efecto sobre este tema, porque las medidas se podr\u00edan dilatar y en este caso se necesita una r\u00e1pida resoluci\u00f3n.<\/p>\n\n\n\n<p><strong>La Federaci\u00f3n Econ\u00f3mica de Mendoza (FEM) ha acordado enviar una solicitud al Ministerio de Agricultura de Naci\u00f3n solicitando dos temas b\u00e1sicos:<\/strong><\/p>\n\n\n\n<ul class=\"wp-block-list\"><li>Habilitar el tr\u00e1nsito y traslado de estas personas entre provincias.<\/li><li>Que se mantengan los beneficios sociales que las mismas tienen (IFE, AUH, etc\u00e9tera) de modo de facilitar e incentivar la registraci\u00f3n de las mismas.<\/li><\/ul>\n\n\n\n<p><strong>Por otro lado surgen otras inquietudes y problemas que se deben resolver como:<\/strong><\/p>\n\n\n\n<ul class=\"wp-block-list\"><li>Problemas con las ART,&nbsp; que no cubren el Covid como enfermedad, por lo que no prestan la atenci\u00f3n correspondiente.<\/li><li> Lugares y condiciones de alojamiento para estas personas.<\/li><li>Imposibilidad de que estas personas puedan cumplir 14 d\u00edas de cuarentena.<\/li><li> Los hisopados, \u00bfse deber\u00e1n hacer en origen o destino? En ambos casos, \u00bfqui\u00e9n asumir\u00e1 el costo?<\/li><li>Lugares de aislamiento para las personas que contraigan la infecci\u00f3n (los hospitales departamentales&nbsp; no tienen capacidad de atender a todas estas personas).<\/li><li>Responsabilidad legal del empleador en situaciones de personas mayores de 60 a\u00f1os o personas o con problemas preexistentes.<\/li><li>Necesidad de convocar al sector sindical y a la Subsecretar\u00eda de Trabajo para que se involucre y comparta la problem\u00e1tica.<\/li><li>Incertidumbre sobre cu\u00e1ntas personas van a querer trasladarse desde otras provincias y el temor que esto pudiera generar en Mendoza ante el riesgo de contagio.<\/li><li>Organizaci\u00f3n y coordinaci\u00f3n del traslado de las personas en el caso de los sectores que se involucran en esta etapa.<\/li><\/ul>\n\n\n\n<p>\u00abSon muchas las complicaciones y problemas que se deben resolver, y ya estamos muy cerca de los inicios de la temporada de cosechas y es indispensable que los organismos de nivel nacional, como el Ministerio de Agricultura, el Ministerio de Trabajo, el Ministerio de Transporte y la Anses trabajen coordinadamente para atender y resolver estos temas, por lo que todas las entidades acompa\u00f1amos al gobierno de Mendoza en la solicitud de atenci\u00f3n de las mismas\u00bb, afirm\u00f3 una alta fuente de la Federaci\u00f3n Econ\u00f3mica de Mendoza.<\/p>\n\n\n\n<p class=\"has-small-font-size\"><em><strong>Fuente: Federaci\u00f3n Econ\u00f3mica de Mendoza (FEM)<\/strong><\/em><\/p>\n","protected":false},"excerpt":{"rendered":"<p>Directivos de la Federaci\u00f3n Econ\u00f3mica de Mendoza (FEM) y de varias C\u00e1maras del sector productivo&hellip;<\/p>\n","protected":false},"author":3,"featured_media":20107,"comment_status":"open","ping_status":"open","sticky":false,"template":"","format":"standard","meta":{"footnotes":""},"categories":[14],"tags":[],"class_list":["post-20097","post","type-post","status-publish","format-standard","has-post-thumbnail","hentry","category-news"],"_links":{"self":[{"href":"https:\/\/enolife.com.ar\/es\/wp-json\/wp\/v2\/posts\/20097","targetHints":{"allow":["GET"]}}],"collection":[{"href":"https:\/\/enolife.com.ar\/es\/wp-json\/wp\/v2\/posts"}],"about":[{"href":"https:\/\/enolife.com.ar\/es\/wp-json\/wp\/v2\/types\/post"}],"author":[{"embeddable":true,"href":"https:\/\/enolife.com.ar\/es\/wp-json\/wp\/v2\/users\/3"}],"replies":[{"embeddable":true,"href":"https:\/\/enolife.com.ar\/es\/wp-json\/wp\/v2\/comments?post=20097"}],"version-history":[{"count":0,"href":"https:\/\/enolife.com.ar\/es\/wp-json\/wp\/v2\/posts\/20097\/revisions"}],"wp:featuredmedia":[{"embeddable":true,"href":"https:\/\/enolife.com.ar\/es\/wp-json\/wp\/v2\/media\/20107"}],"wp:attachment":[{"href":"https:\/\/enolife.com.ar\/es\/wp-json\/wp\/v2\/media?parent=20097"}],"wp:term":[{"taxonomy":"category","embeddable":true,"href":"https:\/\/enolife.com.ar\/es\/wp-json\/wp\/v2\/categories?post=20097"},{"taxonomy":"post_tag","embeddable":true,"href":"https:\/\/enolife.com.ar\/es\/wp-json\/wp\/v2\/tags?post=20097"}],"curies":[{"name":"wp","href":"https:\/\/api.w.org\/{rel}","templated":true}]}}