{"id":19769,"date":"2020-09-11T17:37:45","date_gmt":"2020-09-11T17:37:45","guid":{"rendered":"http:\/\/enolife.com.ar\/es\/?p=19769"},"modified":"2020-09-15T19:19:33","modified_gmt":"2020-09-15T19:19:33","slug":"mendoza-y-las-grandes-capitales-del-vino-se-integran-a-la-oiv-como-observadores","status":"publish","type":"post","link":"https:\/\/enolife.com.ar\/es\/mendoza-y-las-grandes-capitales-del-vino-se-integran-a-la-oiv-como-observadores\/","title":{"rendered":"Mendoza y las Grandes Capitales del Vino se integran a la OIV como observadores"},"content":{"rendered":"\n<h4 class=\"wp-block-heading\"><em><strong>A partir del 2 de setiembre, las 11 ciudades del mundo que integran las Grandes Capitales del Vino (Great Wine Capitals, en ingl\u00e9s) forman parte del cuerpo de observadores de la Organizaci\u00f3n Internacional de la Vid y el Vino, con derecho a opinar y aportar para la toma de decisiones del ente rector del vino a nivel global. La inclusi\u00f3n de este grupo de ciudades vitivin\u00edcolas con voz y voto en la OIV forma parte del Plan Estrat\u00e9gico 2020-2024 de la organizaci\u00f3n, con el objetivo de promocionar el enoturismo en todo el mundo.<\/strong><\/em><\/h4>\n\n\n\n<div style=\"height:22px\" aria-hidden=\"true\" class=\"wp-block-spacer\"><\/div>\n\n\n\n<p>El mi\u00e9rcoles 2 de setiembre pasado, la <strong>Organizaci\u00f3n Internacional de la Vid y el Vino (OIV)<\/strong> organiz\u00f3 un encuentro de bienvenida virtual junto con la red mundial de las Grandes Capitales del Vino (<strong>Great Wine Capitals Global Network, GWC)<\/strong>, de la cual forma parte la ciudad de Mendoza. El objetivo de la reuni\u00f3n fue celebrar la inclusi\u00f3n del grupo en calidad de observadores en la OIV.<\/p>\n\n\n\n<div style=\"height:20px\" aria-hidden=\"true\" class=\"wp-block-spacer\"><\/div>\n\n\n\n<div class=\"wp-block-image\"><figure class=\"alignleft size-large is-resized\"><img loading=\"lazy\" decoding=\"async\" src=\"https:\/\/enolife.com.ar\/es\/wp-content\/uploads\/2020\/09\/vanderlinde.jpg\" alt=\"\" class=\"wp-image-19778\" width=\"194\" height=\"149\" srcset=\"https:\/\/enolife.com.ar\/es\/wp-content\/uploads\/2020\/09\/vanderlinde.jpg 411w, https:\/\/enolife.com.ar\/es\/wp-content\/uploads\/2020\/09\/vanderlinde-300x230.jpg 300w\" sizes=\"auto, (max-width: 194px) 100vw, 194px\" \/><\/figure><\/div>\n\n\n\n<p>La presidenta de la OIV, <strong>Regina Vanderlinde<\/strong>, dirigi\u00f3 el discurso de apertura en el que expres\u00f3 su deseo de alcanzar una fruct\u00edfera relaci\u00f3n de colaboraci\u00f3n mutua entre las dos entidades: \u201cComo organizaci\u00f3n intergubernamental de naturaleza cient\u00edfica y t\u00e9cnica, la OIV proporciona una visi\u00f3n general del estado mundial del sector vitivin\u00edcola. Trabaja para armonizar las pr\u00e1cticas y acompa\u00f1a la evoluci\u00f3n del sector a medida que afronta los retos contempor\u00e1neos, como la digitalizaci\u00f3n, el cambio clim\u00e1tico o el enoturismo, gracias a su amplia red de expertos internacionales. Y se apoya en sus observadores para abordar los aspectos m\u00e1s concretos del sector. Cada observador, a trav\u00e9s de la naturaleza espec\u00edfica de su actividad, contribuye a aportar a la OIV diferentes temas para la reflexi\u00f3n. Representan un contacto directo con los actores y las partes interesadas del sector, que es fundamental para la OIV\u201d.<\/p>\n\n\n\n<div style=\"height:38px\" aria-hidden=\"true\" class=\"wp-block-spacer\"><\/div>\n\n\n\n<figure class=\"wp-block-gallery aligncenter columns-2 is-cropped wp-block-gallery-1 is-layout-flex wp-block-gallery-is-layout-flex\"><ul class=\"blocks-gallery-grid\"><li class=\"blocks-gallery-item\"><figure><img loading=\"lazy\" decoding=\"async\" width=\"307\" height=\"211\" src=\"https:\/\/enolife.com.ar\/es\/wp-content\/uploads\/2020\/09\/leparmentier-2.jpg\" alt=\"\" data-id=\"19790\" data-link=\"https:\/\/enolife.com.ar\/es\/?attachment_id=19790\" class=\"wp-image-19790\" srcset=\"https:\/\/enolife.com.ar\/es\/wp-content\/uploads\/2020\/09\/leparmentier-2.jpg 307w, https:\/\/enolife.com.ar\/es\/wp-content\/uploads\/2020\/09\/leparmentier-2-300x206.jpg 300w\" sizes=\"auto, (max-width: 307px) 100vw, 307px\" \/><\/figure><\/li><li class=\"blocks-gallery-item\"><figure><img loading=\"lazy\" decoding=\"async\" width=\"325\" height=\"206\" src=\"https:\/\/enolife.com.ar\/es\/wp-content\/uploads\/2020\/09\/pau-roca-2.jpg\" alt=\"\" data-id=\"19791\" data-full-url=\"https:\/\/enolife.com.ar\/es\/wp-content\/uploads\/2020\/09\/pau-roca-2.jpg\" data-link=\"https:\/\/enolife.com.ar\/es\/?attachment_id=19791\" class=\"wp-image-19791\" srcset=\"https:\/\/enolife.com.ar\/es\/wp-content\/uploads\/2020\/09\/pau-roca-2.jpg 325w, https:\/\/enolife.com.ar\/es\/wp-content\/uploads\/2020\/09\/pau-roca-2-300x190.jpg 300w\" sizes=\"auto, (max-width: 325px) 100vw, 325px\" \/><\/figure><\/li><\/ul><\/figure>\n\n\n\n<div style=\"height:20px\" aria-hidden=\"true\" class=\"wp-block-spacer\"><\/div>\n\n\n\n<p>Durante esta reuni\u00f3n, el director general de la <strong>OIV<\/strong>, <strong>Pau Roca<\/strong>, y la directora ejecutiva de la <strong>GWC<\/strong>, <strong>Catherine Leparmentier,<\/strong> presentaron su estructura respectiva y las ventajas que esta colaboraci\u00f3n generar\u00e1.<\/p>\n\n\n\n<div style=\"height:20px\" aria-hidden=\"true\" class=\"wp-block-spacer\"><\/div>\n\n\n\n<div class=\"wp-block-image\"><figure class=\"alignleft size-large is-resized\"><img loading=\"lazy\" decoding=\"async\" src=\"https:\/\/enolife.com.ar\/es\/wp-content\/uploads\/2020\/09\/faurens.jpg\" alt=\"\" class=\"wp-image-19777\" width=\"181\" height=\"137\" srcset=\"https:\/\/enolife.com.ar\/es\/wp-content\/uploads\/2020\/09\/faurens.jpg 418w, https:\/\/enolife.com.ar\/es\/wp-content\/uploads\/2020\/09\/faurens-300x227.jpg 300w\" sizes=\"auto, (max-width: 181px) 100vw, 181px\" \/><\/figure><\/div>\n\n\n\n<p>A continuaci\u00f3n, tres disertantes de la GWC y su presidente, <strong>Jacques Faurens<\/strong>, brindaron informaci\u00f3n sobre la importancia de la creaci\u00f3n de dicha red de conocimiento y experiencia. En su opini\u00f3n, \u201clos tiempos extraordinarios que el mundo est\u00e1 atravesando actualmente nos hace a\u00fan m\u00e1s determinados para trabajar juntos y dise\u00f1ar un futuro favorable para el sector vitivin\u00edcola\u201d.<\/p>\n\n\n\n<div style=\"height:20px\" aria-hidden=\"true\" class=\"wp-block-spacer\"><\/div>\n\n\n\n<div class=\"wp-block-image\"><figure class=\"alignleft size-large is-resized\"><img loading=\"lazy\" decoding=\"async\" src=\"https:\/\/enolife.com.ar\/es\/wp-content\/uploads\/2020\/09\/peter-gago.jpg\" alt=\"\" class=\"wp-image-19779\" width=\"182\" height=\"111\" srcset=\"https:\/\/enolife.com.ar\/es\/wp-content\/uploads\/2020\/09\/peter-gago.jpg 322w, https:\/\/enolife.com.ar\/es\/wp-content\/uploads\/2020\/09\/peter-gago-300x182.jpg 300w\" sizes=\"auto, (max-width: 182px) 100vw, 182px\" \/><\/figure><\/div>\n\n\n\n<p>El primer disertante, <strong>Peter Gago<\/strong> (en\u00f3logo jefe en Penfolds, Adelaide, <strong>Australia del Sur<\/strong>), explic\u00f3 que el elemento clave de la red es apoyarse en la experiencia de cada uno de sus integrantes para compartir informaci\u00f3n y aprendizajes entre s\u00ed: desde concentrarse en la adaptaci\u00f3n de las empresas, particularmente en un mundo virtual, hasta c\u00f3mo afrontar los retos comunes, como los incendios forestales en California y Australia. <\/p>\n\n\n\n<div style=\"height:20px\" aria-hidden=\"true\" class=\"wp-block-spacer\"><\/div>\n\n\n\n<div class=\"wp-block-image\"><figure class=\"alignleft size-large is-resized\"><img loading=\"lazy\" decoding=\"async\" src=\"https:\/\/enolife.com.ar\/es\/wp-content\/uploads\/2020\/09\/linda.jpg\" alt=\"\" class=\"wp-image-19776\" width=\"183\" height=\"101\" srcset=\"https:\/\/enolife.com.ar\/es\/wp-content\/uploads\/2020\/09\/linda.jpg 316w, https:\/\/enolife.com.ar\/es\/wp-content\/uploads\/2020\/09\/linda-300x165.jpg 300w\" sizes=\"auto, (max-width: 183px) 100vw, 183px\" \/><\/figure><\/div>\n\n\n\n<p><strong>Linda Reiff<\/strong>, presidenta y directora general de la asociaci\u00f3n <strong>Napa Valley <\/strong>Vintners, grab\u00f3 una presentaci\u00f3n donde destac\u00f3 todos los beneficios de la colaboraci\u00f3n entre esta famosa regi\u00f3n vitivin\u00edcola y la red GWC, \u201cque ayud\u00f3 a ser m\u00e1s exitosos tanto en los tiempos mejores como en las \u00e9pocas m\u00e1s dif\u00edciles que la industria atraviesa\u201d. En su opini\u00f3n, compartir informaci\u00f3n, datos, ideas y buenas pr\u00e1cticas es la \u00fanica manera en que podremos y lograremos superar los retos futuros. Tambi\u00e9n expres\u00f3 que el hecho de ser observador dentro de la OIV es particularmente importante para el Valle de Napa, ya que Estados Unidos no es miembro de la OIV. <\/p>\n\n\n\n<div style=\"height:20px\" aria-hidden=\"true\" class=\"wp-block-spacer\"><\/div>\n\n\n\n<div class=\"wp-block-image\"><figure class=\"alignleft size-large is-resized\"><img loading=\"lazy\" decoding=\"async\" src=\"https:\/\/enolife.com.ar\/es\/wp-content\/uploads\/2020\/09\/tim-harris.jpg\" alt=\"\" class=\"wp-image-19775\" width=\"190\" height=\"139\" srcset=\"https:\/\/enolife.com.ar\/es\/wp-content\/uploads\/2020\/09\/tim-harris.jpg 327w, https:\/\/enolife.com.ar\/es\/wp-content\/uploads\/2020\/09\/tim-harris-300x219.jpg 300w\" sizes=\"auto, (max-width: 190px) 100vw, 190px\" \/><\/figure><\/div>\n\n\n\n<p>En representaci\u00f3n de <strong>Ciudad del Cabo<\/strong>, que se incorpor\u00f3 a la red GWC hace muy poco, <strong>Tim Harris<\/strong>, director de Wesgro, la Agencia de Promoci\u00f3n del Turismo, el Comercio y la Inversi\u00f3n en esta ciudad y el Cabo Occidental de Sud\u00e1frica, comenz\u00f3 su intervenci\u00f3n manifestando su acuerdo con los disertantes anteriores. \u201cLa mejor parte de esta cooperaci\u00f3n es la solidaridad y las buenas pr\u00e1cticas compartidas\u201d, declar\u00f3. Como principal ejemplo de estos beneficios, Harris se\u00f1al\u00f3 la crisis de la sequ\u00eda de 2018 en Ciudad del Cabo: \u201cNuestra primera llamada para consultar c\u00f3mo gestionar la crisis fue a nuestros colegas de California, que hab\u00edan experimentado sequ\u00edas similares, como tambi\u00e9n los australianos. Gracias al aprendizaje junto a ellos, nos dimos cuenta c\u00f3mo podr\u00edamos organizar el cambio de conducta en relaci\u00f3n con la utilizaci\u00f3n de agua en el Cabo. El resultado fue una reducci\u00f3n de casi el 60% en el uso del agua por persona y el dato alentador es que este porcentaje en gran medida se mantuvo\u201d, explic\u00f3. Seg\u00fan Tim Harris, el dr\u00e1stico cambio de actitud en relaci\u00f3n con el agua en Ciudad del Cabo podr\u00eda ser servir como modelo para el resto del mundo, para afrontar las consecuencias del cambio clim\u00e1tico. En la opini\u00f3n del representante sudafricano, el sector del vino y el turismo es \u201cun socio realmente importante para gestionar una notable recuperaci\u00f3n de Ciudad del Cabo y el Cabo Occidental\u201d. Tim Harris culmin\u00f3 su discurso expresando su alegr\u00eda \u201cpor ser parte de la OIV, junto a los miembros de la GWC\u201d, que en su opini\u00f3n \u201cpuede ayudar a transformar la granindustria vitivin\u00edcola en una fuente de empleo a\u00fan mayor para los sudafricanos\u201d.<\/p>\n\n\n\n<div style=\"height:20px\" aria-hidden=\"true\" class=\"wp-block-spacer\"><\/div>\n\n\n\n<div class=\"wp-block-image\"><figure class=\"alignleft size-large is-resized\"><img loading=\"lazy\" decoding=\"async\" src=\"https:\/\/enolife.com.ar\/es\/wp-content\/uploads\/2020\/09\/image-22.png\" alt=\"\" class=\"wp-image-19784\" width=\"202\" height=\"129\" srcset=\"https:\/\/enolife.com.ar\/es\/wp-content\/uploads\/2020\/09\/image-22.png 317w, https:\/\/enolife.com.ar\/es\/wp-content\/uploads\/2020\/09\/image-22-300x191.png 300w\" sizes=\"auto, (max-width: 202px) 100vw, 202px\" \/><\/figure><\/div>\n\n\n\n<p>Finalmente, <strong>Fabrice Bernard<\/strong> (Mill\u00e9sima, Burdeos, Francia) reconoci\u00f3 que la situaci\u00f3n actual en Burdeos, provocada por los nuevos paradigmas sanitarios, es  similar a la de las dem\u00e1s regiones de la red. Sin embargo, el vertiginoso ritmo de cambio en el sector se ha visto mitigado por la eficiente comunicaci\u00f3n y el intercambio de ideas. Por lo tanto, se trata de una \u201cmuy buena oportunidad  para la OIV y la GWC poder estar ahora en la misma red\u201d y as\u00ed poder adaptarse con mayor agilidad.<\/p>\n\n\n\n<div style=\"height:20px\" aria-hidden=\"true\" class=\"wp-block-spacer\"><\/div>\n\n\n\n<p><strong>Ver reuni\u00f3n completa (Ingl\u00e9s)<\/strong><\/p>\n\n\n\n<div style=\"height:20px\" aria-hidden=\"true\" class=\"wp-block-spacer\"><\/div>\n\n\n\n<figure class=\"wp-block-embed-youtube wp-block-embed is-type-video is-provider-youtube wp-embed-aspect-16-9 wp-has-aspect-ratio\"><div class=\"wp-block-embed__wrapper\">\n<iframe loading=\"lazy\" title=\"Welcome to the new OIV observer: the Great Wine Capitals Global Network\" width=\"1170\" height=\"658\" src=\"https:\/\/www.youtube.com\/embed\/73c8eXic1JM?feature=oembed\" frameborder=\"0\" allow=\"accelerometer; autoplay; encrypted-media; gyroscope; picture-in-picture\" allowfullscreen><\/iframe>\n<\/div><\/figure>\n\n\n\n<div style=\"height:78px\" aria-hidden=\"true\" class=\"wp-block-spacer\"><\/div>\n\n\n\n<p class=\"has-medium-font-size\"><strong>Seminario \u201cPerspectivas para el enoturismo en el contexto del covid-19<\/strong>\u00ab<\/p>\n\n\n\n<p>La bienvenida de la red GWC como observador dentro de la OIV se enmarca dentro del Plan Estrat\u00e9gico 2020-2024, con el objetivo de promover el enoturismo en el mundo. En este sentido, la OIV firm\u00f3 en enero pasado un acta de entendimiento con el secretario general de la Organizaci\u00f3n Mundial del Turismo (OMT), Zurab Pololikashvili, para la promoci\u00f3n del enoturismo como herramienta de desarrollo rural.<\/p>\n\n\n\n<p>La situaci\u00f3n generada en los \u00faltimos meses a ra\u00edz de la pandemia de covid-19 ha reforzado la necesidad de reflexionar de manera colectiva a escala internacional sobre c\u00f3mo el enoturismo puede tener un impacto directo en el territorio y ser una herramienta efectiva para el desarrollo rural. <\/p>\n\n\n\n<p>La colaboraci\u00f3n entre las dos entidades abrir\u00e1 debates a escala mundial y conseguir\u00e1 logros concretos en este \u00e1mbito. El primer logro de esta colaboraci\u00f3n se materializar\u00e1 pronto a trav\u00e9s de la organizaci\u00f3n en com\u00fan de un seminario web sobre el tema \u201cPerspectivas para el enoturismo en el contexto de la covid-19\u201d, el 22 de setiembre a las 13 hora de Argentina. Junto a la OMT y el \u00abThink Tank\u00bb del Enoturismo Internacional, la OIV y la GWC invitan a disertantes de todo el mundo a evaluar el impacto del covid-19 sobre el enoturismo, a pensar en qu\u00e9 soluciones innovadoras se est\u00e1n aplicando, como tambi\u00e9n algunas estrategias colectivas que deber\u00edan adoptarse. <\/p>\n\n\n\n<p>En esta oportunidad, Catherine Leparmentier Dayot, directora ejecutiva de la GWC, se concentrar\u00e1 en la organizaci\u00f3n y gesti\u00f3n de las experiencias al aire libre, con \u00e9nfasis en las perspectivas para la ciudad de Burdeos. Pronto se abrir\u00e1n las inscripciones para este seminario web<\/p>\n\n\n\n<div style=\"height:20px\" aria-hidden=\"true\" class=\"wp-block-spacer\"><\/div>\n\n\n\n<p class=\"has-background has-very-light-gray-background-color\"><strong>Observadores de la OIV:<\/strong><br><br><a href=\"https:\/\/europa.eu\/european-union\/index_es\">UE<\/a>&nbsp;&#8211; Uni\u00f3n Europea<br><a href=\"https:\/\/www.aidv.org\/\" target=\"_blank\" rel=\"noreferrer noopener\">AIDV<\/a>&nbsp;&#8211; Asociaci\u00f3n Internacional de Juristas de Derecho de la Vi\u00f1a y el Vino<br><a href=\"https:\/\/www.amorimcork.com\/es\/academia-amorim\/\" target=\"_blank\" rel=\"noreferrer noopener\">Academia Internacional Amorim<\/a><br><a href=\"http:\/\/www.arev.org\/es\" target=\"_blank\" rel=\"noreferrer noopener\">AREV<\/a>&nbsp;&#8211; Asamblea de las Regiones Europeas Vit\u00edcolas<br>AUIV &#8211; Asociaci\u00f3n Universitaria Internacional del Vino y de los Productos de la Vi\u00f1a<br><a href=\"http:\/\/www.cervim.org\/es\/viticultura-monta-a-forte-pendiente.aspx\">CERVIM<\/a>&nbsp;&#8211; Centro di Ricerche, Studi e Valorizzazione per la Viticoltura Montana<br><a href=\"https:\/\/www.fivs.org\/?lang=es\" target=\"_blank\" rel=\"noreferrer noopener\">FIVS<\/a>&nbsp;&#8211; Federaci\u00f3n Internacional de los Vinos y Bebidas espirituosas<br><a href=\"http:\/\/www.oenoppia.com\/\" target=\"_blank\" rel=\"noreferrer noopener\">OENOPPIA<\/a>&nbsp;&#8211; Oenological Products and Practices International Association<br><a href=\"http:\/\/www.uioe.eu\/\" target=\"_blank\" rel=\"noreferrer noopener\">UIOE<\/a>&nbsp;&#8211; Uni\u00f3n Internacional de En\u00f3logos<br><a href=\"https:\/\/www.vinofed.com\/es\/\" target=\"_blank\" rel=\"noreferrer noopener\">VINOFED<\/a>&nbsp;&#8211; Federaci\u00f3n Mundial de los Grandes Concursos Internacionales de vinos y Bebidas espirituosas<br><a href=\"https:\/\/asi.info\/fr\/\" target=\"_blank\" rel=\"noreferrer noopener\">ASI<\/a>&nbsp;&#8211; Association de la Sommellerie Internationale<br><a href=\"https:\/\/www.wineinmoderation.eu\/es\/home\/\" target=\"_blank\" rel=\"noreferrer noopener\">WIM&nbsp;<\/a>&#8211; Wine in Moderation<br><a href=\"http:\/\/www.yantai.gov.cn\/\" target=\"_blank\" rel=\"noreferrer noopener\">Yanta\u00ef (China)<\/a>, ciudad-prefectura<br><a href=\"http:\/\/www.nx.gov.cn\/\" target=\"_blank\" rel=\"noreferrer noopener\">Regi\u00f3n aut\u00f3noma de Ningxia Hui<\/a>, China<br><a href=\"https:\/\/www.greatwinecapitals.com\/about\/spanish\">GWC&nbsp;<\/a>&#8211; The Great Wine Capitals Global Network<\/p>\n\n\n\n<p class=\"has-small-font-size\"><strong><em>Fuente: OIV<\/em><\/strong><\/p>\n\n\n\n<div style=\"height:20px\" aria-hidden=\"true\" class=\"wp-block-spacer\"><\/div>\n","protected":false},"excerpt":{"rendered":"<p>A partir del 2 de setiembre, las 11 ciudades del mundo que integran las Grandes&hellip;<\/p>\n","protected":false},"author":3,"featured_media":19799,"comment_status":"open","ping_status":"open","sticky":false,"template":"","format":"standard","meta":{"footnotes":""},"categories":[11],"tags":[],"class_list":["post-19769","post","type-post","status-publish","format-standard","has-post-thumbnail","hentry","category-enoturismo"],"_links":{"self":[{"href":"https:\/\/enolife.com.ar\/es\/wp-json\/wp\/v2\/posts\/19769","targetHints":{"allow":["GET"]}}],"collection":[{"href":"https:\/\/enolife.com.ar\/es\/wp-json\/wp\/v2\/posts"}],"about":[{"href":"https:\/\/enolife.com.ar\/es\/wp-json\/wp\/v2\/types\/post"}],"author":[{"embeddable":true,"href":"https:\/\/enolife.com.ar\/es\/wp-json\/wp\/v2\/users\/3"}],"replies":[{"embeddable":true,"href":"https:\/\/enolife.com.ar\/es\/wp-json\/wp\/v2\/comments?post=19769"}],"version-history":[{"count":0,"href":"https:\/\/enolife.com.ar\/es\/wp-json\/wp\/v2\/posts\/19769\/revisions"}],"wp:featuredmedia":[{"embeddable":true,"href":"https:\/\/enolife.com.ar\/es\/wp-json\/wp\/v2\/media\/19799"}],"wp:attachment":[{"href":"https:\/\/enolife.com.ar\/es\/wp-json\/wp\/v2\/media?parent=19769"}],"wp:term":[{"taxonomy":"category","embeddable":true,"href":"https:\/\/enolife.com.ar\/es\/wp-json\/wp\/v2\/categories?post=19769"},{"taxonomy":"post_tag","embeddable":true,"href":"https:\/\/enolife.com.ar\/es\/wp-json\/wp\/v2\/tags?post=19769"}],"curies":[{"name":"wp","href":"https:\/\/api.w.org\/{rel}","templated":true}]}}