{"id":19532,"date":"2020-09-14T16:06:51","date_gmt":"2020-09-14T16:06:51","guid":{"rendered":"http:\/\/enolife.com.ar\/es\/?p=19532"},"modified":"2020-09-18T01:59:21","modified_gmt":"2020-09-18T01:59:21","slug":"fundan-en-mendoza-la-asociacion-argentina-de-sommeliers-de-aceite-de-oliva","status":"publish","type":"post","link":"https:\/\/enolife.com.ar\/es\/fundan-en-mendoza-la-asociacion-argentina-de-sommeliers-de-aceite-de-oliva\/","title":{"rendered":"Fundan en Mendoza la Asociaci\u00f3n Argentina de Sommeliers de Aceite de Oliva"},"content":{"rendered":"\n<h4 class=\"wp-block-heading\"><em><strong>En respuesta a una solicitud de sus alumnos, los especialistas en aceite de oliva y docentes universitarios Stella Vannucci y Juan Carlos Garc\u00eda Zuloaga constituyeron en agosto pasado -desde Mendoza y con proyecci\u00f3n nacional e internacional- la Asociaci\u00f3n Argentina de Sommeliers de Aceite de Oliva. Esta agrupaci\u00f3n tiene la misi\u00f3n declarada de capacitar m\u00e1s expertos y \u00abdifundir la cultura milenaria del olivo, sus frutos y su aceite\u00bb. Ya funcionan delegaciones en Buenos Aires, C\u00f3rdoba, San Juan y Bogot\u00e1, Colombia. <\/strong><\/em><\/h4>\n\n\n\n<div style=\"height:20px\" aria-hidden=\"true\" class=\"wp-block-spacer\"><\/div>\n\n\n<a href=\"https:\/\/sudafilt.com\/\" aria-label=\"SUDAFILT 1700X500 NOV25\"><img loading=\"lazy\" decoding=\"async\" src=\"https:\/\/enolife.com.ar\/es\/wp-content\/uploads\/2020\/07\/SUDAFILT-1700X500-NOV25.gif\" alt=\"\"  width=\"1700\" height=\"500\"   \/><\/a>\n\n\n<div style=\"height:53px\" aria-hidden=\"true\" class=\"wp-block-spacer\"><\/div>\n\n\n\n<p>El 1 de agosto de 2020 los profesores y sommeliers <strong>Stella Vannucci<\/strong> y <strong>Juan Carlos Garc\u00eda Zuloaga<\/strong> lideraron la creaci\u00f3n en Mendoza de la <strong>Asociaci\u00f3n Argentina de Someliers de Aceites de Oliva<\/strong>. En la mesa (foto principal) estuvieron presentes <strong>Alejandra Alonso,  Rub\u00e9n Lldan, Adriana Carrasco y Nicol\u00e1s Birbaun<\/strong>. En el acta constitutiva se explicita que la misi\u00f3n del grupo es \u00abdifundir la cultura milenaria del olivo, sus frutos y su aceite\u00bb.<\/p>\n\n\n\n<div style=\"height:20px\" aria-hidden=\"true\" class=\"wp-block-spacer\"><\/div>\n\n\n\n<p class=\"has-text-align-center has-medium-font-size\"><strong>Logo de la Asociaci\u00f3n<\/strong><\/p>\n\n\n\n<div class=\"wp-block-image\"><figure class=\"aligncenter size-large is-resized\"><img loading=\"lazy\" decoding=\"async\" src=\"https:\/\/enolife.com.ar\/es\/wp-content\/uploads\/2020\/09\/image-23.png\" alt=\"\" class=\"wp-image-19869\" width=\"350\" height=\"108\" srcset=\"https:\/\/enolife.com.ar\/es\/wp-content\/uploads\/2020\/09\/image-23.png 867w, https:\/\/enolife.com.ar\/es\/wp-content\/uploads\/2020\/09\/image-23-300x93.png 300w, https:\/\/enolife.com.ar\/es\/wp-content\/uploads\/2020\/09\/image-23-768x237.png 768w, https:\/\/enolife.com.ar\/es\/wp-content\/uploads\/2020\/09\/image-23-585x181.png 585w\" sizes=\"auto, (max-width: 350px) 100vw, 350px\" \/><\/figure><\/div>\n\n\n\n<div style=\"height:20px\" aria-hidden=\"true\" class=\"wp-block-spacer\"><\/div>\n\n\n\n<p>Los fundadores de la Asociaci\u00f3n contaron cu\u00e1l fue el disparador de su iniciativa. Desde su base en la Fundaci\u00f3n Seminare, y con sus cursos y c\u00e1tedras en varias universidades, Vannucci y Garc\u00eda Zuloaga han capacitado desde 2004 a m\u00e1s de 600 alumnos sobre la historia, los beneficios y la importancia econ\u00f3mica del aceite de oliva, en Mendoza, Argentina y el mundo. <\/p>\n\n\n\n<div style=\"height:20px\" aria-hidden=\"true\" class=\"wp-block-spacer\"><\/div>\n\n\n\n<figure class=\"wp-block-gallery columns-2 is-cropped wp-block-gallery-1 is-layout-flex wp-block-gallery-is-layout-flex\"><ul class=\"blocks-gallery-grid\"><li class=\"blocks-gallery-item\"><figure><img loading=\"lazy\" decoding=\"async\" width=\"960\" height=\"720\" src=\"https:\/\/enolife.com.ar\/es\/wp-content\/uploads\/2020\/09\/stella-2.jpg\" alt=\"\" data-id=\"19871\" data-link=\"https:\/\/enolife.com.ar\/es\/?attachment_id=19871\" class=\"wp-image-19871\" srcset=\"https:\/\/enolife.com.ar\/es\/wp-content\/uploads\/2020\/09\/stella-2.jpg 960w, https:\/\/enolife.com.ar\/es\/wp-content\/uploads\/2020\/09\/stella-2-300x225.jpg 300w, https:\/\/enolife.com.ar\/es\/wp-content\/uploads\/2020\/09\/stella-2-768x576.jpg 768w, https:\/\/enolife.com.ar\/es\/wp-content\/uploads\/2020\/09\/stella-2-585x439.jpg 585w\" sizes=\"auto, (max-width: 960px) 100vw, 960px\" \/><figcaption class=\"blocks-gallery-item__caption\"><strong>Stella Vannucci<\/strong><\/figcaption><\/figure><\/li><li class=\"blocks-gallery-item\"><figure><img loading=\"lazy\" decoding=\"async\" width=\"561\" height=\"554\" src=\"https:\/\/enolife.com.ar\/es\/wp-content\/uploads\/2020\/09\/juan-carlos.jpg\" alt=\"\" data-id=\"19872\" data-full-url=\"https:\/\/enolife.com.ar\/es\/wp-content\/uploads\/2020\/09\/juan-carlos.jpg\" data-link=\"https:\/\/enolife.com.ar\/es\/?attachment_id=19872\" class=\"wp-image-19872\" srcset=\"https:\/\/enolife.com.ar\/es\/wp-content\/uploads\/2020\/09\/juan-carlos.jpg 561w, https:\/\/enolife.com.ar\/es\/wp-content\/uploads\/2020\/09\/juan-carlos-300x296.jpg 300w\" sizes=\"auto, (max-width: 561px) 100vw, 561px\" \/><figcaption class=\"blocks-gallery-item__caption\"><strong>Juan Carlos Garc\u00eda Zuloaga<\/strong><\/figcaption><\/figure><\/li><\/ul><\/figure>\n\n\n\n<div style=\"height:20px\" aria-hidden=\"true\" class=\"wp-block-spacer\"><\/div>\n\n\n\n<p>En distintas reuniones previas a la constituci\u00f3n de la Asociaci\u00f3n, sus mismos alumnos les manifestaron su inter\u00e9s en crear una asociaci\u00f3n que los agrupase. As\u00ed naci\u00f3 la Asociaci\u00f3n Argentina de Sommeliers de Aceites de Oliva, que entre sus objetivos tiene la creaci\u00f3n de delegaciones en las distintas provincias de Argentina y en otros pa\u00edses. De hecho, reci\u00e9n fundada, ya la Asociaci\u00f3n ha puesto en marcha delegaciones en <strong>San Juan<\/strong>, <strong>Buenos Aires<\/strong>, <strong>C\u00f3rdoba<\/strong> y <strong>Bogot\u00e1,<\/strong> Colombia.<\/p>\n\n\n\n<div style=\"height:20px\" aria-hidden=\"true\" class=\"wp-block-spacer\"><\/div>\n\n\n\n<blockquote class=\"wp-block-quote is-layout-flow wp-block-quote-is-layout-flow\"><p>Nuestra misi\u00f3n es difundir la cultura milenaria del olivo, sus frutos y su aceite\u00bb<\/p><cite>Stella Vannucci, sommelier y docente fundadora de la Asociaci\u00f3n.<\/cite><\/blockquote>\n\n\n\n<div style=\"height:20px\" aria-hidden=\"true\" class=\"wp-block-spacer\"><\/div>\n\n\n\n<p>Los sommeliers egresados de los cursos de Vannucci y Garc\u00eda Zuloaga en la <strong>Universidad Juan A. Maza<\/strong> y en la <strong>Escuela Internacional de Turismo, Gastronom\u00eda y Hoteler\u00eda de Mendoza<\/strong> ingresan como socios activos a la nueva instituci\u00f3n, y en ese marco, en los cursos y catas que se brindan, pueden adquirir mayores conocimientos. Pero en este mes y medio de vida de la Asociaci\u00f3n, ya ha habido muchas personas que, sin ser sommeliers, se interesan en sumarse para conocer los aromas y placeres que provee el noble alimento, tambi\u00e9n llamado \u00aboro verde\u00bb. En este caso, cualquiera puede integrarse como \u201csocio adherente\u201d.<\/p>\n\n\n\n<p>Entre los objetivos puntuales de la Asociaci\u00f3n, adem\u00e1s de la misi\u00f3n general ya explicitada, se destaca el de \u201cpreservar y difundir los valores de la <strong>Dieta Mediterr\u00e1nea<\/strong> como una de las dieta m\u00e1s sanas que se conocen, la que ha sido reconocida como <strong>Patrimonio Cultural de la Humanidad por la Unesco<\/strong>.\u201d<\/p>\n\n\n\n<p>Tambi\u00e9n es objetivo de la Asociaci\u00f3n \u201crevitalizar y poner en valor la <strong>Ruta del Olivo<\/strong>\u201d , creada en 2006 por la Fundaci\u00f3n Seminare. Este singular recorrido gastron\u00f3mico y cultural se ha realizado hasta el inicio de la pandemia en restaurantes de Mendoza y el pa\u00eds, que presentan comidas especialmente preparadas con aceites de oliva virgen extra de Mendoza y otras provincias argentinas.<\/p>\n\n\n\n<div style=\"height:43px\" aria-hidden=\"true\" class=\"wp-block-spacer\"><\/div>\n\n\n\n<p style=\"background-color:#4f9050\" class=\"has-text-color has-background has-text-align-left has-very-light-gray-color\"><strong>Breve historia de una pasi\u00f3n mendocina<\/strong><br><br>&#8211; En <strong>2004<\/strong>, Vannucci y Garc\u00eda Zuloaga fundaron la <strong>C\u00e1mara Oliv\u00edcola de Mendoza<\/strong>.<br><br>&#8211; En el <strong>mismo a\u00f1o<\/strong>, ya integrados en la <strong>Fundaci\u00f3n Seminare<\/strong>, organizaron la <strong>Fiesta Provincial de la Olivicultura<\/strong>, con elecci\u00f3n de una <strong>Reina Provincial<\/strong>. Este evento se ha realizado desde 2004 hasta el presente, posterg\u00e1ndose en 2020 por la pandemia.<br><br>&#8211; Siempre desde la Fundaci\u00f3n Seminare, en <strong>2005<\/strong> crearon la <strong>Cofrad\u00eda de la Virgen del Olivo<\/strong>, que cada a\u00f1o, en un encuentro nacional, incorpora nuevos c\u00f3frades.<br><br>&#8211; En <strong>2006<\/strong> crearon y organizaron la <strong>Ruta del Olivo <\/strong>a trav\u00e9s de un circuito de restaurantes adheridos de Mendoza, que en un primer momento consisti\u00f3 en un concurso donde los restaurantes preparaban comidas con aceite de oliva y luego se populariz\u00f3 brindando a turistas y comensales la posibilidad de asistir y degustar.<br><br>&#8211; Tambi\u00e9n en <strong>2006<\/strong> comenzaron con los cursos de <strong>Cata de Aceite de Oliva<\/strong> y <strong>Sommeliers de Aceites de Oliva<\/strong>, y posteriormente con la <strong>Diplomatura del Vino y el Olivo<\/strong>.<br><br>&#8211; Desde <strong>2007 hasta 2020<\/strong> inclusive vienen realizando el concurso <br><strong>CuyOliva Internacional.<\/strong><br><br>&#8211; Desde 2006 a la fecha han dictado 26 cursos de <strong>Sommelier de Aceites de Oliva<\/strong> en la <strong>Universidad Juan A. Maza<\/strong> y en la <strong>Escuela Internacional de Tursimo, Gastronom\u00eda y Hoteler\u00eda de Mendoza<\/strong>, de los que egresaron m\u00e1s de 600 alumnos.<br><br>&#8211; Fundaci\u00f3n Seminare ha sido la instituci\u00f3n a trav\u00e9s de la cual Vannucci y Garc\u00eda Zuloaga han organizado todos estos proyectos y programas oliv\u00edcolas.<\/p>\n\n\n\n<div style=\"height:20px\" aria-hidden=\"true\" class=\"wp-block-spacer\"><\/div>\n\n\n\n\n\n<div style=\"height:60px\" aria-hidden=\"true\" class=\"wp-block-spacer\"><\/div>\n\n\n\n<p class=\"has-medium-font-size\"><strong>Actividades actuales: un curso de cata y un concurso internacional <\/strong><\/p>\n\n\n\n<p><img loading=\"lazy\" decoding=\"async\" width=\"389\" height=\"240\" src=\"\">La <strong>Fundaci\u00f3n Seminare<\/strong> y la <strong>Asociaci\u00f3n de Sommeliers de Argentina<\/strong> tienen en marcha dos eventos que a continuaci\u00f3n detallamos.<\/p>\n\n\n\n<p>Por un lado, el ya tradicional <strong>Concurso Internacional CuyoOliva<\/strong>, en su edici\u00f3n 2020. A la espera de recibir la autorizaci\u00f3n para reunir a los jurados, cuando la situaci\u00f3n sanitaria lo permita, Vannucci, Garc\u00eda Zuloaga y sus asociados <strong>siguen recibiendo muestra<\/strong>s para el concurso, que otorga diplomas y certificaci\u00f3n de calidad a los participantes premiados. Para mayores datos y solicitar las bases del concurso, hay que enviar un correo a <strong>oleovid@gmail.com<\/strong><\/p>\n\n\n\n<div style=\"height:20px\" aria-hidden=\"true\" class=\"wp-block-spacer\"><\/div>\n\n\n\n<div class=\"wp-block-image\"><figure class=\"alignleft size-large is-resized\"><img loading=\"lazy\" decoding=\"async\" src=\"https:\/\/enolife.com.ar\/es\/wp-content\/uploads\/2020\/09\/curso.jpg\" alt=\"\" class=\"wp-image-19866\" width=\"321\" height=\"358\" srcset=\"https:\/\/enolife.com.ar\/es\/wp-content\/uploads\/2020\/09\/curso.jpg 656w, https:\/\/enolife.com.ar\/es\/wp-content\/uploads\/2020\/09\/curso-268x300.jpg 268w, https:\/\/enolife.com.ar\/es\/wp-content\/uploads\/2020\/09\/curso-585x654.jpg 585w\" sizes=\"auto, (max-width: 321px) 100vw, 321px\" \/><\/figure><\/div>\n\n\n\n<p>Por otra parte, en los pr\u00f3ximos d\u00edas, exactamente el 23 de setiembre a las 19 horas, comenzar\u00e1 el nuevo <strong>Curso de Sommelier de Aceite de Oliva<\/strong>. <\/p>\n\n\n\n<p>La modalidad, obviamente, es online, por videoconferencias, todos los d\u00edas mi\u00e9rcoles a partir de las 19 horas. <\/p>\n\n\n\n<p>El valor del curso es $6.000, pagaderos en 3 cuotas de $2.000. <\/p>\n\n\n\n<p>La duraci\u00f3n, 3 meses. Para mayores informaciones, los interesados deben contactarse con la Fundaci\u00f3n Seminare, a los tel\u00e9fonos <strong>2615079445<\/strong> y <strong>2614686251.<\/strong><\/p>\n\n\n\n<p><\/p>\n","protected":false},"excerpt":{"rendered":"<p>En respuesta a una solicitud de sus alumnos, los especialistas en aceite de oliva y&hellip;<\/p>\n","protected":false},"author":3,"featured_media":19856,"comment_status":"open","ping_status":"open","sticky":false,"template":"","format":"standard","meta":{"footnotes":""},"categories":[14],"tags":[],"class_list":["post-19532","post","type-post","status-publish","format-standard","has-post-thumbnail","hentry","category-news"],"_links":{"self":[{"href":"https:\/\/enolife.com.ar\/es\/wp-json\/wp\/v2\/posts\/19532","targetHints":{"allow":["GET"]}}],"collection":[{"href":"https:\/\/enolife.com.ar\/es\/wp-json\/wp\/v2\/posts"}],"about":[{"href":"https:\/\/enolife.com.ar\/es\/wp-json\/wp\/v2\/types\/post"}],"author":[{"embeddable":true,"href":"https:\/\/enolife.com.ar\/es\/wp-json\/wp\/v2\/users\/3"}],"replies":[{"embeddable":true,"href":"https:\/\/enolife.com.ar\/es\/wp-json\/wp\/v2\/comments?post=19532"}],"version-history":[{"count":0,"href":"https:\/\/enolife.com.ar\/es\/wp-json\/wp\/v2\/posts\/19532\/revisions"}],"wp:featuredmedia":[{"embeddable":true,"href":"https:\/\/enolife.com.ar\/es\/wp-json\/wp\/v2\/media\/19856"}],"wp:attachment":[{"href":"https:\/\/enolife.com.ar\/es\/wp-json\/wp\/v2\/media?parent=19532"}],"wp:term":[{"taxonomy":"category","embeddable":true,"href":"https:\/\/enolife.com.ar\/es\/wp-json\/wp\/v2\/categories?post=19532"},{"taxonomy":"post_tag","embeddable":true,"href":"https:\/\/enolife.com.ar\/es\/wp-json\/wp\/v2\/tags?post=19532"}],"curies":[{"name":"wp","href":"https:\/\/api.w.org\/{rel}","templated":true}]}}