{"id":19331,"date":"2020-09-04T20:21:34","date_gmt":"2020-09-04T20:21:34","guid":{"rendered":"http:\/\/enolife.com.ar\/es\/?p=19331"},"modified":"2020-09-07T20:33:57","modified_gmt":"2020-09-07T20:33:57","slug":"con-252-millones-que-vienen-de-nacion-arranco-la-campana-2020-2021-contra-la-polilla-de-la-vid","status":"publish","type":"post","link":"https:\/\/enolife.com.ar\/es\/con-252-millones-que-vienen-de-nacion-arranco-la-campana-2020-2021-contra-la-polilla-de-la-vid\/","title":{"rendered":"Con $252 millones que vienen de Naci\u00f3n, arranc\u00f3 la campa\u00f1a 2020-2021 contra la polilla de la vid"},"content":{"rendered":"\n<h4 class=\"wp-block-heading\"><em><strong>El lunes 7\/9 se conocer\u00e1n los oferentes a la licitaci\u00f3n y se definir\u00e1 el proveedor de difusores de feromonas. Tras este paso, en pocos d\u00edas m\u00e1s el Iscamen, del gobierno de Mendoza, comenzar\u00e1 la distribuci\u00f3n de las \u00abperchitas\u00bb que se cuelgan en los alambres de los vi\u00f1as. As\u00ed, ya con el tiempo contado por la pronta aparici\u00f3n de la lobesia botrana en las fincas, se inicia el combate anual con el compromiso de fondeo del gobierno nacional, obtenido gracias a gestiones conjuntas del ministro de Econom\u00eda de Mendoza, Enrique Vaqui\u00e9; el presidente del Instituto Nacional de Vitivinicultura, Mart\u00edn Hinojosa; la senadora nacional peronista por Mendoza, Anabel Fern\u00e1ndez Sagasti y el gobernador de San Juan, Sergio U\u00f1ac.<\/strong><\/em><\/h4>\n\n\n\n<div style=\"height:20px\" aria-hidden=\"true\" class=\"wp-block-spacer\"><\/div>\n\n\n\n<p><strong>Por Pedro Straniero<\/strong><br><em>(pstraniero@enolife.com.ar)<\/em><\/p>\n\n\n\n<div style=\"height:20px\" aria-hidden=\"true\" class=\"wp-block-spacer\"><\/div>\n\n\n\n<p>Los productores mendocinos estaban preocupados por la demora en iniciar la campa\u00f1a anual de lucha contra la plaga que da\u00f1a los vi\u00f1edos y provoca perjuicios econ\u00f3micos, no s\u00f3lo por afectar la calidad del vino sino porque puede incidir en las exportaciones, al haber regulaciones internacionales al respecto. <\/p>\n\n\n\n<p>Para el plan de lucha en 2020-2021, el <strong>gobierno de Mendoza<\/strong> y el <strong>Iscamen<\/strong> han presupuestado un total de <strong>$502 millones<\/strong>, de los cuales <strong>$170 millones<\/strong> debe poner el Estado local, <strong>$252 millones<\/strong> el Estado nacional y <strong>$80 millones <\/strong>los propios productores, a trav\u00e9s de un aporte establecido en la ley provincial <strong>9076<\/strong>.  <\/p>\n\n\n\n<p>Ahora, con las \u00faltimas novedades, ha llegado la tranquilidad a <strong>Mendoza<\/strong> y <strong>San Juan<\/strong>. Es que, por una parte, el pr\u00f3ximo lunes 7 se definir\u00e1 el proveedor de difusores de feromonas. Y por otro lado, lo m\u00e1s importante, el <strong>Ministerio de Agricultura de la Naci\u00f3n<\/strong> asegur\u00f3 que en d\u00edas comenzar\u00e1 a enviar los $252 millones comprometidos para tal fin. <\/p>\n\n\n\n<div style=\"height:20px\" aria-hidden=\"true\" class=\"wp-block-spacer\"><\/div>\n\n\n\n<div class=\"wp-block-image\"><figure class=\"aligncenter size-large is-resized\"><img loading=\"lazy\" decoding=\"async\" src=\"https:\/\/enolife.com.ar\/es\/wp-content\/uploads\/2020\/09\/cuadro-inv-1-1024x383.jpg\" alt=\"\" class=\"wp-image-19390\" width=\"790\" height=\"295\" srcset=\"https:\/\/enolife.com.ar\/es\/wp-content\/uploads\/2020\/09\/cuadro-inv-1-1024x383.jpg 1024w, https:\/\/enolife.com.ar\/es\/wp-content\/uploads\/2020\/09\/cuadro-inv-1-300x112.jpg 300w, https:\/\/enolife.com.ar\/es\/wp-content\/uploads\/2020\/09\/cuadro-inv-1-768x287.jpg 768w, https:\/\/enolife.com.ar\/es\/wp-content\/uploads\/2020\/09\/cuadro-inv-1-585x219.jpg 585w, https:\/\/enolife.com.ar\/es\/wp-content\/uploads\/2020\/09\/cuadro-inv-1.jpg 1121w\" sizes=\"auto, (max-width: 790px) 100vw, 790px\" \/><\/figure><\/div>\n\n\n\n<div style=\"height:20px\" aria-hidden=\"true\" class=\"wp-block-spacer\"><\/div>\n\n\n\n<p>As\u00ed lo dio a entender la senadora nacional por Mendoza <strong>Anabel Fern\u00e1ndez Sagasti<\/strong>, al publicar el 3\/9 a las 4.11 PM en su <strong>Twitter<\/strong>: <em>\u00abLlegan buenas noticias desde @AgriculturaAR  para los productores de Mendoza, respecto de los fondos para el control de Lobesia: el monto es muy superior al de las \u00faltimas temporadas. Es una gran oportunidad para que menos productores paguen otra contribuci\u00f3n que los asfixia\u00bb<\/em>.<\/p>\n\n\n\n<p>Y m\u00e1s tarde ese d\u00eda, el mismo 3\/9, otro de los principales protagonistas de la gesti\u00f3n de fondos, el titular del INV Mart\u00edn Hinojosa, se lo confirm\u00f3 <strong>en exclusiva a Enolife<\/strong>: <em>\u00abLlegan los fondos para la lucha contra la lobesia; fue un arduo trabajo para lograr que se destrabaran los fondos que hicimos junto a Anabel (Fern\u00e1ndez Sagasti) y el gobernador sanjuanino Sergio U\u00f1ac, y por supuesto junto al propio ministro de Agricultura Luis Basterra; es que hay varias provincias que tienen otras plagas, por ejemplo R\u00edo Negro que tiene grafolita y carpocapsa, y todas esas provincias est\u00e1n golpeando la puerta del Ministerio para que les provean los fondos&#8230;\u00bb <\/em><\/p>\n\n\n\n<div style=\"height:20px\" aria-hidden=\"true\" class=\"wp-block-spacer\"><\/div>\n\n\n\n<p class=\"has-background has-medium-font-size has-very-light-gray-background-color\"><strong>La lobesia ingres\u00f3 hace 10 a\u00f1os y hoy est\u00e1 derrotada en un 95%<\/strong><\/p>\n\n\n\n<p class=\"has-background has-very-light-gray-background-color\">La estrategia y la intervenci\u00f3n del <strong>Iscamen<\/strong> contra la polilla de la vid desde <strong>2016<\/strong> ha sido desarrollar un plan de contenci\u00f3n para evitar el crecimiento de la plaga. Ese m\u00e9todo ha logrado reducir la presencia del da\u00f1ino insecto en un <strong>95%,<\/strong> pero es fundamental continuar con el combate para evitar rebrotes y arribar al objetivo deseado de la erradicaci\u00f3n total. <br><br>Tras la apertura de sobres de la licitaci\u00f3n y la definici\u00f3n del proveedor, el Iscamen adquirir\u00e1 insecticidas espec\u00edficos para la aplicaci\u00f3n terrestre por parte de los productores, los cuales se determinar\u00e1n en funci\u00f3n de las necesidades t\u00e9cnicas del programa; finalmente, se har\u00e1n tratamientos a\u00e9reos y la aplicaci\u00f3n de feromonas asperjadas v\u00eda a\u00e9rea.<br><br>La apertura de sobres para la adquisici\u00f3n de difusores se realizar\u00e1 el pr\u00f3ximo <strong>lunes 7 de setiembre<\/strong> en las oficinas de Mendoza Fiduciaria SA. Los pliegos de la licitaci\u00f3n a\u00fan pueden ser consultados accediendo a la web <strong>www.mendozafiduciaria.com<\/strong> y comunic\u00e1ndose al email <strong>info@mendozafiduciaria.com<\/strong>.<\/p>\n\n\n\n<div style=\"height:23px\" aria-hidden=\"true\" class=\"wp-block-spacer\"><\/div>\n\n\n\n\n\n<div style=\"height:37px\" aria-hidden=\"true\" class=\"wp-block-spacer\"><\/div>\n\n\n\n<p class=\"has-medium-font-size\"><strong>\u00abEl INV no act\u00faa en el combate, pero nos interesa la calidad de los vinos\u00bb <\/strong><\/p>\n\n\n\n<div style=\"height:20px\" aria-hidden=\"true\" class=\"wp-block-spacer\"><\/div>\n\n\n\n<div class=\"wp-block-image\"><figure class=\"alignleft size-large is-resized\"><img loading=\"lazy\" decoding=\"async\" src=\"https:\/\/enolife.com.ar\/es\/wp-content\/uploads\/2020\/09\/973f6b9e-0c51-4b68-808e-c9a518fcde28-683x1024.jpg\" alt=\"\" class=\"wp-image-19384\" width=\"242\" height=\"362\" srcset=\"https:\/\/enolife.com.ar\/es\/wp-content\/uploads\/2020\/09\/973f6b9e-0c51-4b68-808e-c9a518fcde28-683x1024.jpg 683w, https:\/\/enolife.com.ar\/es\/wp-content\/uploads\/2020\/09\/973f6b9e-0c51-4b68-808e-c9a518fcde28-200x300.jpg 200w, https:\/\/enolife.com.ar\/es\/wp-content\/uploads\/2020\/09\/973f6b9e-0c51-4b68-808e-c9a518fcde28-768x1151.jpg 768w, https:\/\/enolife.com.ar\/es\/wp-content\/uploads\/2020\/09\/973f6b9e-0c51-4b68-808e-c9a518fcde28-585x877.jpg 585w, https:\/\/enolife.com.ar\/es\/wp-content\/uploads\/2020\/09\/973f6b9e-0c51-4b68-808e-c9a518fcde28.jpg 854w\" sizes=\"auto, (max-width: 242px) 100vw, 242px\" \/><figcaption><strong>Mart\u00edn Hinojosa<\/strong><\/figcaption><\/figure><\/div>\n\n\n\n<p>Al referirse al rol del Instituto Nacional de Vitivinicultrua en el contexto de la campa\u00f1a contra la lobesia que se est\u00e1 iniciando, Mart\u00edn Hinojosa explic\u00f3: <em>\u00abEsto se implementa a trav\u00e9s del Iscamen, que depende del gobierno de Mendoza y que ha trabajado muy bien los a\u00f1os anteriores para controlar la plaga&#8230; Se firma un convenio entre la Naci\u00f3n y el Iscamen, en donde se fijan las obligaciones de cada uno, las atribuciones y facultades para ir ejecutando el dinero y destinarlo a la compra y aplicaci\u00f3n de insumos&#8230; El INV no tiene una interacci\u00f3n directa en el combate contra la lobesia. Pero s\u00ed tenemos un inter\u00e9s directo en que los vinos tengan la mejor calidad posible, en la sanidad y calidad de las uvas, en la ayuda al productor&#8230; Es fundamental que los vinos tengan la calidad necesaria para ser exportables, para que puedan ser comercializables con buen r\u00e9dito&#8230; Y tambi\u00e9n el INV aporta toda la informaci\u00f3n sobre los vi\u00f1edos y los productores, porque sin nuestra informaci\u00f3n actualizada no se puede saber exactamente cu\u00e1ntas hect\u00e1reas tiene cada productor, y esto es muy importante porque el productor empieza a pagar para la lucha contra la polilla cuando tiene m\u00e1s de 10 hect\u00e1reas\u00bb.<\/em><\/p>\n\n\n\n<p>Con respecto a la misi\u00f3n del INV en general, Hinojosa recalc\u00f3 el nuevo rol que pretende darle al organismo: <em>\u00abNuestro inter\u00e9s fundamental es por la calidad de los vinos. Yo tengo la postura de que el INV no solamente tiene que hacer la correcta fiscalizaci\u00f3n, que es lo que est\u00e1 haciendo y seguir\u00e1 haciendo, sino que tambi\u00e9n debe ser un organismo moderno que ayude a mejorar la venta y el consumo de vinos. Creo que de esto hay que empezar a hablar en vitivinicultura, no s\u00f3lo de los mismos cuatro temas de siempre&#8230; Tenemos que hablar sobre c\u00f3mo se hace para vender m\u00e1s, y para eso el INV puede ayudar, por ejemplo flexibilizando las normas para poder exportar m\u00e1s e impulsando convenios en el exterior para que los vinos nuestros entren m\u00e1s f\u00e1cil en esos mercados for\u00e1neos\u00bb. <\/em><\/p>\n\n\n\n<div style=\"height:20px\" aria-hidden=\"true\" class=\"wp-block-spacer\"><\/div>\n\n\n\n<p class=\"has-small-font-size\"><em><strong> Fuentes: Instituto Nacional de Vitivinicultura y Gobierno de Mendoza<\/strong><\/em><\/p>\n\n\n\n<div style=\"height:20px\" aria-hidden=\"true\" class=\"wp-block-spacer\"><\/div>\n","protected":false},"excerpt":{"rendered":"<p>El lunes 7\/9 se conocer\u00e1n los oferentes a la licitaci\u00f3n y se definir\u00e1 el proveedor&hellip;<\/p>\n","protected":false},"author":3,"featured_media":19393,"comment_status":"open","ping_status":"open","sticky":false,"template":"","format":"standard","meta":{"footnotes":""},"categories":[14],"tags":[],"class_list":["post-19331","post","type-post","status-publish","format-standard","has-post-thumbnail","hentry","category-news"],"_links":{"self":[{"href":"https:\/\/enolife.com.ar\/es\/wp-json\/wp\/v2\/posts\/19331","targetHints":{"allow":["GET"]}}],"collection":[{"href":"https:\/\/enolife.com.ar\/es\/wp-json\/wp\/v2\/posts"}],"about":[{"href":"https:\/\/enolife.com.ar\/es\/wp-json\/wp\/v2\/types\/post"}],"author":[{"embeddable":true,"href":"https:\/\/enolife.com.ar\/es\/wp-json\/wp\/v2\/users\/3"}],"replies":[{"embeddable":true,"href":"https:\/\/enolife.com.ar\/es\/wp-json\/wp\/v2\/comments?post=19331"}],"version-history":[{"count":0,"href":"https:\/\/enolife.com.ar\/es\/wp-json\/wp\/v2\/posts\/19331\/revisions"}],"wp:featuredmedia":[{"embeddable":true,"href":"https:\/\/enolife.com.ar\/es\/wp-json\/wp\/v2\/media\/19393"}],"wp:attachment":[{"href":"https:\/\/enolife.com.ar\/es\/wp-json\/wp\/v2\/media?parent=19331"}],"wp:term":[{"taxonomy":"category","embeddable":true,"href":"https:\/\/enolife.com.ar\/es\/wp-json\/wp\/v2\/categories?post=19331"},{"taxonomy":"post_tag","embeddable":true,"href":"https:\/\/enolife.com.ar\/es\/wp-json\/wp\/v2\/tags?post=19331"}],"curies":[{"name":"wp","href":"https:\/\/api.w.org\/{rel}","templated":true}]}}