{"id":19329,"date":"2020-09-07T02:28:47","date_gmt":"2020-09-07T02:28:47","guid":{"rendered":"http:\/\/enolife.com.ar\/es\/?p=19329"},"modified":"2020-09-10T03:05:01","modified_gmt":"2020-09-10T03:05:01","slug":"el-rol-de-las-zonas-especiales-en-la-recuperacion-de-china-por-diego-guelar-en-el-ciclo-mendoexit","status":"publish","type":"post","link":"https:\/\/enolife.com.ar\/es\/el-rol-de-las-zonas-especiales-en-la-recuperacion-de-china-por-diego-guelar-en-el-ciclo-mendoexit\/","title":{"rendered":"El rol de las zonas especiales en la recuperaci\u00f3n de China, por Diego Guelar en el ciclo #Mendoexit?"},"content":{"rendered":"\n<h4 class=\"wp-block-heading\"><em><strong>En la tercera charla del ciclo organizado por el Foro Diplom\u00e1tico en Mendoza (FDM), el escritor, docente y ex embajador en la Uni\u00f3n Europea, EEUU, China y Brasil aborda el tema de las denominadas \u00abzonas especiales\u00bb que China estableci\u00f3 a partir de 1979 para favorecer el comercio, la inversi\u00f3n y la innovaci\u00f3n. <\/strong><\/em><\/h4>\n\n\n\n<hr class=\"wp-block-separator\"\/>\n\n\n\n<h4 class=\"wp-block-heading\"><em><strong>Esta serie de conferencias tiene como tema de fondo la propuesta de una ut\u00f3pica \u00abseparaci\u00f3n\u00bb de Mendoza de Argentina. Cabe recordar que el t\u00e9rmino \u00abMendoexit\u00bb fue acu\u00f1ado en 2016 por el polit\u00f3logo Hugo Laricchia, y que el ex gobernador de la provincia y actual diputado nacional Alfredo Cornejo retom\u00f3 hace dos meses la idea y especul\u00f3 sobre una \u00abindependencia\u00bb mendocina al criticar, en tono ir\u00f3nico, al gobierno central por postergar inversiones para Mendoza.&nbsp;<\/strong><\/em><\/h4>\n\n\n\n<div style=\"height:20px\" aria-hidden=\"true\" class=\"wp-block-spacer\"><\/div>\n\n\n<a href=\"https:\/\/www.instagram.com\/vinventions.sudamerica\/\" aria-label=\"Banner_Subr_1700x500\"><img loading=\"lazy\" decoding=\"async\" src=\"https:\/\/enolife.com.ar\/es\/wp-content\/uploads\/2019\/07\/Banner_Subr_1700x500.gif\" alt=\"\"  width=\"1700\" height=\"501\"   \/><\/a>\n\n\n<div style=\"height:35px\" aria-hidden=\"true\" class=\"wp-block-spacer\"><\/div>\n\n\n\n<p>En un contexto global en el que distintas regiones dentro de pa\u00edses diversos  avanzan en su desarrollo auton\u00f3mico,&nbsp;es interesante comprender los modos en que ese fen\u00f3meno ha sido posible.<\/p>\n\n\n\n<p>Con el objetivo de ahondar en este conocimiento, el <strong>Foro Diplom\u00e1tico en Mendoza (FDM)<\/strong> realiza su tercer encuentro de un ciclo sobre experiencias internacionales que apuntan a ampliar las miradas sobre el tema.<\/p>\n\n\n\n<p>En la pr\u00f3xima charla, el lunes 14 de setiembre a las 18.30 horas, el especialista <strong>Diego Ramiro Guelar<\/strong> disertar\u00e1 sobre \u00abEl rol de las zonas especiales en la recuperaci\u00f3n de China\u00bb. Motiva el abordaje el hecho de que China busca profundizar su rol protag\u00f3nico en el concierto internacional. Durante 18 siglos, hasta la primera revoluci\u00f3n industrial, China fue el pa\u00eds mas rico del mundo. En 1820 a\u00fan produc\u00eda el 30% del PBI mundial: m\u00e1s que Europa y Estados Unidos juntos. Un rol central de esa recuperaci\u00f3n lo desempe\u00f1aron las denominadas \u00abzonas especiales\u00bb establecidas a partir de 1979, destinadas a favorecer el comercio, la inversi\u00f3n y la innovaci\u00f3n. Otro aspecto importante de esa din\u00e1mica regional son las as\u00ed llamadas \u00abregiones administrativas especiales\u00bb como Hong Kong y Macao.<\/p>\n\n\n\n<p>Es por ello que en esta ocasi\u00f3n el FDM realiza su tercer encuentro en un ciclo sobre experiencias internacionales que ayuden a ampliar nuestras miradas relacionadas con el desarrollo de las regiones argentinas y, en especial, de Mendoza.<\/p>\n\n\n\n<p>Diego Ramiro Guelar es abogado, nacido el 24 de enero de 1950. Ha sido embajador en la <strong>Uni\u00f3n Europea,<\/strong> dos veces en los <strong>Estados Unidos<\/strong>, y en <strong>Brasil<\/strong> y <strong>China<\/strong>. Es docente en la c\u00e1tedra de Sistemas Pol\u00edticos Comparados de la Universidad de Ciencias Empresariales y Sociales (UCES) y en varias universidades extranjeras. Es autor de varios libros, entre ellos \u00abLa invasi\u00f3n silenciosa: El desembarco chino en Am\u00e9rica del Sur\u00bb y columnista de diversos medios nacionales y extranjeros.<\/p>\n\n\n\n<div style=\"height:20px\" aria-hidden=\"true\" class=\"wp-block-spacer\"><\/div>\n\n\n\n<p class=\"has-background has-cyan-bluish-gray-background-color\"><strong>En s\u00edntesis<\/strong><br><br><strong>T\u00edtulo de la charla:<\/strong> \u00ab\u00bbEl rol de las zonas especiales en la recuperaci\u00f3n de China\u00bb.<br><strong>Especialista invitado:<\/strong> El docente, escritor y diplom\u00e1tico Diego Ramiro Guelar.<br><strong>Fecha y hora:<\/strong> Lunes 14 de setiembre a las 18.30 de Argentina.<\/p>\n\n\n\n<p class=\"has-background has-luminous-vivid-amber-background-color\"><strong>Inscripci\u00f3n: gratuita, con previa reserva, en Eventbrite&nbsp;<a href=\"https:\/\/www.eventbrite.com.ar\/e\/ciclo-mendoexit-experiencias-internacionales-charla-03-tickets-119502307619\" target=\"_blank\" rel=\"noreferrer noopener\">https:\/\/www.eventbrite.com.ar\/e\/ciclo-mendoexit-experiencias-internacionales-charla-03-tickets-119502307619<\/a><br>Transmisi\u00f3n: En vivo, a trav\u00e9s de YouTube Live.<\/strong><\/p>\n\n\n\n<div style=\"height:20px\" aria-hidden=\"true\" class=\"wp-block-spacer\"><\/div>\n\n\n\n<p>Por otra parte, el FDM inform\u00f3 que ya est\u00e1 disponible, en el siguiente link, <strong><a href=\"https:\/\/youtu.be\/VOxnGwXBANA\" target=\"_blank\" rel=\"noreferrer noopener\">https:\/\/youtu.be\/VOxnGwXBANA<\/a>,<\/strong> la exposici\u00f3n de la charla anterior, a cargo del Embajador de la Confederaci\u00f3n Suiza en Argentina, <strong>Heinrich Schellenberg<\/strong>, en la que el diplom\u00e1tico convers\u00f3 sobre los consensos en multiculturalidad, la construcci\u00f3n y el sostenimiento de un estado federal en un pa\u00eds donde la democracia directa es uno de sus estandartes.<\/p>\n\n\n\n<div style=\"height:55px\" aria-hidden=\"true\" class=\"wp-block-spacer\"><\/div>\n","protected":false},"excerpt":{"rendered":"<p>En la tercera charla del ciclo organizado por el Foro Diplom\u00e1tico en Mendoza (FDM), el&hellip;<\/p>\n","protected":false},"author":3,"featured_media":19497,"comment_status":"open","ping_status":"open","sticky":false,"template":"","format":"standard","meta":{"footnotes":""},"categories":[47],"tags":[],"class_list":["post-19329","post","type-post","status-publish","format-standard","has-post-thumbnail","hentry","category-agenda"],"_links":{"self":[{"href":"https:\/\/enolife.com.ar\/es\/wp-json\/wp\/v2\/posts\/19329","targetHints":{"allow":["GET"]}}],"collection":[{"href":"https:\/\/enolife.com.ar\/es\/wp-json\/wp\/v2\/posts"}],"about":[{"href":"https:\/\/enolife.com.ar\/es\/wp-json\/wp\/v2\/types\/post"}],"author":[{"embeddable":true,"href":"https:\/\/enolife.com.ar\/es\/wp-json\/wp\/v2\/users\/3"}],"replies":[{"embeddable":true,"href":"https:\/\/enolife.com.ar\/es\/wp-json\/wp\/v2\/comments?post=19329"}],"version-history":[{"count":0,"href":"https:\/\/enolife.com.ar\/es\/wp-json\/wp\/v2\/posts\/19329\/revisions"}],"wp:featuredmedia":[{"embeddable":true,"href":"https:\/\/enolife.com.ar\/es\/wp-json\/wp\/v2\/media\/19497"}],"wp:attachment":[{"href":"https:\/\/enolife.com.ar\/es\/wp-json\/wp\/v2\/media?parent=19329"}],"wp:term":[{"taxonomy":"category","embeddable":true,"href":"https:\/\/enolife.com.ar\/es\/wp-json\/wp\/v2\/categories?post=19329"},{"taxonomy":"post_tag","embeddable":true,"href":"https:\/\/enolife.com.ar\/es\/wp-json\/wp\/v2\/tags?post=19329"}],"curies":[{"name":"wp","href":"https:\/\/api.w.org\/{rel}","templated":true}]}}