{"id":19100,"date":"2020-09-07T20:32:39","date_gmt":"2020-09-07T20:32:39","guid":{"rendered":"http:\/\/enolife.com.ar\/es\/?p=19100"},"modified":"2020-09-09T17:13:28","modified_gmt":"2020-09-09T17:13:28","slug":"alemania-solo-representa-el-37-de-las-exportaciones-de-vino-de-la-ue-y-busca-crecer-con-el-riesling","status":"publish","type":"post","link":"https:\/\/enolife.com.ar\/es\/alemania-solo-representa-el-37-de-las-exportaciones-de-vino-de-la-ue-y-busca-crecer-con-el-riesling\/","title":{"rendered":"Alemania s\u00f3lo representa el 3,7% de las exportaciones de vino de la UE, y busca crecer con el Riesling"},"content":{"rendered":"\n<h4 class=\"wp-block-heading\"><em><strong>El gobierno de \u00c1ngela Merkel lanz\u00f3 un plan estrat\u00e9gico de exportaciones enfocado en su vino insignia -el popular y famoso blanco Riesling- y en las regiones y terru\u00f1os donde se produce, como el Valle del Mosela (foto principal). Con el lema \u00abcuanto menor producci\u00f3n, mayor calidad\u00bb, la campa\u00f1a muestra como principal vocera a la ex reina de la Vendimia 1995 y actual ministra de Agricultura, Julia Kloeckner. La idea es desterrar el prejuicio de los consumidores de algunos pa\u00edses como Gran Breta\u00f1a, de que Alemania s\u00f3lo produce vinos \u00abblancos y dulces\u00bb.<\/strong><\/em><\/h4>\n\n\n\n<div style=\"height:20px\" aria-hidden=\"true\" class=\"wp-block-spacer\"><\/div>\n\n\n\n<p>Alemania se ha quedado atr\u00e1s de sus competidores europeos en cuanto al volumen y valor de de los vinos que exporta. Seg\u00fan una de las \u00faltimas estad\u00edsticas del Ministerio de Agricultura de Alemania sobre exportaciones en la \u00faltima d\u00e9cada, en 2018 el conjunto de pa\u00edses de la Uni\u00f3n Europea vendi\u00f3 vino al exterior por un total de 11.600 millones de euros, pero de ese total Alemania, ese a\u00f1o Alemania s\u00f3lo particip\u00f3 con ventas por 307 millones de euros, lo que significa menos del 4% del total de la facturaci\u00f3n. <\/p>\n\n\n\n<p>Para mejorar esa cifra y reimpulsar las ventas al resto del mundo, el gobierno de la canciller Angela Merkel quiere impulsar la exportaci\u00f3n de productos de calidad como el vino varietal blanco Riesling, el m\u00e1s popular del pa\u00eds.<\/p>\n\n\n\n<div style=\"height:20px\" aria-hidden=\"true\" class=\"wp-block-spacer\"><\/div>\n\n\n\n<div class=\"wp-block-image\"><figure class=\"aligncenter\"><img decoding=\"async\" src=\"https:\/\/www.vinetur.com\/imagenes\/2020\/agosto\/27\/juliakloecknermerkel.jpg\" alt=\"\"\/><figcaption><strong>Angela Merkel y&nbsp;su ministra de Agricultura, Julia Kloeckner.<\/strong><\/figcaption><\/figure><\/div>\n\n\n\n<div style=\"height:20px\" aria-hidden=\"true\" class=\"wp-block-spacer\"><\/div>\n\n\n\n<p>En lo que constituye la primera renovaci\u00f3n de su estrategia de m\u00e1rketing para el vino en el \u00faltimo cuarto de siglo, Alemania desplegar\u00e1 una \u00abpir\u00e1mide\u00bb de etiquetas de protecci\u00f3n que vinculan los vinos m\u00e1s estrechamente con regiones espec\u00edficas.&nbsp;Los mejores vinos como el Riesling del valle del Mosela se ubicar\u00e1n en la cima de la pir\u00e1mide, que sigue el principio de \u00abcuanto menor producci\u00f3n, mayor es la calidad\u00bb, seg\u00fan declaraciones de la ministra de Agricultura, Julia Kloeckner a fines de agosto pasado.<\/p>\n\n\n\n<div class=\"wp-block-image\"><figure class=\"alignleft size-large is-resized\"><img loading=\"lazy\" decoding=\"async\" src=\"https:\/\/enolife.com.ar\/es\/wp-content\/uploads\/2020\/09\/riesling-630x1024.jpg\" alt=\"\" class=\"wp-image-19523\" width=\"177\" height=\"287\" srcset=\"https:\/\/enolife.com.ar\/es\/wp-content\/uploads\/2020\/09\/riesling-630x1024.jpg 630w, https:\/\/enolife.com.ar\/es\/wp-content\/uploads\/2020\/09\/riesling-185x300.jpg 185w, https:\/\/enolife.com.ar\/es\/wp-content\/uploads\/2020\/09\/riesling-768x1248.jpg 768w, https:\/\/enolife.com.ar\/es\/wp-content\/uploads\/2020\/09\/riesling-585x951.jpg 585w, https:\/\/enolife.com.ar\/es\/wp-content\/uploads\/2020\/09\/riesling.jpg 800w\" sizes=\"auto, (max-width: 177px) 100vw, 177px\" \/><\/figure><\/div>\n\n\n\n<p>El objetivo es que los consumidores de vinos asocien el vino de calidad con un determinado origen para ayudar a impulsar las ventas, seg\u00fan Kloeckner, quien adem\u00e1s proviene de una familia de viticultores en el estado de Renania-Palatinado y fue nombrada&nbsp;Reina&nbsp;del&nbsp;Vino&nbsp;de Alemania&nbsp;en 1995.<\/p>\n\n\n\n<p>\u00abQueremos orientar mejor a los consumidores cuando&nbsp;se encuentran ante los estantes de vinos\u00bb, se\u00f1al\u00f3 Kloeckner.<\/p>\n\n\n\n<p>El prestigio de Alemania por la calidad se ve afectada en pa\u00edses como Gran Breta\u00f1a, donde los consumidores carecen de ayuda para diferenciar los vinos y normalmente ven a los alemanes como \u00abdulces\u00bb y blancos.<\/p>\n\n\n\n<p>Entre 2008 y 2018, la Uni\u00f3n Europea aument\u00f3 las exportaciones de vino desde 6.100 millones de euros hasta 11.600 millones de euros, seg\u00fan el Ministerio de Agricultura alem\u00e1n. Sin embargo, la participaci\u00f3n de las exportaciones de Alemania se redujo desde 434 a 307 millones de euros durante ese per\u00edodo.<\/p>\n\n\n\n<div style=\"height:20px\" aria-hidden=\"true\" class=\"wp-block-spacer\"><\/div>\n\n\n\n<p class=\"has-small-font-size\"><strong><em>Fuente: Vinetur<\/em><\/strong><\/p>\n\n\n\n<div style=\"height:20px\" aria-hidden=\"true\" class=\"wp-block-spacer\"><\/div>\n","protected":false},"excerpt":{"rendered":"<p>El gobierno de \u00c1ngela Merkel lanz\u00f3 un plan estrat\u00e9gico de exportaciones enfocado en su vino&hellip;<\/p>\n","protected":false},"author":3,"featured_media":19527,"comment_status":"open","ping_status":"open","sticky":false,"template":"","format":"standard","meta":{"footnotes":""},"categories":[9],"tags":[],"class_list":["post-19100","post","type-post","status-publish","format-standard","has-post-thumbnail","hentry","category-negocios"],"_links":{"self":[{"href":"https:\/\/enolife.com.ar\/es\/wp-json\/wp\/v2\/posts\/19100","targetHints":{"allow":["GET"]}}],"collection":[{"href":"https:\/\/enolife.com.ar\/es\/wp-json\/wp\/v2\/posts"}],"about":[{"href":"https:\/\/enolife.com.ar\/es\/wp-json\/wp\/v2\/types\/post"}],"author":[{"embeddable":true,"href":"https:\/\/enolife.com.ar\/es\/wp-json\/wp\/v2\/users\/3"}],"replies":[{"embeddable":true,"href":"https:\/\/enolife.com.ar\/es\/wp-json\/wp\/v2\/comments?post=19100"}],"version-history":[{"count":0,"href":"https:\/\/enolife.com.ar\/es\/wp-json\/wp\/v2\/posts\/19100\/revisions"}],"wp:featuredmedia":[{"embeddable":true,"href":"https:\/\/enolife.com.ar\/es\/wp-json\/wp\/v2\/media\/19527"}],"wp:attachment":[{"href":"https:\/\/enolife.com.ar\/es\/wp-json\/wp\/v2\/media?parent=19100"}],"wp:term":[{"taxonomy":"category","embeddable":true,"href":"https:\/\/enolife.com.ar\/es\/wp-json\/wp\/v2\/categories?post=19100"},{"taxonomy":"post_tag","embeddable":true,"href":"https:\/\/enolife.com.ar\/es\/wp-json\/wp\/v2\/tags?post=19100"}],"curies":[{"name":"wp","href":"https:\/\/api.w.org\/{rel}","templated":true}]}}