{"id":18898,"date":"2020-08-26T14:25:51","date_gmt":"2020-08-26T14:25:51","guid":{"rendered":"http:\/\/enolife.com.ar\/es\/?p=18898"},"modified":"2020-08-28T00:36:00","modified_gmt":"2020-08-28T00:36:00","slug":"un-reconocido-biologo-del-conicet-hablara-sobre-las-hormigas-cortadoras-de-hojas","status":"publish","type":"post","link":"https:\/\/enolife.com.ar\/es\/un-reconocido-biologo-del-conicet-hablara-sobre-las-hormigas-cortadoras-de-hojas\/","title":{"rendered":"Un reconocido bi\u00f3logo del Conicet hablar\u00e1 sobre las hormigas cortadoras de hojas"},"content":{"rendered":"\n<h4 class=\"wp-block-heading\"><em><strong>El 27 de agosto, el Consorcio Regional de Experimentaci\u00f3n Agr\u00edcola&nbsp;(CREA) Valles Cordilleranos y Qualab invitan a compartir la charla del Dr Alejandro Farji-Brener \u00abHormigas cortadoras de hojas\u00bb. Este bi\u00f3logo, adem\u00e1s de tener un extenso y prestigioso curr\u00edculum, es parte del Laboratorio de Investigaciones en Hormigas (LIHO) cuyo equipo de cient\u00edficos, seg\u00fan ellos se definen, funcionan como los hormigueros \u00abno tenemos control central y armamos redes de interacciones con colegas en funci\u00f3n de proyectos\u00bb.<\/strong><\/em><\/h4>\n\n\n\n<div style=\"height:20px\" aria-hidden=\"true\" class=\"wp-block-spacer\"><\/div>\n\n\n\n<p>Seg\u00fan un informe del INTA, las hormigas podadoras constituyen un problema de creciente incidencia en los vi\u00f1edos de Mendoza, sobre todos en aquellos con manejo org\u00e1nico. Las nuevas pr\u00e1cticas agr\u00edcolas y el desmonte de \u00e1reas con flora nativa, han incrementado la plaga. La defoliaci\u00f3n completa de plantas que provocan es grave en vi\u00f1edos j\u00f3venes que confinan con un monte nativo o aquellos establecidos luego del desmonte de la vegetaci\u00f3n aut\u00f3ctona, pero no se limita a ellos sino que tambi\u00e9n se observa en zonas con varios a\u00f1os de cultivo y plantas en plena producci\u00f3n.<\/p>\n\n\n\n<div style=\"height:20px\" aria-hidden=\"true\" class=\"wp-block-spacer\"><\/div>\n\n\n\n<div class=\"wp-block-image\"><figure class=\"alignleft size-large is-resized\"><img loading=\"lazy\" decoding=\"async\" src=\"https:\/\/enolife.com.ar\/es\/wp-content\/uploads\/2020\/08\/b21a4c49-ab3a-4eea-b385-9ba10c6968e1-1024x939.jpg\" alt=\"\" class=\"wp-image-18899\" width=\"367\" height=\"335\" srcset=\"https:\/\/enolife.com.ar\/es\/wp-content\/uploads\/2020\/08\/b21a4c49-ab3a-4eea-b385-9ba10c6968e1-300x275.jpg 300w, https:\/\/enolife.com.ar\/es\/wp-content\/uploads\/2020\/08\/b21a4c49-ab3a-4eea-b385-9ba10c6968e1-768x704.jpg 768w\" sizes=\"auto, (max-width: 367px) 100vw, 367px\" \/><\/figure><\/div>\n\n\n\n<p>LIHO, la organizaci\u00f3n de la que forma parte el Dr. Alejandro Farji-Barat, est\u00e1  conformada por cient\u00edficos cuyos proyectos emplean a las hormigas para responder preguntas de inter\u00e9s conceptual. Tienen numerosas publicaciones al respecto y muchas de ellas premiadas por revistas mundiales muy reconocidas. <\/p>\n\n\n\n<p>La disertaci\u00f3n \u00abHormigas cortadoras de hojas\u00bb (sesi\u00f3n 1: ecolog\u00eda) se llevar\u00e1 a cabo el <strong>jueves 27\/8 a las 17 hs y es libre y gratuita.<\/strong><\/p>\n\n\n\n<p class=\"has-background has-luminous-vivid-amber-background-color\"><strong>Para participar hay que inscribirse entrando en el siguiente link: <a href=\"https:\/\/docs.google.com\/forms\/d\/1378DWp3U2ci7zHPi8RgVrUJtIXzn_e1-V7WujjoArJE\/viewform?edit_requested=true\">Ciclo de charlas en casa \u00abHormigas cortadoras de hojas\u00bb<\/a> Para mayores consultas escribir a <a href=\"mailto:vallescordilleranos@crea.org.ar\">vallescordilleranos@crea.org.ar<\/a><\/strong><\/p>\n\n\n\n<div style=\"height:20px\" aria-hidden=\"true\" class=\"wp-block-spacer\"><\/div>\n\n\n\n\n\n<div style=\"height:41px\" aria-hidden=\"true\" class=\"wp-block-spacer\"><\/div>\n\n\n\n<p class=\"has-medium-font-size\"><strong>Alejandro Farji-Brener<\/strong><\/p>\n\n\n\n<div class=\"wp-block-image\"><figure class=\"alignleft is-resized\"><img loading=\"lazy\" decoding=\"async\" src=\"https:\/\/lh3.googleusercontent.com\/proxy\/JAPMoBcJvj-wULoFi0UEqBdUemIMpfh1Rm5Ug1WC4P-q2mSKcl_9MIjRnCejYTaMgNV6C9xCBaFqK28LV7Gvp-hmfG_GPr8A6fVOztRLGL5FApJCbXdxrpcM1bUVIxXiYKyY-63scdX7\" alt=\"Alejandro G. Farji-Brener - LIHO - Laboratorio de Investigaciones ...\" width=\"228\" height=\"256\"\/><figcaption><strong>Dr. Alejandro Farji-Brener, apasionado por las hormigas<\/strong><\/figcaption><\/figure><\/div>\n\n\n\n<p><br>Doctor en Ciencias Biol\u00f3gicas de la Facultad de Ciencias Exactas y<br>Naturales de la Universidad de Buenos Aires. Investigador del Conicet. Miembro de la Sociedad Argentina de Ecolog\u00eda, International Vegetation Society y Association for Tropical Biology. Adem\u00e1s forma parte del comit\u00e9 editorial de revistas cient\u00edficas tales como: Revista de la Sociedad Entomol\u00f3gica Argentina (Argentina), Ecolog\u00eda Austral (Sociedad de Ecolog\u00eda Argentina),  Acta Biol\u00f3gica Leopoldensia (Brasil),  Ecosistemas (Sociedad de Ecolog\u00eda Terrestre de Espa\u00f1a)<\/p>\n\n\n\n<p>Alejandro publica en la <a href=\"http:\/\/www.liho.com.ar\/alejandro-g-farji-brener\/\">p\u00e1gina web<\/a> de LIHO su inter\u00e9s por las hormigas \u00abMe interesan varios temas sobre ecolog\u00eda y comportamiento de hormigas. Espec\u00edficamente: <strong>las hormigas como ingenieros eco-sist\u00e9micos;<\/strong>&nbsp;c\u00f3mo sus hormigueros modifican el suelo y la vegetaci\u00f3n circundante, c\u00f3mo las colonias de hormigas reducen los costos de vivir en sociedades densas, particularmente el riesgo de infecci\u00f3n por el&nbsp;manejo de residuos, los retrasos por&nbsp;conflictos de tr\u00e1nsito y mal dise\u00f1o de senderos de forrajeo, y el costo de coordinaci\u00f3n en&nbsp;el transporte&nbsp;cooperativo\u00bb. <\/p>\n\n\n\n<p><strong>Y termina confesando que \u00abTambi\u00e9n me interesa el cine bizarro, la naturaleza y el jazz\u00bb.<\/strong><\/p>\n\n\n\n<p class=\"has-small-font-size\"><strong><em>Fuentes: CREA Valles cordilleranos -INTA: Ing. Violeta Becerra y Lic. Carla Dagatti<\/em><\/strong><\/p>\n\n\n\n<div style=\"height:107px\" aria-hidden=\"true\" class=\"wp-block-spacer\"><\/div>\n\n\n\n<p><\/p>\n","protected":false},"excerpt":{"rendered":"<p>El 27 de agosto, el Consorcio Regional de Experimentaci\u00f3n Agr\u00edcola&nbsp;(CREA) Valles Cordilleranos y Qualab invitan&hellip;<\/p>\n","protected":false},"author":3,"featured_media":18923,"comment_status":"open","ping_status":"open","sticky":false,"template":"","format":"standard","meta":{"footnotes":""},"categories":[47],"tags":[],"class_list":["post-18898","post","type-post","status-publish","format-standard","has-post-thumbnail","hentry","category-agenda"],"_links":{"self":[{"href":"https:\/\/enolife.com.ar\/es\/wp-json\/wp\/v2\/posts\/18898","targetHints":{"allow":["GET"]}}],"collection":[{"href":"https:\/\/enolife.com.ar\/es\/wp-json\/wp\/v2\/posts"}],"about":[{"href":"https:\/\/enolife.com.ar\/es\/wp-json\/wp\/v2\/types\/post"}],"author":[{"embeddable":true,"href":"https:\/\/enolife.com.ar\/es\/wp-json\/wp\/v2\/users\/3"}],"replies":[{"embeddable":true,"href":"https:\/\/enolife.com.ar\/es\/wp-json\/wp\/v2\/comments?post=18898"}],"version-history":[{"count":0,"href":"https:\/\/enolife.com.ar\/es\/wp-json\/wp\/v2\/posts\/18898\/revisions"}],"wp:featuredmedia":[{"embeddable":true,"href":"https:\/\/enolife.com.ar\/es\/wp-json\/wp\/v2\/media\/18923"}],"wp:attachment":[{"href":"https:\/\/enolife.com.ar\/es\/wp-json\/wp\/v2\/media?parent=18898"}],"wp:term":[{"taxonomy":"category","embeddable":true,"href":"https:\/\/enolife.com.ar\/es\/wp-json\/wp\/v2\/categories?post=18898"},{"taxonomy":"post_tag","embeddable":true,"href":"https:\/\/enolife.com.ar\/es\/wp-json\/wp\/v2\/tags?post=18898"}],"curies":[{"name":"wp","href":"https:\/\/api.w.org\/{rel}","templated":true}]}}