{"id":1886,"date":"2019-07-25T13:28:08","date_gmt":"2019-07-25T13:28:08","guid":{"rendered":"http:\/\/enolife.com.ar\/es\/?p=1886"},"modified":"2019-07-30T14:56:17","modified_gmt":"2019-07-30T14:56:17","slug":"vinos-locales-llegan-a-panama-y-costa-rica-de-la-mano-de-promendoza","status":"publish","type":"post","link":"https:\/\/enolife.com.ar\/es\/vinos-locales-llegan-a-panama-y-costa-rica-de-la-mano-de-promendoza\/","title":{"rendered":"Vinos locales llegan a Panam\u00e1 y Costa Rica de la mano de ProMendoza"},"content":{"rendered":"\n<h4 class=\"wp-block-heading\"><em><strong>Una misi\u00f3n de la entidad p\u00fablico-privada que acompa\u00f1a a las empresas mendocinas a posicionar productos y servicios locales en el mundo, encabezada por su gerente Fernando Urdaniz, entabl\u00f3 contactos en los dos pa\u00edses centroamericanos que favorecer\u00e1n la comercializaci\u00f3n de productos de la provincia.<\/strong><\/em><\/h4>\n\n\n\n<hr class=\"wp-block-separator\"\/>\n\n\n\n<h5 class=\"wp-block-heading\"><em><strong>Urdaniz visit\u00f3 el Hub Log\u00edstico de Col\u00f3n de Panam\u00e1 City y particip\u00f3 en la Expo Franquicias de Costa Rica, donde tambi\u00e9n estrech\u00f3 lazos con Procomer, la agencia de promoci\u00f3n de exportaciones de ese pa\u00eds. El organismo conformado por el Gobierno de Mendoza, la Uni\u00f3n Comercial e Industrial, la Bolsa de Comercio y la Federaci\u00f3n Econ\u00f3mica de Mendoza abre puertas para incrementar la exportaci\u00f3n.<\/strong><\/em><strong><em>  <\/em><\/strong><\/h5>\n\n\n\n<div style=\"height:33px\" aria-hidden=\"true\" class=\"wp-block-spacer\"><\/div>\n\n\n\n<p class=\"has-medium-font-size\"><strong>Visita a la Zona Libre de Col\u00f3n<\/strong><\/p>\n\n\n\n<p>Luego del acuerdo firmado en enero de 2019 entre la Agencia Argentina de Inversiones y la operadora del Hub Log\u00edstico de Panam\u00e1, ProMendoza es la primera instituci\u00f3n argentina en tender lazos con aquel centro comercializador paname\u00f1o. El objetivo es que productos mendocinos puedan llegar all\u00ed para ser distribuidos en toda Centroam\u00e9rica. El vino encabezar\u00eda los env\u00edos mendocinos.<\/p>\n\n\n\n<p>Edwin Chen, gerente general de Global Cargo, operadora del Hub, manifest\u00f3 que est\u00e1n muy interesados en comenzar a recibir productos de Mendoza, tanto para la redistribuci\u00f3n a todos sus destinos directos, como para la comercializaci\u00f3n dentro de Panam\u00e1.<\/p>\n\n\n\n<p class=\"has-medium-font-size\"><strong>A la conquista del paladar paname\u00f1o<\/strong><\/p>\n\n\n\n<p>La agenda de Urdaniz incluy\u00f3 una reuni\u00f3n con la <em>sommelier<\/em> e importadora Martha Mart\u00ednez, de la empresa Vinum Panam\u00e1, dedicada a realizar catas, maridajes y eventos, cuya misi\u00f3n es educar el paladar del consumidor paname\u00f1o para que aprenda a disfrutar m\u00e1s del vino.<\/p>\n\n\n\n<div style=\"height:20px\" aria-hidden=\"true\" class=\"wp-block-spacer\"><\/div>\n\n\n\n<div class=\"wp-block-image\"><figure class=\"alignleft is-resized\"><img loading=\"lazy\" decoding=\"async\" src=\"https:\/\/inevcdn.azureedge.net\/pa\/2018\/05\/123714\/vinum-258240-i-640w.jpg\" alt=\"Resultado de imagen para Martha Martinez vinum panama\" width=\"172\" height=\"230\"\/><figcaption><em>Martha Mart\u00ednez, sommelier e importadora de Vinum Panam\u00e1<\/em>.<\/figcaption><\/figure><\/div>\n\n\n\n<p>Martha Mart\u00ednez considera que tener vinos de Mendoza en el Hub de Global Cargo en la Zona Libre de Col\u00f3n permitir\u00eda mayor venta minorista por cajas o peque\u00f1as cantidades. ProMendoza seguir\u00e1 trabajando en vinculaciones que puedan favorecer la inserci\u00f3n comercial de los productos de nuestra provincia.<\/p>\n\n\n\n<p>Panam\u00e1 es un mercado peque\u00f1o con unos 4 millones de habitantes, pero cobra inter\u00e9s porque el consumo de vino est\u00e1 aumentando. Hace 10 a\u00f1os, consum\u00edan menos de 1 litro por persona y hoy est\u00e1n entre 2,5 y 3 litros por persona por a\u00f1o. Tambi\u00e9n es de importancia para Argentina porque nuestros vinos son los preferidos de los consumidores, quienes aprecian especialmente el malbec. El mercado es manejado por pocos importadores grandes y muchos peque\u00f1os. Entre los grandes, se encuentran Felipe Motta, Varela Hermanos y Riba Smith.<\/p>\n\n\n\n<p class=\"has-medium-font-size\"><strong>Contacto con los grandes distribuidores<\/strong><\/p>\n\n\n\n<p>Urdaniz se reuni\u00f3 adem\u00e1s con Alberto Paz Rodr\u00edguez, gerente general de Tzanetatos, una de las m\u00e1s grandes distribuidoras e importadoras de alimentos y bebidas de Panam\u00e1. El objetivo de la reuni\u00f3n fue crear lazos y analizar acciones conjuntas a futuro.<\/p>\n\n\n\n<div style=\"height:20px\" aria-hidden=\"true\" class=\"wp-block-spacer\"><\/div>\n\n\n\n<figure class=\"wp-block-image\"><img loading=\"lazy\" decoding=\"async\" width=\"1024\" height=\"576\" src=\"https:\/\/enolife.com.ar\/es\/wp-content\/uploads\/2019\/07\/Tznetatos-distrubuidora-de-Panam\u00e1-1024x576.jpg\" alt=\"\" class=\"wp-image-1891\" srcset=\"https:\/\/enolife.com.ar\/es\/wp-content\/uploads\/2019\/07\/Tznetatos-distrubuidora-de-Panam\u00e1-1024x576.jpg 1024w, https:\/\/enolife.com.ar\/es\/wp-content\/uploads\/2019\/07\/Tznetatos-distrubuidora-de-Panam\u00e1-300x169.jpg 300w, https:\/\/enolife.com.ar\/es\/wp-content\/uploads\/2019\/07\/Tznetatos-distrubuidora-de-Panam\u00e1-768x432.jpg 768w, https:\/\/enolife.com.ar\/es\/wp-content\/uploads\/2019\/07\/Tznetatos-distrubuidora-de-Panam\u00e1-1170x658.jpg 1170w, https:\/\/enolife.com.ar\/es\/wp-content\/uploads\/2019\/07\/Tznetatos-distrubuidora-de-Panam\u00e1-585x329.jpg 585w, https:\/\/enolife.com.ar\/es\/wp-content\/uploads\/2019\/07\/Tznetatos-distrubuidora-de-Panam\u00e1.jpg 1280w\" sizes=\"auto, (max-width: 1024px) 100vw, 1024px\" \/><figcaption><em>Fernando Urdaniz en Tzenatos, una de las grandes importadoras y distribuidoras de Panam\u00e1<\/em>.<\/figcaption><\/figure>\n\n\n\n<div style=\"height:20px\" aria-hidden=\"true\" class=\"wp-block-spacer\"><\/div>\n\n\n\n<p>Tzanetatos cuenta con m\u00e1s de 800 empleados en sus distintas divisiones. Actualmente compran unas 25.000 cajas de vino al a\u00f1o y de esa cantidad casi 13.000 son de vino chileno. Con Argentina, actualmente trabajan solamente con dos bodegas de Mendoza. Tzanetatos cuenta con dep\u00f3sitos propios para almacenaje, con temperatura controlada (para vinos y alimentos) y una flota de camiones para hacer la distribuci\u00f3n en todo el pa\u00eds. Abastecen con productos a todos los supermercados paname\u00f1os y tienen licencia de importaci\u00f3n para bebidas y alimentos.<\/p>\n\n\n\n<p class=\"has-medium-font-size\"><strong>Objetivo: las grandes ligas<\/strong><\/p>\n\n\n\n<div style=\"height:20px\" aria-hidden=\"true\" class=\"wp-block-spacer\"><\/div>\n\n\n\n<div class=\"wp-block-image\"><figure class=\"aligncenter\"><img loading=\"lazy\" decoding=\"async\" width=\"1024\" height=\"576\" src=\"https:\/\/enolife.com.ar\/es\/wp-content\/uploads\/2019\/07\/Urdaniz-reunido-con-el-Gerente-de-Procomer-1024x576.jpg\" alt=\"\" class=\"wp-image-1890\" srcset=\"https:\/\/enolife.com.ar\/es\/wp-content\/uploads\/2019\/07\/Urdaniz-reunido-con-el-Gerente-de-Procomer-1024x576.jpg 1024w, https:\/\/enolife.com.ar\/es\/wp-content\/uploads\/2019\/07\/Urdaniz-reunido-con-el-Gerente-de-Procomer-300x169.jpg 300w, https:\/\/enolife.com.ar\/es\/wp-content\/uploads\/2019\/07\/Urdaniz-reunido-con-el-Gerente-de-Procomer-768x432.jpg 768w, https:\/\/enolife.com.ar\/es\/wp-content\/uploads\/2019\/07\/Urdaniz-reunido-con-el-Gerente-de-Procomer-1170x658.jpg 1170w, https:\/\/enolife.com.ar\/es\/wp-content\/uploads\/2019\/07\/Urdaniz-reunido-con-el-Gerente-de-Procomer-585x329.jpg 585w, https:\/\/enolife.com.ar\/es\/wp-content\/uploads\/2019\/07\/Urdaniz-reunido-con-el-Gerente-de-Procomer.jpg 1280w\" sizes=\"auto, (max-width: 1024px) 100vw, 1024px\" \/><figcaption><em>Fernando Urdaniz , gerente de Promendoza, con Pedro Beirute Prada, Gerente de Procomer<\/em>.<\/figcaption><\/figure><\/div>\n\n\n\n<p>En Costa Rica, Urdaniz se reuni\u00f3 con Pedro Beirute Prada, gerente general de Procomer, la mejor agencia de comercio exterior del mundo seg\u00fan el ITC (International Trade Center). La vinculaci\u00f3n con esta entidad puede contribuir al fomento del comercio exterior de Mendoza a nivel mundial.<\/p>\n\n\n\n<p>Procomer cuenta con 20 sedes propias en el exterior y otras 20 representaciones en conjunto con c\u00e1maras empresarias, empresas privadas y el Ministerio de Relaciones exteriores costarricense. Su presupuesto anual es de U$S 20 millones.<\/p>\n\n\n\n<div style=\"height:20px\" aria-hidden=\"true\" class=\"wp-block-spacer\"><\/div>\n\n\n\n<hr class=\"wp-block-separator\"\/>\n\n\n\n<p class=\"has-background has-medium-font-size has-light-green-cyan-background-color\"><strong>En busca de colocar franquicias en el exterior<\/strong><\/p>\n\n\n\n<div style=\"height:20px\" aria-hidden=\"true\" class=\"wp-block-spacer\"><\/div>\n\n\n\n<div class=\"wp-block-image\"><figure class=\"alignleft is-resized\"><img loading=\"lazy\" decoding=\"async\" src=\"https:\/\/enolife.com.ar\/es\/wp-content\/uploads\/2019\/07\/Expofranquicias-1024x576.jpg\" alt=\"\" class=\"wp-image-1892\" width=\"402\" height=\"226\" srcset=\"https:\/\/enolife.com.ar\/es\/wp-content\/uploads\/2019\/07\/Expofranquicias-1024x576.jpg 1024w, https:\/\/enolife.com.ar\/es\/wp-content\/uploads\/2019\/07\/Expofranquicias-300x169.jpg 300w, https:\/\/enolife.com.ar\/es\/wp-content\/uploads\/2019\/07\/Expofranquicias-768x432.jpg 768w, https:\/\/enolife.com.ar\/es\/wp-content\/uploads\/2019\/07\/Expofranquicias-1170x658.jpg 1170w, https:\/\/enolife.com.ar\/es\/wp-content\/uploads\/2019\/07\/Expofranquicias-585x329.jpg 585w, https:\/\/enolife.com.ar\/es\/wp-content\/uploads\/2019\/07\/Expofranquicias.jpg 1280w\" sizes=\"auto, (max-width: 402px) 100vw, 402px\" \/><figcaption>La <em>Expo Franquicias, realizada este a\u00f1o en San Jos\u00e9 de Costa Rica<\/em>.<\/figcaption><\/figure><\/div>\n\n\n\n<div style=\"height:20px\" aria-hidden=\"true\" class=\"wp-block-spacer\"><\/div>\n\n\n\n<p class=\"has-background has-light-green-cyan-background-color\">Se llev\u00f3 a cabo en el Hotel Intercontinental de San Jos\u00e9 de Costa Rica la 10\u00ba edici\u00f3n de Expo Franquicias, una feria regional que se organiza alternativamente en Panam\u00e1, Costa Rica y Rep\u00fablica Dominicana.<br><br>Dentro del marco de la misi\u00f3n de Pro Mendoza, en la expo costarricense particip\u00f3 Roberto Ag\u00fcero, CEO de la empresa de origen mendocino Bianco &amp; Nero, una franquicia que ya tiene presencia en Per\u00fa y ahora busca posibilidades en Costa Rica como trampol\u00edn para ganar otros mercados centroamericanos.<\/p>\n\n\n\n<div style=\"height:20px\" aria-hidden=\"true\" class=\"wp-block-spacer\"><\/div>\n\n\n\n<div class=\"wp-block-image\"><figure class=\"alignleft is-resized\"><img loading=\"lazy\" decoding=\"async\" src=\"https:\/\/enolife.com.ar\/es\/wp-content\/uploads\/2019\/07\/Ag\u00fcero-en-Expo-Franquicias-1024x576.jpg\" alt=\"\" class=\"wp-image-1889\" width=\"402\" height=\"226\" srcset=\"https:\/\/enolife.com.ar\/es\/wp-content\/uploads\/2019\/07\/Ag\u00fcero-en-Expo-Franquicias-1024x576.jpg 1024w, https:\/\/enolife.com.ar\/es\/wp-content\/uploads\/2019\/07\/Ag\u00fcero-en-Expo-Franquicias-300x169.jpg 300w, https:\/\/enolife.com.ar\/es\/wp-content\/uploads\/2019\/07\/Ag\u00fcero-en-Expo-Franquicias-768x432.jpg 768w, https:\/\/enolife.com.ar\/es\/wp-content\/uploads\/2019\/07\/Ag\u00fcero-en-Expo-Franquicias-1170x658.jpg 1170w, https:\/\/enolife.com.ar\/es\/wp-content\/uploads\/2019\/07\/Ag\u00fcero-en-Expo-Franquicias-585x329.jpg 585w, https:\/\/enolife.com.ar\/es\/wp-content\/uploads\/2019\/07\/Ag\u00fcero-en-Expo-Franquicias.jpg 1280w\" sizes=\"auto, (max-width: 402px) 100vw, 402px\" \/><figcaption><em>Roberto Ag\u00fcero, CEO de Bianco &amp; Nero<\/em>.<\/figcaption><\/figure><\/div>\n\n\n\n<div style=\"height:20px\" aria-hidden=\"true\" class=\"wp-block-spacer\"><\/div>\n\n\n\n<p class=\"has-background has-light-green-cyan-background-color\">En la Expo Franquicias hubo m\u00e1s de 70 expositores. Los principales rubros all\u00ed presentes fueron: panificaci\u00f3n y pasteler\u00eda, empresas de dise\u00f1o, organizaci\u00f3n de eventos sociales y corporativos, mantenimiento de autos y casas, campamentos acad\u00e9micos, talleres empresariales, accesorios para mascotas, comida, peluquer\u00edas, calzado, gastronom\u00eda, yoga y ejercicios funcionales, helader\u00edas, venta de motos nuevas y usadas, cl\u00ednicas m\u00e9dico-est\u00e9ticas y nutricionales, empresa de servicios de limpieza y ni\u00f1era a domicilio y rob\u00f3tica.<\/p>\n","protected":false},"excerpt":{"rendered":"<p>Una misi\u00f3n de la entidad p\u00fablico-privada que acompa\u00f1a a las empresas mendocinas a posicionar productos&hellip;<\/p>\n","protected":false},"author":2,"featured_media":1888,"comment_status":"open","ping_status":"open","sticky":false,"template":"","format":"standard","meta":{"footnotes":""},"categories":[10],"tags":[],"class_list":["post-1886","post","type-post","status-publish","format-standard","has-post-thumbnail","hentry","category-ferias"],"_links":{"self":[{"href":"https:\/\/enolife.com.ar\/es\/wp-json\/wp\/v2\/posts\/1886","targetHints":{"allow":["GET"]}}],"collection":[{"href":"https:\/\/enolife.com.ar\/es\/wp-json\/wp\/v2\/posts"}],"about":[{"href":"https:\/\/enolife.com.ar\/es\/wp-json\/wp\/v2\/types\/post"}],"author":[{"embeddable":true,"href":"https:\/\/enolife.com.ar\/es\/wp-json\/wp\/v2\/users\/2"}],"replies":[{"embeddable":true,"href":"https:\/\/enolife.com.ar\/es\/wp-json\/wp\/v2\/comments?post=1886"}],"version-history":[{"count":0,"href":"https:\/\/enolife.com.ar\/es\/wp-json\/wp\/v2\/posts\/1886\/revisions"}],"wp:featuredmedia":[{"embeddable":true,"href":"https:\/\/enolife.com.ar\/es\/wp-json\/wp\/v2\/media\/1888"}],"wp:attachment":[{"href":"https:\/\/enolife.com.ar\/es\/wp-json\/wp\/v2\/media?parent=1886"}],"wp:term":[{"taxonomy":"category","embeddable":true,"href":"https:\/\/enolife.com.ar\/es\/wp-json\/wp\/v2\/categories?post=1886"},{"taxonomy":"post_tag","embeddable":true,"href":"https:\/\/enolife.com.ar\/es\/wp-json\/wp\/v2\/tags?post=1886"}],"curies":[{"name":"wp","href":"https:\/\/api.w.org\/{rel}","templated":true}]}}