{"id":18834,"date":"2020-08-25T16:04:37","date_gmt":"2020-08-25T16:04:37","guid":{"rendered":"http:\/\/enolife.com.ar\/es\/?p=18834"},"modified":"2020-08-26T15:56:41","modified_gmt":"2020-08-26T15:56:41","slug":"la-umaza-comienza-con-una-serie-de-charlas-gratuitas-sobre-el-mundo-del-vino","status":"publish","type":"post","link":"https:\/\/enolife.com.ar\/es\/la-umaza-comienza-con-una-serie-de-charlas-gratuitas-sobre-el-mundo-del-vino\/","title":{"rendered":"La UMaza comienza con una serie de charlas gratuitas sobre el mundo del vino"},"content":{"rendered":"\n<h4 class=\"wp-block-heading\"><em><strong>El 27\/8 comienza el ciclo \u00abHablemos de enolog\u00eda\u00bb organizado por Ana Puelles, coordinadora de extensi\u00f3n de la  Facultad de Ingenier\u00eda y Enolog\u00eda de la Universidad Maza (UMaza). En estas charlas se tratar\u00e1n diferentes tem\u00e1ticas vitivin\u00edcolas tales como comercio exterior, elaboraci\u00f3n, maridajes, investigaci\u00f3n y concursos. Se dictar\u00e1n de agosto a diciembre, son gratuitas y con inscripci\u00f3n previa.<\/strong><\/em><\/h4>\n\n\n\n<div style=\"height:20px\" aria-hidden=\"true\" class=\"wp-block-spacer\"><\/div>\n\n\n\n<p>Las charlas \u00abHablemos de enolog\u00eda\u00bb se realizar\u00e1n a trav\u00e9s de la plataforma meet. La primera, a realizarse el <strong>jueves 27\/8 a las 16 hs<\/strong>., tratar\u00e1 sobre <strong>comercio exterior<\/strong> y estar\u00e1 a cargo de la Licenciada Mar\u00eda In\u00e9s Pina del \u00e1rea de exportaciones de la Bodega Luigi Bosca. Los temas a tratar ser\u00e1n: <\/p>\n\n\n\n<ul class=\"wp-block-list\"><li>Consumidores europeos.<\/li><li>Consumidores en contexto de pandemia.<\/li><li>Exigencias del viejo mundo vitivin\u00edcola a la hora de comprar vinos del nuevo mundo.<\/li><\/ul>\n\n\n\n<div style=\"height:20px\" aria-hidden=\"true\" class=\"wp-block-spacer\"><\/div>\n\n\n\n<div class=\"wp-block-image\"><figure class=\"aligncenter size-large\"><img loading=\"lazy\" decoding=\"async\" width=\"1024\" height=\"512\" src=\"https:\/\/enolife.com.ar\/es\/wp-content\/uploads\/2020\/08\/image-21.png\" alt=\"\" class=\"wp-image-18838\" srcset=\"https:\/\/enolife.com.ar\/es\/wp-content\/uploads\/2020\/08\/image-21.png 1024w, https:\/\/enolife.com.ar\/es\/wp-content\/uploads\/2020\/08\/image-21-300x150.png 300w, https:\/\/enolife.com.ar\/es\/wp-content\/uploads\/2020\/08\/image-21-768x384.png 768w, https:\/\/enolife.com.ar\/es\/wp-content\/uploads\/2020\/08\/image-21-585x293.png 585w\" sizes=\"auto, (max-width: 1024px) 100vw, 1024px\" \/><\/figure><\/div>\n\n\n\n<p class=\"has-background has-luminous-vivid-amber-background-color\"><strong>Fecha y hora: 27 de agosto a las 16 hs. &#8211; Inscripciones:  <a href=\"https:\/\/t.co\/GoSvtjFj5i?amp=1\" target=\"_blank\" rel=\"noreferrer noopener\">https:\/\/bit.ly\/2CU0u8j<\/a><\/strong> <br><strong>Para m\u00e1s consultas escribir a:  <a href=\"mailto:apuelles@umaza.edu.ar\">apuelles@umaza.edu.ar<\/a><\/strong><\/p>\n\n\n\n<div style=\"height:20px\" aria-hidden=\"true\" class=\"wp-block-spacer\"><\/div>\n\n\n\n<p class=\"has-medium-font-size\"><strong>Este ciclo contin\u00faa hasta diciembre y su cronograma es el siguiente: <\/strong><\/p>\n\n\n\n<div style=\"height:20px\" aria-hidden=\"true\" class=\"wp-block-spacer\"><\/div>\n\n\n\n<p class=\"has-background has-medium-font-size has-very-light-gray-background-color\"><strong>Setiembre<\/strong><\/p>\n\n\n\n<p><strong>Madera<\/strong><br>Disertante: Lic. Alejandra Lozano<br>Tema: La madera y su uso en vinos de media y alta gama.<\/p>\n\n\n\n<p class=\"has-background has-medium-font-size has-very-light-gray-background-color\"><strong>Octubre<\/strong><\/p>\n\n\n\n<p><strong>Maridaje<\/strong><br>Disertante: Lic. Adriana Mart\u00ednez<br>Tema: Maridaje entre vinos y quesos.<\/p>\n\n\n\n<p><strong>Investigaci\u00f3n<\/strong><br>Disertante: Lic. Leonardo Pisano<br>Tema: Comparaci\u00f3n entre elaboraciones a\u00f1o a a\u00f1o, \u00e1rea de investigaci\u00f3n y desarrollo.<\/p>\n\n\n\n<p class=\"has-background has-medium-font-size has-very-light-gray-background-color\"><strong>Noviembre<\/strong><\/p>\n\n\n\n<p><strong>Elaboraci\u00f3n<\/strong><br>Disertante: Lic. Ver\u00f3nica Ram\u00edrez<br>Tema: Elaboraci\u00f3n de cerveza.<br><br><strong>Elaboraci\u00f3n<\/strong><br>Disertante: Lic. Mariano di Paola<br>Tema: Elaboraci\u00f3n de vinos espumantes.<br><br><strong>Elaboraci\u00f3n<\/strong><br>Disertante: Lic. Gabriela Reta<br>Tema: Elaboraci\u00f3n de vinos dulces.<\/p>\n\n\n\n<p class=\"has-background has-medium-font-size has-very-light-gray-background-color\"><strong>Diciembre<\/strong><\/p>\n\n\n\n<p><strong>Concursos<\/strong><br>Disertante: Lic. Leonardo Castelani<br>Tema: Concursos internacionales.<\/p>\n\n\n\n<p><strong>Elaboraci\u00f3n<\/strong><br>Disertantes: Ex alumnos de la Universidad Juan Agust\u00edn Maza<br>Tema: Elaboraciones propias.<\/p>\n\n\n\n<p><br><\/p>\n\n\n\n<div style=\"height:20px\" aria-hidden=\"true\" class=\"wp-block-spacer\"><\/div>\n\n\n\n<div style=\"height:20px\" aria-hidden=\"true\" class=\"wp-block-spacer\"><\/div>\n","protected":false},"excerpt":{"rendered":"<p>El 27\/8 comienza el ciclo \u00abHablemos de enolog\u00eda\u00bb organizado por Ana Puelles, coordinadora de extensi\u00f3n&hellip;<\/p>\n","protected":false},"author":3,"featured_media":18865,"comment_status":"open","ping_status":"open","sticky":false,"template":"","format":"standard","meta":{"footnotes":""},"categories":[47],"tags":[],"class_list":["post-18834","post","type-post","status-publish","format-standard","has-post-thumbnail","hentry","category-agenda"],"_links":{"self":[{"href":"https:\/\/enolife.com.ar\/es\/wp-json\/wp\/v2\/posts\/18834","targetHints":{"allow":["GET"]}}],"collection":[{"href":"https:\/\/enolife.com.ar\/es\/wp-json\/wp\/v2\/posts"}],"about":[{"href":"https:\/\/enolife.com.ar\/es\/wp-json\/wp\/v2\/types\/post"}],"author":[{"embeddable":true,"href":"https:\/\/enolife.com.ar\/es\/wp-json\/wp\/v2\/users\/3"}],"replies":[{"embeddable":true,"href":"https:\/\/enolife.com.ar\/es\/wp-json\/wp\/v2\/comments?post=18834"}],"version-history":[{"count":0,"href":"https:\/\/enolife.com.ar\/es\/wp-json\/wp\/v2\/posts\/18834\/revisions"}],"wp:featuredmedia":[{"embeddable":true,"href":"https:\/\/enolife.com.ar\/es\/wp-json\/wp\/v2\/media\/18865"}],"wp:attachment":[{"href":"https:\/\/enolife.com.ar\/es\/wp-json\/wp\/v2\/media?parent=18834"}],"wp:term":[{"taxonomy":"category","embeddable":true,"href":"https:\/\/enolife.com.ar\/es\/wp-json\/wp\/v2\/categories?post=18834"},{"taxonomy":"post_tag","embeddable":true,"href":"https:\/\/enolife.com.ar\/es\/wp-json\/wp\/v2\/tags?post=18834"}],"curies":[{"name":"wp","href":"https:\/\/api.w.org\/{rel}","templated":true}]}}