{"id":18685,"date":"2020-08-26T15:55:51","date_gmt":"2020-08-26T15:55:51","guid":{"rendered":"http:\/\/enolife.com.ar\/es\/?p=18685"},"modified":"2020-08-26T23:32:40","modified_gmt":"2020-08-26T23:32:40","slug":"el-modelo-federal-y-democratico-de-suiza-en-la-charla-mendoexit-del-foro-diplomatico-local","status":"publish","type":"post","link":"https:\/\/enolife.com.ar\/es\/el-modelo-federal-y-democratico-de-suiza-en-la-charla-mendoexit-del-foro-diplomatico-local\/","title":{"rendered":"El modelo federal y democr\u00e1tico de Suiza, en la charla \u00ab#MENDOEXIT?\u00bb del Foro Diplom\u00e1tico local"},"content":{"rendered":"\n<h4 class=\"wp-block-heading\"><em><strong>El pr\u00f3ximo lunes 31 de agosto, a las 16 hs, con la organizaci\u00f3n del Foro Diplom\u00e1tico en Mendoza (FDM), se realizar\u00e1 el segundo encuentro de un ciclo que aborda la idea de una ut\u00f3pica \u00abseparaci\u00f3n\u00bb de Mendoza de la Argentina. Cabe recordar que el t\u00e9rmino \u00abMendoexit\u00bb fue acu\u00f1ado en 2016 por el polit\u00f3logo Hugo Laricchia, y que el ex gobernador de la provincia y actual diputado nacional Alfredo Cornejo, retom\u00f3 la idea y especul\u00f3 sobre una \u00abindependencia\u00bb mendocina al criticar, en tono ir\u00f3nico, al gobierno central por postergar inversiones para Mendoza. Ante ese debate, y para contrastar cualquier sugerencia separatista con la experiencia de un pa\u00eds que, como Suiza, ha sabido construir un desarrollo equilibrado entre sus distintas regiones, el FDM invit\u00f3 a exponer al Embajador de la Confederaci\u00f3n Suiza en Argentina, Heinrich Schellenberg (foto principal). El acceso para escuchar la exposici\u00f3n es libre y gratuito, previa inscripci\u00f3n.<\/strong><\/em><\/h4>\n\n\n\n<div style=\"height:38px\" aria-hidden=\"true\" class=\"wp-block-spacer\"><\/div>\n\n\n\n<div class=\"wp-block-image\"><figure class=\"alignleft size-large is-resized\"><img loading=\"lazy\" decoding=\"async\" src=\"https:\/\/enolife.com.ar\/es\/wp-content\/uploads\/2020\/08\/image-22.png\" alt=\"\" class=\"wp-image-18941\" width=\"397\" height=\"501\" srcset=\"https:\/\/enolife.com.ar\/es\/wp-content\/uploads\/2020\/08\/image-22.png 445w, https:\/\/enolife.com.ar\/es\/wp-content\/uploads\/2020\/08\/image-22-238x300.png 238w\" sizes=\"auto, (max-width: 397px) 100vw, 397px\" \/><\/figure><\/div>\n\n\n\n<p>En la continuidad del \u00abCiclo #MENDOEXIT?\u00bb organizado por el Foro Diplom\u00e1tico en Mendoza, una segunda exposici\u00f3n ofrecer\u00e1 una experiencia internacional sobre la construcci\u00f3n de estados federales integrados al gobierno de una naci\u00f3n altamente desarrollada, como es, en este caso, Suiza.<\/p>\n\n\n\n<p>La convocatoria del Foro Diplom\u00e1tico en Mendoza, consignada en su <em>flyer<\/em> de difusi\u00f3n, expresa lo siguiente:<br><br>\u00abEn un contexto global donde distintas regiones buscan ser reconocidas y puestas en valor, es necesario entender el funcionamiento de los diferentes modelos federales y democr\u00e1ticos que permiten el desarrollo y crecimiento equilibrado entre las regiones de un pa\u00eds.<\/p>\n\n\n\n<p>\u00abEl FDM Foro Diplom\u00e1tico en Mendoza, realiza su segundo encuentro en un ciclo sobre&nbsp;experiencias internacionales que apuntan a ampliar nuestras miradas.<\/p>\n\n\n\n<p>\u00abParticipa en esta ocasi\u00f3n el Se\u00f1or Embajador de la Confederaci\u00f3n Suiza en Argentina, don Heinrich Schellenberg, para conversar sobre los consensos en multiculturalidad, la construcci\u00f3n y el sostenimiento de un estado federal en un pa\u00eds donde la democracia directa es uno de sus estandartes.<\/p>\n\n\n\n<p>\u00abLas preguntas posteriores de los participantes permitir\u00e1n obtener una visi\u00f3n integradora del crecimiento conjunto de una naci\u00f3n.\u00bb<\/p>\n\n\n\n<div style=\"height:23px\" aria-hidden=\"true\" class=\"wp-block-spacer\"><\/div>\n\n\n\n<p class=\"has-background has-cyan-bluish-gray-background-color\"><strong>En detalle<\/strong><br><br><strong>Charla:<\/strong> \u00ab#MENDOEXIT\u00bb?<br><strong>Expositor invitado:<\/strong> Heinrich Schellenberg, Embajador de la Confederaci\u00f3n Suiza en Argentina.<br><strong>Fecha y hora:<\/strong> Lunes 31 de agosto 2020 a las 16 hora de Argentina.<br><strong>Modalidad del ciclo:<\/strong> Online<br><strong>Organizaci\u00f3n:<\/strong> Foro Diplom\u00e1tico en Mendoza<\/p>\n\n\n\n<div style=\"height:20px\" aria-hidden=\"true\" class=\"wp-block-spacer\"><\/div>\n\n\n\n<p class=\"has-background has-luminous-vivid-amber-background-color\"><strong>Reserva previa, sin costo, para participar:  <a href=\"https:\/\/www.eventbrite.com.ar\/e\/ciclo-mendoexit-experiencias-internacionales-tickets-117810856443\">#MENDOEXIT Experiencias Internacionales<\/a><\/strong><\/p>\n\n\n\n<div style=\"height:41px\" aria-hidden=\"true\" class=\"wp-block-spacer\"><\/div>\n\n\n\n\n\n<div style=\"height:74px\" aria-hidden=\"true\" class=\"wp-block-spacer\"><\/div>\n\n\n\n<p class=\"has-medium-font-size\"><strong>Los representantes de Suiza en Argentina y Mendoza<\/strong><\/p>\n\n\n\n<p><strong>Heinrich Schellenberg<\/strong> es el Embajador de la Confederaci\u00f3n Suiza en Argentina desde setiembre de 2018, cuando reemplaz\u00f3 a su predecesor Hanspeter Mock. Tiene una extensa carrera diplom\u00e1tica. Viene de ejercer su funci\u00f3n en Arabia Saudita, pa\u00eds de gran importancia geopol\u00edtica en Oriente Medio. Ha sido parte del cuerpo diplom\u00e1tico suizo en China -pa\u00eds con fuertes lazos econ\u00f3micos con la Confederaci\u00f3n Suiza-, donde fue c\u00f3nsul general en Shanghai. Como dato de color, es uno de los embajadores extranjeros destacados en Argentina que m\u00e1s seguidores tiene en Twitter, red social donde realiza un <em>racconto<\/em> de sus actividades cotidianas, permitiendo de alguna forma seguir su labor. <\/p>\n\n\n\n<p><strong>Raymond Schefer<\/strong> es el C\u00f3nsul Honorario de la Confederaci\u00f3n Suiza en Mendoza. Tiene la responsabilidad tanto de actuar como v\u00ednculo entre la Embajada y las autoridades locales, como de asistir a los suizos tanto residentes como turistas. Por otra parte, es miembro del Cuerpo Consular de Mendoza y del Foro Diplom\u00e1tico en Mendoza.<\/p>\n\n\n\n<div style=\"height:20px\" aria-hidden=\"true\" class=\"wp-block-spacer\"><\/div>\n\n\n\n<div style=\"height:67px\" aria-hidden=\"true\" class=\"wp-block-spacer\"><\/div>\n\n\n\n<p><br><\/p>\n","protected":false},"excerpt":{"rendered":"<p>El pr\u00f3ximo lunes 31 de agosto, a las 16 hs, con la organizaci\u00f3n del Foro&hellip;<\/p>\n","protected":false},"author":3,"featured_media":18945,"comment_status":"open","ping_status":"open","sticky":false,"template":"","format":"standard","meta":{"footnotes":""},"categories":[47],"tags":[],"class_list":["post-18685","post","type-post","status-publish","format-standard","has-post-thumbnail","hentry","category-agenda"],"_links":{"self":[{"href":"https:\/\/enolife.com.ar\/es\/wp-json\/wp\/v2\/posts\/18685","targetHints":{"allow":["GET"]}}],"collection":[{"href":"https:\/\/enolife.com.ar\/es\/wp-json\/wp\/v2\/posts"}],"about":[{"href":"https:\/\/enolife.com.ar\/es\/wp-json\/wp\/v2\/types\/post"}],"author":[{"embeddable":true,"href":"https:\/\/enolife.com.ar\/es\/wp-json\/wp\/v2\/users\/3"}],"replies":[{"embeddable":true,"href":"https:\/\/enolife.com.ar\/es\/wp-json\/wp\/v2\/comments?post=18685"}],"version-history":[{"count":0,"href":"https:\/\/enolife.com.ar\/es\/wp-json\/wp\/v2\/posts\/18685\/revisions"}],"wp:featuredmedia":[{"embeddable":true,"href":"https:\/\/enolife.com.ar\/es\/wp-json\/wp\/v2\/media\/18945"}],"wp:attachment":[{"href":"https:\/\/enolife.com.ar\/es\/wp-json\/wp\/v2\/media?parent=18685"}],"wp:term":[{"taxonomy":"category","embeddable":true,"href":"https:\/\/enolife.com.ar\/es\/wp-json\/wp\/v2\/categories?post=18685"},{"taxonomy":"post_tag","embeddable":true,"href":"https:\/\/enolife.com.ar\/es\/wp-json\/wp\/v2\/tags?post=18685"}],"curies":[{"name":"wp","href":"https:\/\/api.w.org\/{rel}","templated":true}]}}