{"id":1855,"date":"2019-07-23T04:05:42","date_gmt":"2019-07-23T04:05:42","guid":{"rendered":"http:\/\/enolife.com.ar\/es\/?p=1855"},"modified":"2019-07-24T12:44:21","modified_gmt":"2019-07-24T12:44:21","slug":"lavagna-y-ramon-proponen-crear-mas-cooperativas-vitivinicolas-y-mantener-la-matriz-productiva","status":"publish","type":"post","link":"https:\/\/enolife.com.ar\/es\/lavagna-y-ramon-proponen-crear-mas-cooperativas-vitivinicolas-y-mantener-la-matriz-productiva\/","title":{"rendered":"Lavagna y Ram\u00f3n proponen crear m\u00e1s cooperativas vitivin\u00edcolas y mantener la matriz productiva"},"content":{"rendered":"\n<h4 class=\"wp-block-heading\"><em><strong>El candidato a presidente por Consenso Federal, junto al diputado nacional Jos\u00e9 Luis Ram\u00f3n -quien se postula a gobernador por Protectora-, se reunieron en Mendoza con referentes de la producci\u00f3n, la industria y el comercio locales. Ambos desplegaron sus propuestas para el sector vitivin\u00edcola, resumi\u00e9ndolas en un plan de tres puntos: 1) impulsar la creaci\u00f3n de m\u00e1s federaciones de cooperativas; 2) potenciar la tradicional matriz productiva de Mendoza, con el vino a la cabeza y 3) proteger el agua como bien fundamental y cambiar algunas pol\u00edticas de Irrigaci\u00f3n, como por ejemplo que su titular sea elegido por los regantes y no por los principales partidos<\/strong><\/em><strong><em>.<\/em><\/strong><\/h4>\n\n\n\n<hr class=\"wp-block-separator\"\/>\n\n\n\n<p><em><strong>Entrevistas: Lorena Mellone y Pedro Straniero<\/strong><\/em><\/p>\n\n\n\n<p>Con Jos\u00e9 Luis Ram\u00f3n, quien fuera la gran sorpresa de las \u00faltimas elecciones legislativas en Mendoza y actualmente se postula para mandatario provincial por su partido Protectora,<strong> iniciamos una serie de notas a los candidatos a gobernador de la provincia, <\/strong>enfocadas en sus planes para la industria vitivin\u00edcola en caso de ser elegidos. <\/p>\n\n\n\n<p>El carism\u00e1tico l\u00edder que hace campa\u00f1a envuelto en una frazada &nbsp;y a bordo de su original \u201cRamoneta\u201d demostr\u00f3 tener ideas claras sobre el vino y la producci\u00f3n local. <strong>En entrevista exclusiva con Enolife,<\/strong> defendi\u00f3 su asociaci\u00f3n con Roberto Lavagna y descart\u00f3 una reforma laboral mientras no transcurra un largo per\u00edodo de estabilidad.<\/p>\n\n\n\n<div style=\"height:20px\" aria-hidden=\"true\" class=\"wp-block-spacer\"><\/div>\n\n\n\n<figure class=\"wp-block-image\"><img loading=\"lazy\" decoding=\"async\" width=\"1024\" height=\"767\" src=\"https:\/\/enolife.com.ar\/es\/wp-content\/uploads\/2019\/07\/Carolina-Montivero-Jos\u00e9-Luis-Ram\u00f3n-Roberto-Lavagna-y-Marcelo-Romano-1024x767.jpg\" alt=\"\" class=\"wp-image-1862\" srcset=\"https:\/\/enolife.com.ar\/es\/wp-content\/uploads\/2019\/07\/Carolina-Montivero-Jos\u00e9-Luis-Ram\u00f3n-Roberto-Lavagna-y-Marcelo-Romano-1024x767.jpg 1024w, https:\/\/enolife.com.ar\/es\/wp-content\/uploads\/2019\/07\/Carolina-Montivero-Jos\u00e9-Luis-Ram\u00f3n-Roberto-Lavagna-y-Marcelo-Romano-300x225.jpg 300w, https:\/\/enolife.com.ar\/es\/wp-content\/uploads\/2019\/07\/Carolina-Montivero-Jos\u00e9-Luis-Ram\u00f3n-Roberto-Lavagna-y-Marcelo-Romano-768x575.jpg 768w, https:\/\/enolife.com.ar\/es\/wp-content\/uploads\/2019\/07\/Carolina-Montivero-Jos\u00e9-Luis-Ram\u00f3n-Roberto-Lavagna-y-Marcelo-Romano-585x438.jpg 585w, https:\/\/enolife.com.ar\/es\/wp-content\/uploads\/2019\/07\/Carolina-Montivero-Jos\u00e9-Luis-Ram\u00f3n-Roberto-Lavagna-y-Marcelo-Romano.jpg 1025w\" sizes=\"auto, (max-width: 1024px) 100vw, 1024px\" \/><figcaption><em>Carolina Montivero (precandidata a diputada nacional), Jos\u00e9 Luis Ram\u00f3n, Roberto Lavagna y Marcelo Romano (senador provincial y precandidato a diputado nacional)<\/em>.<\/figcaption><\/figure>\n\n\n\n<div style=\"height:20px\" aria-hidden=\"true\" class=\"wp-block-spacer\"><\/div>\n\n\n\n<p class=\"has-text-color has-vivid-red-color\"><strong>\u00bfCu\u00e1l ser\u00eda tu pol\u00edtica respecto a la industria vitivin\u00edcola si lleg\u00e1s a la Gobernaci\u00f3n?<\/strong><\/p>\n\n\n\n<p>Lo &nbsp;puedo resumir en tres temas. El primero de ellos est\u00e1 relacionado con <strong>la matriz productiva de Mendoza.<\/strong> A contramano de lo que dicen otras fuerzas pol\u00edticas y de aquellos que quieren traer otro tipo de modelo de base para la econom\u00eda provincial, nosotros afirmamos que la matriz productiva de Mendoza no debe ser dejada de lado, no se puede cambiar, se la tiene que recuperar, apoyar y hacer que pueda evolucionar para poder ocupar nuevos mercados y lograr que los productores , sobre todo los peque\u00f1os y medianos, se puedan desarrollar, tal como ocurri\u00f3 hist\u00f3ricamente en nuestra provincia. Partimos de ese concepto, de que la econom\u00eda de Mendoza tiene una matriz productiva que es y ha sido muy poderosa, porque durante d\u00e9cadas aport\u00f3 casi el 4% del PBI\u2026 Y hoy, uno de los motivos de la actual crisis es la falta de pol\u00edticas de Estado que tengan inter\u00e9s en mantener esta matriz productiva.<\/p>\n\n\n\n<p>La segunda propuesta que nosotros hacemos es <strong>impulsar el crecimiento de cooperativas de primero y segundo grado<\/strong> (asociaciones de cooperativas). Yo he tenido la oportunidad este a\u00f1o de estar en Francia, en la zona norte de Italia y el sur de Alemania, y en otras oportunidades tambi\u00e9n por fuera de mi cargo de diputado, y all\u00ed he visto c\u00f3mo, en los pa\u00edses m\u00e1s desarrollados del mundo, funcionan muy bien los sistemas cooperativos. Es una de las caracter\u00edsticas de econom\u00edas regionales similares a las nuestras: queremos que haya varias cooperativas como Fecovita, que es muy grande e importante pero aglutina s\u00f3lo a 5.000 de los 17.000 productores que hay en nuestra regi\u00f3n. En general, te digo que vamos a impulsar la ampliaci\u00f3n de la base de peque\u00f1os y medianos productores en las grandes cooperativas, y esto no ser\u00e1 por generaci\u00f3n espont\u00e1nea, sino que llevar\u00e1 largo tiempo.<\/p>\n\n\n\n<p>Y el tercer punto es <strong>la protecci\u00f3n de uno de los bienes m\u00e1s importantes<\/strong> que tiene nuestra provincia, el agua\u2026<\/p>\n\n\n\n<p class=\"has-text-color has-vivid-red-color\"><strong>\u00bfEsa idea incluye actuar sobre los organismos que\nregulan el uso del agua, por ejemplo el Departamento General de Irrigaci\u00f3n?<\/strong><\/p>\n\n\n\n<p>Justamente, impulsaremos que <strong>las autoridades de Irrigaci\u00f3n sean elegidas democr\u00e1ticamente por los regantes<\/strong>, no como ahora que es potestad de los partidos pol\u00edticos. Ya veremos c\u00f3mo se puede hacer, ya sea con una reforma constitucional o cambiando la norma as\u00ed como se cambi\u00f3 el sistema de elecci\u00f3n de los jueces a trav\u00e9s de un Consejo de la Magistratura\u2026 Pero queremos que las autoridades de Irrigaci\u00f3n dejen de ser parte de los acuerdos pol\u00edticos entre justicialistas y radicales. <\/p>\n\n\n\n<p class=\"has-text-color has-vivid-red-color\"><strong>\u00bfQu\u00e9 reclamos les plantearon los empresarios y\nproductores locales?<\/strong><\/p>\n\n\n\n<p>Tuvimos la oportunidad de expresar nuestras ideas y de intercambiar propuestas. En el caso m\u00edo, encontr\u00e9 consenso en la propuesta de mantener la matriz productiva, porque al parecer ninguno de los otros candidatos ha puesto \u00e9nfasis en ese tema\u2026 Tambi\u00e9n se expresaron algunas C\u00e1maras que tienen inter\u00e9s en&nbsp; emprendimientos mineros.<\/p>\n\n\n\n<p>&nbsp;Y uno de los principales reclamos que le hicieron a Lavagna es que se necesita un <strong>mayor impulso para los peque\u00f1os productores de la provincia. <\/strong>Lavagna fue muy claro: la \u00fanica forma de protegerlos y hacerlos prosperar es que, desde el Estado Nacional, se logre terminar con este proceso de inflaci\u00f3n y se logre quitarle los impuestos a todo el sistema de inversiones. Y en cuanto a la reforma laboral, porque andan todos preguntando qui\u00e9n est\u00e1 de acuerdo y qui\u00e9n no con la reforma laboral, les decimos que la \u00fanica manera en que podr\u00eda producirse una reforma laboral es que haya un largo per\u00edodo de prosperidad econ\u00f3mica, antes no puede haber reforma laboral.<\/p>\n\n\n\n<p class=\"has-text-color has-vivid-red-color\"><strong>\u00bfConoce Lavagna a fondo nuestra realidad vitivin\u00edcola?<\/strong> <\/p>\n\n\n\n<p>S\u00ed! Yo hab\u00eda hablado con \u00e9l en Buenos Aires en tres oportunidades, pero nunca lo hab\u00eda escuchado manifestarse con tanto \u00e9nfasis en apoyo a nuestra idea de que s\u00f3lo desde el Estado nacional se puede generar <strong>una pol\u00edtica que revierta esta mec\u00e1nica de una econom\u00eda dominada por el sistema financiero,<\/strong> de generar un sistema de producci\u00f3n que genere trabajo, y sobre todo de que el peque\u00f1o y mediano productor mejoren su poder adquisitivo y accedan plenamente al consumo. Est\u00e1 visto que la pol\u00edtica del ajuste no funciona. En las \u00faltimas d\u00e9cadas, haya sido con gobiernos militares o democr\u00e1ticos, incluido el gobierno actual, cada vez que se pretende hacer ajustes econ\u00f3micos de termina en una depresi\u00f3n tremenda, en especial de los sectores medios de la poblaci\u00f3n.. As\u00ed&nbsp; que yo estoy chocho por la manera en que se manifest\u00f3, y creo que la mayor\u00eda estuvo conforme. <\/p>\n\n\n\n<hr class=\"wp-block-separator\"\/>\n\n\n\n<p class=\"has-background has-medium-font-size has-very-light-gray-background-color\"><strong>El encuentro con los referentes de la industria<\/strong><\/p>\n\n\n\n<p class=\"has-background has-very-light-gray-background-color\">La intensa jornada de Roberto Lavagna el lunes 22\/7 en Mendoza, incluy\u00f3 un almuerzo en Fecovita, Maip\u00fa, en el que participaron referentes de la producci\u00f3n local y de la industria vitivin\u00edcola. All\u00ed se intercambiaron ideas y, tanto Lavagna como Ram\u00f3n, expusieron ante los asistentes las propuestas de Consenso Federal y Protectora para el sector.<\/p>\n\n\n\n<p class=\"has-background has-very-light-gray-background-color\"><strong>Participaron en el almuerzo las siguientes instituciones:<\/strong><br><br>Asociaci\u00f3n de Vi\u00f1ateros de Mendoza, Bodegas de Argentina, C\u00e1mara de Productos Vit\u00edcolas de San Juan, Uni\u00f3n Vitivin\u00edcola Argentina,&nbsp; Coviar, Uni\u00f3n Industrial de Mendoza, UCIM, Sancor Cooperativa de Seguros, C\u00e1mara de Estaciones de Servicio, C\u00e1mara de Farmacias, Asociaci\u00f3n de Cooperativas Vitivin\u00edcolas, C\u00e1maras de Industria, Comercio y Agropecuaria de San Rafael, General Alvear,&nbsp; Malargue, Tunuy\u00e1n y Tupungato. Tambi\u00e9n el Gremio Luz y Fuerz y, por supuesto, los anfitriones de Fecovita, con su l\u00edder Eduardo Sancho a la cabeza.<\/p>\n\n\n\n<div style=\"height:20px\" aria-hidden=\"true\" class=\"wp-block-spacer\"><\/div>\n\n\n\n<figure class=\"wp-block-image\"><img loading=\"lazy\" decoding=\"async\" width=\"1024\" height=\"505\" src=\"https:\/\/enolife.com.ar\/es\/wp-content\/uploads\/2019\/07\/IMG-20190723-WA0000-1-1024x505.jpg\" alt=\"\" class=\"wp-image-1861\" srcset=\"https:\/\/enolife.com.ar\/es\/wp-content\/uploads\/2019\/07\/IMG-20190723-WA0000-1-1024x505.jpg 1024w, https:\/\/enolife.com.ar\/es\/wp-content\/uploads\/2019\/07\/IMG-20190723-WA0000-1-300x148.jpg 300w, https:\/\/enolife.com.ar\/es\/wp-content\/uploads\/2019\/07\/IMG-20190723-WA0000-1-768x379.jpg 768w, https:\/\/enolife.com.ar\/es\/wp-content\/uploads\/2019\/07\/IMG-20190723-WA0000-1-1170x577.jpg 1170w, https:\/\/enolife.com.ar\/es\/wp-content\/uploads\/2019\/07\/IMG-20190723-WA0000-1-585x288.jpg 585w, https:\/\/enolife.com.ar\/es\/wp-content\/uploads\/2019\/07\/IMG-20190723-WA0000-1.jpg 1262w\" sizes=\"auto, (max-width: 1024px) 100vw, 1024px\" \/><figcaption><em>Referentes del sector vitivin\u00edcola junto a Lavagna y Ram\u00f3n, en el almuerzo realizado en Fecovita<\/em>.<\/figcaption><\/figure>\n\n\n\n<div style=\"height:20px\" aria-hidden=\"true\" class=\"wp-block-spacer\"><\/div>\n\n\n\n<hr class=\"wp-block-separator\"\/>\n\n\n\n<div class=\"wp-block-image\"><figure class=\"alignleft\"><img decoding=\"async\" src=\"https:\/\/camarasanrafael.com.ar\/wp-content\/uploads\/2017\/11\/Camara-de-Comercio-San-Rafael-Osvaldo-Fernandez-Director.jpg\" alt=\"\"\/><figcaption><em>Osvaldo Fern\u00e1ndez<\/em><\/figcaption><\/figure><\/div>\n\n\n\n<p class=\"has-background has-medium-font-size has-pale-cyan-blue-background-color\"><strong>Osvaldo Fern\u00e1ndez: \u201cSi tenemos una econom\u00eda ordenada, el acuerdo con la UE nos beneficiar\u00e1\u201d<\/strong><\/p>\n\n\n\n<p class=\"has-background has-pale-cyan-blue-background-color\">El presidente de la C\u00e1mara de Comercio, Industria y Agropecuaria de San Rafael fue uno de los asistentes a la convocatoria de Lavagna y Ram\u00f3n, ayer 22\/7 en un almuerzo en las instalaciones de Fecovita en Maip\u00fa.<br>Fern\u00e1ndez, que es ingeniero zootecnista y se dedica a la actividad ganadera, aport\u00f3 su visi\u00f3n panor\u00e1mica como representante de un amplio abanico de productores y comerciantes del sur provincial.<br>\u201cCreo que fue una reuni\u00f3n en la que Lavagna pudo recoger, de parte de la mayor\u00eda de los actores del sector, la realidad vitivin\u00edcola\u201d, manifest\u00f3 Fern\u00e1ndez. Y agreg\u00f3: \u201cEse no es un dato menor: todos los representantes estaban all\u00ed, los directivos y la gente del llano, que tiene su propia mirada\u201d. <br>\u201cA los productores, Lavagna nos dio una visi\u00f3n amplia de c\u00f3mo podr\u00eda ser la soluci\u00f3n para este pa\u00eds desde la mirada de un candidato a presidente, de un candidato que tiene una propuesta y la explica, que no est\u00e1 metido en una pelea como los otros dos candidatos principales\u201d.<br>Prosigui\u00f3 Fern\u00e1ndez: \u201cTambi\u00e9n se trat\u00f3 el tema del agua; la gente de Ram\u00f3n cont\u00f3 cu\u00e1l es su mirada sobre Irrigaci\u00f3n, y nosotros manifestamos nuestra preocupaci\u00f3n por el tema energ\u00e9tico, obre c\u00f3mo nos afecta a nosotros, que tomamos decisiones de invertir en energ\u00eda por per\u00edodos largos, de 20 o 30 a\u00f1os\u2026 Por ejemplo, cuando decid\u00eds poner un sistema de riego por goteo, ten\u00e9s una visi\u00f3n de planeamiento que excede a los per\u00edodos de gobierno. Es que en un per\u00edodo de gobierno te ponen la energ\u00eda a un precio, uno invierte, y despu\u00e9s viene otro que te lo cambia\u2026 Te cambian las reglas del juego de la macroeconom\u00eda, y los viticultores quedan expuestos por&nbsp; las decisiones. De manera tal que deber\u00edan darle protecci\u00f3n a todos los cultivos largamente perennes, cuyos tiempos de desarrollo van m\u00e1s all\u00e1 de los tiempos y las decisiones del gobierno de turno. Por pol\u00edtica, un gobernante dice una cosa y el que viene dice otra. Todo eso se traduce en que Argentina tiene una econom\u00eda pendular: te ubican en un sitio y despu\u00e9s te ponen en otro y te dejan en b\u2026\u201d.<br>\u201cTambi\u00e9n se expresaron en la reuni\u00f3n las distintas posiciones sobre el acuerdo Mercosur-Uni\u00f3n Europea. La opini\u00f3n de Lavagna al respecto es que el acuerdo es bueno, y que vamos a obtener beneficios o no seg\u00fan sea el tipo de cambio que tengamos. Si tenemos un tipo de cambio alto y un pa\u00eds ordenado, vamos a obtener beneficios, pero si tenemos un tipo de cambio bajo en un pa\u00eds desordenado, Europa nos va a comer, y esto ser\u00e1 as\u00ed para todas las actividades de la producci\u00f3n\u00bb. <\/p>\n","protected":false},"excerpt":{"rendered":"<p>El candidato a presidente por Consenso Federal, junto al diputado nacional Jos\u00e9 Luis Ram\u00f3n -quien&hellip;<\/p>\n","protected":false},"author":5,"featured_media":1865,"comment_status":"open","ping_status":"open","sticky":false,"template":"","format":"standard","meta":{"footnotes":""},"categories":[14],"tags":[],"class_list":["post-1855","post","type-post","status-publish","format-standard","has-post-thumbnail","hentry","category-news"],"_links":{"self":[{"href":"https:\/\/enolife.com.ar\/es\/wp-json\/wp\/v2\/posts\/1855","targetHints":{"allow":["GET"]}}],"collection":[{"href":"https:\/\/enolife.com.ar\/es\/wp-json\/wp\/v2\/posts"}],"about":[{"href":"https:\/\/enolife.com.ar\/es\/wp-json\/wp\/v2\/types\/post"}],"author":[{"embeddable":true,"href":"https:\/\/enolife.com.ar\/es\/wp-json\/wp\/v2\/users\/5"}],"replies":[{"embeddable":true,"href":"https:\/\/enolife.com.ar\/es\/wp-json\/wp\/v2\/comments?post=1855"}],"version-history":[{"count":0,"href":"https:\/\/enolife.com.ar\/es\/wp-json\/wp\/v2\/posts\/1855\/revisions"}],"wp:featuredmedia":[{"embeddable":true,"href":"https:\/\/enolife.com.ar\/es\/wp-json\/wp\/v2\/media\/1865"}],"wp:attachment":[{"href":"https:\/\/enolife.com.ar\/es\/wp-json\/wp\/v2\/media?parent=1855"}],"wp:term":[{"taxonomy":"category","embeddable":true,"href":"https:\/\/enolife.com.ar\/es\/wp-json\/wp\/v2\/categories?post=1855"},{"taxonomy":"post_tag","embeddable":true,"href":"https:\/\/enolife.com.ar\/es\/wp-json\/wp\/v2\/tags?post=1855"}],"curies":[{"name":"wp","href":"https:\/\/api.w.org\/{rel}","templated":true}]}}