{"id":18405,"date":"2020-08-18T16:14:43","date_gmt":"2020-08-18T16:14:43","guid":{"rendered":"http:\/\/enolife.com.ar\/es\/?p=18405"},"modified":"2020-08-19T21:49:32","modified_gmt":"2020-08-19T21:49:32","slug":"turismo-de-la-nacion-instruye-a-operadores-del-enoturismo-sobre-el-protocolo-oficial-anticovid-19","status":"publish","type":"post","link":"https:\/\/enolife.com.ar\/es\/turismo-de-la-nacion-instruye-a-operadores-del-enoturismo-sobre-el-protocolo-oficial-anticovid-19\/","title":{"rendered":"Turismo de la Naci\u00f3n instruye a operadores del enoturismo sobre el protocolo oficial anticovid-19"},"content":{"rendered":"\n<h4 class=\"wp-block-heading\"><em><strong>La Direcci\u00f3n Nacional de Calidad e Innovaci\u00f3n Tur\u00edstica  del Ministerio de Turismo y Deportes de la Naci\u00f3n organiz\u00f3, junto con la Coviar y el Consejo Federal de Turismo (CFT), un espacio de capacitaci\u00f3n para personal de bodegas y vi\u00f1edos sobre c\u00f3mo aplicar el protocolo contra el coronavirus en enoturismo. Es un programa de 6 talleres, cada uno de ellos focalizados en una regi\u00f3n del pa\u00eds.<\/strong><\/em><\/h4>\n\n\n\n<div style=\"height:20px\" aria-hidden=\"true\" class=\"wp-block-spacer\"><\/div>\n\n\n\n<p>Las capacitaciones se llevar\u00e1n a cabo por la plataforma Zoom y tienen como objetivo \u00abofrecer herramientas para el cumplimiento y la concientizaci\u00f3n de la instrumentaci\u00f3n de programas de calidad como las Directrices de Gesti\u00f3n Tur\u00edstica para Bodegas\u00bb.<\/p>\n\n\n\n<div style=\"height:20px\" aria-hidden=\"true\" class=\"wp-block-spacer\"><\/div>\n\n\n\n<p class=\"has-background has-very-light-gray-background-color\"><strong>Para conocer m\u00e1s, ver nota de Enolife: <a href=\"https:\/\/enolife.com.ar\/es\/el-enoturismo-ya-tiene-su-protocolo-oficial-para-prevenir-el-coronavirus\/\">El enoturismo ya tiene su protocolo oficial para prevenir el coronavirus conocer m\u00e1s sobre el protocolo visitar la nota de Enolife <\/a><\/strong><\/p>\n\n\n\n<div style=\"height:20px\" aria-hidden=\"true\" class=\"wp-block-spacer\"><\/div>\n\n\n\n<p>El primer taller est\u00e1 previsto para la regi\u00f3n NOA (Salta, Tucum\u00e1n, Jujuy, Catamarca y La Rioja) y ser\u00e1 hoy 18\/8 a las 18 hs., con inscripci\u00f3n previa obligatoria. <\/p>\n\n\n\n<p class=\"has-background has-luminous-vivid-amber-background-color\"><strong> Acceso: <a href=\"https:\/\/www.eventbrite.com.ar\/e\/taller-buenas-practicas-en-el-recupero-del-sector-enoturistico-region-noa-registration-116720942481\">Taller buenas pr\u00e1cticas enoturismo NOA <\/a><\/strong><\/p>\n\n\n\n<div style=\"height:20px\" aria-hidden=\"true\" class=\"wp-block-spacer\"><\/div>\n\n\n\n<figure class=\"wp-block-embed-youtube wp-block-embed is-type-video is-provider-youtube wp-embed-aspect-16-9 wp-has-aspect-ratio\"><div class=\"wp-block-embed__wrapper\">\n<iframe loading=\"lazy\" title=\"Capacitaci\u00f3n Normativa Covid 19 para Bodegas Tur\u00edsticas Asoc. Ad Hoc de Turismo del Vino  - COVIAR\" width=\"1170\" height=\"658\" src=\"https:\/\/www.youtube.com\/embed\/1A0QTIbBLw8?feature=oembed\" frameborder=\"0\" allow=\"accelerometer; autoplay; encrypted-media; gyroscope; picture-in-picture\" allowfullscreen><\/iframe>\n<\/div><\/figure>\n\n\n\n<div style=\"height:69px\" aria-hidden=\"true\" class=\"wp-block-spacer\"><\/div>\n\n\n\n\n\n<div style=\"height:54px\" aria-hidden=\"true\" class=\"wp-block-spacer\"><\/div>\n\n\n\n<p class=\"has-medium-font-size\"><strong>Agenda y links de inscripciones para cada taller<\/strong><\/p>\n\n\n\n<div style=\"height:20px\" aria-hidden=\"true\" class=\"wp-block-spacer\"><\/div>\n\n\n\n<p class=\"has-background has-very-light-gray-background-color\">&#8211; <strong><a href=\"https:\/\/www.eventbrite.com.ar\/e\/taller-buenas-practicas-en-el-recupero-del-sector-enoturistico-region-noa-registration-116720942481\">Regi\u00f3n NOA &#8211; 18 de agosto \u2013 18 hs<\/a><br>&#8211; <a href=\"https:\/\/forms.gle\/p2WpynFkw2rBiZon8\">Regi\u00f3n Litoral &#8211; 19 de agosto \u2013 18 hs<\/a><br><a href=\"https:\/\/www.eventbrite.com.ar\/e\/buenas-practicas-en-el-recupero-del-sector-enoturistico-region-bs-as-registration-116769156691\">&#8211; Regi\u00f3n Buenos Aires \u2013 21 de agosto \u2013 16 hs<\/a><br><a href=\"https:\/\/www.eventbrite.com.ar\/e\/buenas-practicas-en-el-recupero-del-sector-enoturistico-region-patagonia-registration-116774687233\">&#8211; Regi\u00f3n Patagonia \u2013 21 de agosto \u2013 18 hs<\/a><br><a href=\"https:\/\/www.eventbrite.com.ar\/e\/buenas-practicas-en-el-recupero-del-sector-enoturistico-region-cordoba-registration-116777886803\">&#8211; Regi\u00f3n C\u00f3rdoba \u2013 27 de agosto \u2013 18 hs<\/a><br><a href=\"https:\/\/www.eventbrite.com.ar\/e\/buenas-practicas-en-el-recupero-del-sector-enoturistico-region-cuyo-registration-116779948971\">&#8211; Regi\u00f3n Cuyo \u2013 1 de septiembre \u2013 18 hs<\/a><\/strong><\/p>\n\n\n\n<div style=\"height:20px\" aria-hidden=\"true\" class=\"wp-block-spacer\"><\/div>\n\n\n\n<p>Para mayor informaci\u00f3n, los interesados pueden comunicarse con<strong> Oscar Bustos Navarta, <\/strong>coordinador t\u00e9cnico de la capacitaci\u00f3n, al e-mail<strong> <a href=\"mailto:obustos@turismo.gob.ar\">obustos@turismo.gob.ar<\/a><\/strong><\/p>\n\n\n\n<div style=\"height:20px\" aria-hidden=\"true\" class=\"wp-block-spacer\"><\/div>\n\n\n\n<p class=\"has-small-font-size\"><strong><em>Fuentes: Coviar y Gobierno de la Naci\u00f3n<\/em><\/strong><\/p>\n\n\n\n<div style=\"height:55px\" aria-hidden=\"true\" class=\"wp-block-spacer\"><\/div>\n","protected":false},"excerpt":{"rendered":"<p>La Direcci\u00f3n Nacional de Calidad e Innovaci\u00f3n Tur\u00edstica del Ministerio de Turismo y Deportes de&hellip;<\/p>\n","protected":false},"author":3,"featured_media":18429,"comment_status":"open","ping_status":"open","sticky":false,"template":"","format":"standard","meta":{"footnotes":""},"categories":[11],"tags":[],"class_list":["post-18405","post","type-post","status-publish","format-standard","has-post-thumbnail","hentry","category-enoturismo"],"_links":{"self":[{"href":"https:\/\/enolife.com.ar\/es\/wp-json\/wp\/v2\/posts\/18405","targetHints":{"allow":["GET"]}}],"collection":[{"href":"https:\/\/enolife.com.ar\/es\/wp-json\/wp\/v2\/posts"}],"about":[{"href":"https:\/\/enolife.com.ar\/es\/wp-json\/wp\/v2\/types\/post"}],"author":[{"embeddable":true,"href":"https:\/\/enolife.com.ar\/es\/wp-json\/wp\/v2\/users\/3"}],"replies":[{"embeddable":true,"href":"https:\/\/enolife.com.ar\/es\/wp-json\/wp\/v2\/comments?post=18405"}],"version-history":[{"count":0,"href":"https:\/\/enolife.com.ar\/es\/wp-json\/wp\/v2\/posts\/18405\/revisions"}],"wp:featuredmedia":[{"embeddable":true,"href":"https:\/\/enolife.com.ar\/es\/wp-json\/wp\/v2\/media\/18429"}],"wp:attachment":[{"href":"https:\/\/enolife.com.ar\/es\/wp-json\/wp\/v2\/media?parent=18405"}],"wp:term":[{"taxonomy":"category","embeddable":true,"href":"https:\/\/enolife.com.ar\/es\/wp-json\/wp\/v2\/categories?post=18405"},{"taxonomy":"post_tag","embeddable":true,"href":"https:\/\/enolife.com.ar\/es\/wp-json\/wp\/v2\/tags?post=18405"}],"curies":[{"name":"wp","href":"https:\/\/api.w.org\/{rel}","templated":true}]}}