{"id":18180,"date":"2020-08-14T16:40:48","date_gmt":"2020-08-14T16:40:48","guid":{"rendered":"http:\/\/enolife.com.ar\/es\/?p=18180"},"modified":"2020-08-19T21:20:25","modified_gmt":"2020-08-19T21:20:25","slug":"mendoza-perderia-ingresos-turisticos-por-unos-1-000-millones-al-suspender-la-vendimia-2021","status":"publish","type":"post","link":"https:\/\/enolife.com.ar\/es\/mendoza-perderia-ingresos-turisticos-por-unos-1-000-millones-al-suspender-la-vendimia-2021\/","title":{"rendered":"Mendoza perder\u00eda ingresos tur\u00edsticos por unos $1.000 millones al suspender la Vendimia 2021"},"content":{"rendered":"\n<h4 class=\"wp-block-heading\"><em><strong>La duda flotaba en el ambiente y muchos tem\u00edan la mala noticia. Ayer, 13\/8, el gobernador Rodolfo Su\u00e1rez lo confirm\u00f3: por el coronavirus, casi seguro se cancelar\u00e1 nuestra fiesta m\u00e1xima en marzo de 2021. Es que, aunque los efectos de la pandemia se hayan atenuado para esas fechas, el riesgo de un posible rebrote persistir\u00e1 porque la vacuna reci\u00e9n se estar\u00e1 empezando a aplicar a principios del a\u00f1o que viene.<\/strong><\/em><\/h4>\n\n\n\n<hr class=\"wp-block-separator\"\/>\n\n\n\n<h4 class=\"wp-block-heading\"><em><strong>En 2020, durante los 4 d\u00edas de la Fiesta, el turismo nacional e internacional dej\u00f3 en Mendoza $700 millones, con el d\u00f3lar a $83. Hoy, con el d\u00f3lar a $100, el c\u00e1lculo de la p\u00e9rdida da como m\u00ednimo $850 millones. Y a eso habr\u00eda que sumarle el incremento de la divisa de ac\u00e1 a marzo 2021, con lo que podemos inferir que dejar\u00edan de entrar en nuestra econom\u00eda unos $1.000 millones.<\/strong><\/em><\/h4>\n\n\n\n<div style=\"height:20px\" aria-hidden=\"true\" class=\"wp-block-spacer\"><\/div>\n\n\n\n<p><strong>Por Pedro Straniero<br>(<em>pstraniero@enolife.com.ar<\/em>)<\/strong><\/p>\n\n\n\n<div style=\"height:20px\" aria-hidden=\"true\" class=\"wp-block-spacer\"><\/div>\n\n\n\n<p>Se ve\u00eda venir, y el gobernador <strong>Rodolfo \u00abRody\u00bb Su\u00e1rez<\/strong> lo admiti\u00f3 ayer al t\u00e9rmino de un acto de entrega de viviendas en Jun\u00edn: <strong>peligra la realizaci\u00f3n de la Fiesta de la Vendimia 2021<\/strong>, porque para la primera semana de marzo del a\u00f1o que viene se prev\u00e9 que a\u00fan habr\u00e1 riesgos de contagio de coronavirus en concentraciones masivas de p\u00fablico. El mandatario radical a\u00fan no ha tomado la decisi\u00f3n final, y aclar\u00f3 que esperar\u00e1 un poco m\u00e1s para ver el progreso de la situaci\u00f3n, aunque advirti\u00f3 que \u00abel tiempo es un apremiante\u00bb.<\/p>\n\n\n\n<div style=\"height:20px\" aria-hidden=\"true\" class=\"wp-block-spacer\"><\/div>\n\n\n\n<blockquote class=\"wp-block-quote is-layout-flow wp-block-quote-is-layout-flow\"><p>No vamos a gastar plata de los mendocinos ante una hip\u00f3tesis de si se puede hacer o no&#8230; Vamos a esperar un tiempo m\u00e1s para decidir&#8230; Pero si ya no arrancamos, se dificulta hacer la Vendimia\u00bb.<\/p><cite>Rodolfo Su\u00e1rez, gobernador de Mendoza<\/cite><\/blockquote>\n\n\n\n<div style=\"height:20px\" aria-hidden=\"true\" class=\"wp-block-spacer\"><\/div>\n\n\n\n<p>\u00abEl calendario vendimial es una cosa pero el trabajo para la Vendimia es otra cosa. La Fiesta de la Vendimia tiene un trabajo que ya en esta \u00e9poca del a\u00f1o comienza. No vamos a gastar plata de los mendocinos ante una hip\u00f3tesis de si se puede hacer o no.&nbsp;Todos los indicadores nos dicen que no la vamos a poder hacer la Vendimia, seguramente.&nbsp;Se habla del primer semestre de 2021 para la vacuna. En esta \u00e9poca de vacas flacas, de Estado austero y de esta reducci\u00f3n de costos que queremos hacer vamos a ser muy cuidadosos. Vamos a esperar un tiempo m\u00e1s, prudentemente. Pero si ya no arrancamos en un tiempo, se dificulta hacer la Vendimia\u00bb, manifest\u00f3.<\/p>\n\n\n\n<div style=\"height:20px\" aria-hidden=\"true\" class=\"wp-block-spacer\"><\/div>\n\n\n\n<p class=\"has-text-color has-background has-very-dark-gray-color has-very-light-gray-background-color\"><strong>Las cifras del covid-19 hoy<br><br>Al 13\/8\/20, Mendoza registra 2.731 casos positivos confirmados&nbsp;<\/strong>(56 casos importados por gente que lleg\u00f3 de otros pa\u00edses, 2.233 por contacto estrecho con alguien que vino de otro pa\u00eds o dio positivo y 442 en investigaci\u00f3n epidemiol\u00f3gica).<strong>&nbsp;Tambi\u00e9n, la provincia tiene 891 personas recuperadas y 59 fallecimientos.<\/strong><\/p>\n\n\n\n<div style=\"height:50px\" aria-hidden=\"true\" class=\"wp-block-spacer\"><\/div>\n\n\n\n<p class=\"has-medium-font-size\"><strong>Lo que la Vendimia 2020 nos dej\u00f3 y lo que se perder\u00eda en 2021<\/strong><\/p>\n\n\n\n<p>Seg\u00fan cifras oficiales del Gobierno de Mendoza, publicadas inmediatamente despu\u00e9s de la \u00faltima Fiesta, la provincia recibi\u00f3 a m\u00e1s de 71.500 visitantes atra\u00eddos por nuestra m\u00e1xima celebraci\u00f3n en la semana de los actos centrales de la Vendimia 2020, del 2 al 9 de marzo pasado.<\/p>\n\n\n\n<p>En el Gran Mendoza, epicentro de los festejos vendimiales como la V\u00eda Blanca, el Carrusel y las tres noches de la Fiesta de la Vendimia, la ocupaci\u00f3n hotelera rond\u00f3 el 90%. Los hoteles de 4 y 5 estrellas fueron los m\u00e1s buscados, con una ocupaci\u00f3n del 95%, mientras que los alojamientos &nbsp;de 1 a 3 estrellas estuvieron ocupados en un 85%. La noche del s\u00e1bado 7 de marzo fue la m\u00e1s solicitada.<\/p>\n\n\n\n<p>El 75% de los turistas que llegaron para Vendimia provinieron de Argentina. La mayor parte de los visitantes llegaron desde la CABA, las provincias de Buenos Aires, C\u00f3rdoba y Santa Fe y los pa\u00edses lim\u00edtrofes Chile y Brasil.<\/p>\n\n\n\n<div style=\"height:20px\" aria-hidden=\"true\" class=\"wp-block-spacer\"><\/div>\n\n\n\n<p class=\"has-background has-very-light-gray-background-color\">Seg\u00fan dio cuenta un informe del Ministerio de Cultura provincial divulgado tras la Fiesta en marzo pasado, la estad\u00eda promedio de los turistas fue de 3,5 d\u00edas, y <strong>el gasto diario rond\u00f3 los $2.800 por persona<\/strong>. Esto significa que en total los visitantes dejaron en Mendoza <strong>$700.700.000<\/strong>, cuando el d\u00f3lar \u00abturista\u00bb (o sea, la cotizaci\u00f3n oficial + el 30% del \u00abimpuesto pa\u00eds\u00bb) estaba a $83. <\/p>\n\n\n\n<div style=\"height:20px\" aria-hidden=\"true\" class=\"wp-block-spacer\"><\/div>\n\n\n\n<p>Si proyectamos las cifras al d\u00eda de hoy, con el mismo tipo de d\u00f3lar a $100, resulta que la misma cantidad de visitantes, con precios correlativos, dejar\u00edan algo m\u00e1s de <strong>$850.000.000<\/strong>. Pero si tomamos en cuenta que dentro de 6 meses la inflaci\u00f3n aumentar\u00e1 el precio de la divisa extranjera, tendremos que <strong>el ingreso perdido podr\u00eda rondar los $1.000.000.000.<\/strong><\/p>\n\n\n\n<p>A este perjuicio habr\u00eda que sumarle la p\u00e9rdida de ingresos de miles de personas que trabajan directamente para la Vendimia: actores, bailarines, core\u00f3grafos, m\u00fasicos, sonidistas, electricistas, modistas, periodistas y otros oficios. Sin hablar de los jornales de mozos, taxistas, vendedores ambulantes, artesanos y otros trabajadores informales que no est\u00e1n contemplados en la estad\u00edstica oficial. La gastronom\u00eda, el turismo y la hoteler\u00eda, claro est\u00e1, s\u00ed est\u00e1n incluidos en el c\u00e1lculo de ingresos y en el c\u00f3mputo de posibles p\u00e9rdidas.<\/p>\n\n\n\n<div style=\"height:27px\" aria-hidden=\"true\" class=\"wp-block-spacer\"><\/div>\n\n\n\n\n\n<div style=\"height:46px\" aria-hidden=\"true\" class=\"wp-block-spacer\"><\/div>\n\n\n\n<p class=\"has-medium-font-size\"><strong>\u00bfY qu\u00e9 pasa con la Corona? <\/strong><\/p>\n\n\n\n<div style=\"height:20px\" aria-hidden=\"true\" class=\"wp-block-spacer\"><\/div>\n\n\n\n<div class=\"wp-block-image\"><figure class=\"alignleft size-large is-resized\"><img loading=\"lazy\" decoding=\"async\" src=\"https:\/\/enolife.com.ar\/es\/wp-content\/uploads\/2020\/08\/Imagen1.png\" alt=\"\" class=\"wp-image-18266\" width=\"410\" height=\"373\" srcset=\"https:\/\/enolife.com.ar\/es\/wp-content\/uploads\/2020\/08\/Imagen1.png 564w, https:\/\/enolife.com.ar\/es\/wp-content\/uploads\/2020\/08\/Imagen1-300x273.png 300w\" sizes=\"auto, (max-width: 410px) 100vw, 410px\" \/><figcaption><strong>Mayra Tous, Reina de la Vendimia 2020<\/strong><\/figcaption><\/figure><\/div>\n\n\n\n<p>Otro tema -menor en comparaci\u00f3n con el problema del riesgo de contagio de coronavirus- es la elecci\u00f3n de la Reina, un s\u00edmbolo de los mendocinos. Si los actos p\u00fablicos de la Fiesta no se hacen, caben dos posibilidades. <\/p>\n\n\n\n<p>Una, es que no haya ninguna elecci\u00f3n en 2021 y que la actual soberana <strong>Mayra Tous<\/strong> mantenga el cetro hasta 2022. Situaciones comparables ya ocurrieron en 1956, cuando la Fiesta se suspendi\u00f3 por una fuerte crisis econ\u00f3mica y la Reina<strong> Nelda Rotti<\/strong> mantuvo la corona por dos a\u00f1os; y en 1985, cuando el terremoto del 26 de enero de ese a\u00f1o dej\u00f3 destrucci\u00f3n y v\u00edctimas y el gobierno suspendi\u00f3 los festejos p\u00fablicos. En esta \u00faltima ocasi\u00f3n la Reina <strong>Nora Stocco<\/strong> abandon\u00f3 el trono porque se cas\u00f3, y su lugar fue tomado por la virreina <strong>Rosana Tous<\/strong>, curiosamente t\u00eda de Mayra, quien podr\u00eda quedar al mando del reino vendimial si la Fiesta se cancela el a\u00f1o que viene.<\/p>\n\n\n\n<p>La otra alternativa es que haya una votaci\u00f3n virtual y que tengamos la primera Reina online pospandemia de la historia. En este caso, habr\u00eda que organizar candidaturas virtuales, desfiles virtuales, jurados virtuales que evaluar\u00edan a las chicas por su imagen v\u00eda zoom y por su discurso v\u00eda podcast o mensaje de audio de whatsapp. Para marzo del a\u00f1o que viene, todos estar\u00edamos suficientemente entrenados para cumplir los protocolos mon\u00e1rquicos online, y ser\u00eda una buena oportunidad para inaugurar la modalidad \u00abVendimia democr\u00e1tica\u00bb, en la que todos los mendocinos podr\u00edan votar desde su compu o tel\u00e9fono, c\u00f3modamente instalados en casa.        <\/p>\n\n\n\n<div style=\"height:20px\" aria-hidden=\"true\" class=\"wp-block-spacer\"><\/div>\n\n\n\n<div class=\"wp-block-image\"><figure class=\"aligncenter size-large is-resized\"><img loading=\"lazy\" decoding=\"async\" src=\"https:\/\/enolife.com.ar\/es\/wp-content\/uploads\/2020\/08\/Imagen4-1024x207.jpg\" alt=\"\" class=\"wp-image-18271\" width=\"511\" height=\"103\" srcset=\"https:\/\/enolife.com.ar\/es\/wp-content\/uploads\/2020\/08\/Imagen4-1024x207.jpg 1024w, https:\/\/enolife.com.ar\/es\/wp-content\/uploads\/2020\/08\/Imagen4-300x61.jpg 300w, https:\/\/enolife.com.ar\/es\/wp-content\/uploads\/2020\/08\/Imagen4-768x155.jpg 768w, https:\/\/enolife.com.ar\/es\/wp-content\/uploads\/2020\/08\/Imagen4-585x118.jpg 585w, https:\/\/enolife.com.ar\/es\/wp-content\/uploads\/2020\/08\/Imagen4.jpg 1118w\" sizes=\"auto, (max-width: 511px) 100vw, 511px\" \/><\/figure><\/div>\n\n\n\n<div style=\"height:20px\" aria-hidden=\"true\" class=\"wp-block-spacer\"><\/div>\n\n\n\n<p>Proyecciones y sugerencias aparte, la cancelaci\u00f3n de nuestra Fiesta mayor ser\u00eda dolorosa para los menducos tradicionalistas y para los miles que viven del turismo y la gastronom\u00eda. Pero peor ser\u00eda un rebrote del coronavirus por el estrecho contacto entre miles de personas que se produce durante las celebraciones esos d\u00edas. Habr\u00e1 que esperar y no desesperar.    <\/p>\n\n\n\n<div style=\"height:20px\" aria-hidden=\"true\" class=\"wp-block-spacer\"><\/div>\n","protected":false},"excerpt":{"rendered":"<p>La duda flotaba en el ambiente y muchos tem\u00edan la mala noticia. Ayer, 13\/8, el&hellip;<\/p>\n","protected":false},"author":3,"featured_media":18275,"comment_status":"open","ping_status":"open","sticky":false,"template":"","format":"standard","meta":{"footnotes":""},"categories":[14],"tags":[],"class_list":["post-18180","post","type-post","status-publish","format-standard","has-post-thumbnail","hentry","category-news"],"_links":{"self":[{"href":"https:\/\/enolife.com.ar\/es\/wp-json\/wp\/v2\/posts\/18180","targetHints":{"allow":["GET"]}}],"collection":[{"href":"https:\/\/enolife.com.ar\/es\/wp-json\/wp\/v2\/posts"}],"about":[{"href":"https:\/\/enolife.com.ar\/es\/wp-json\/wp\/v2\/types\/post"}],"author":[{"embeddable":true,"href":"https:\/\/enolife.com.ar\/es\/wp-json\/wp\/v2\/users\/3"}],"replies":[{"embeddable":true,"href":"https:\/\/enolife.com.ar\/es\/wp-json\/wp\/v2\/comments?post=18180"}],"version-history":[{"count":0,"href":"https:\/\/enolife.com.ar\/es\/wp-json\/wp\/v2\/posts\/18180\/revisions"}],"wp:featuredmedia":[{"embeddable":true,"href":"https:\/\/enolife.com.ar\/es\/wp-json\/wp\/v2\/media\/18275"}],"wp:attachment":[{"href":"https:\/\/enolife.com.ar\/es\/wp-json\/wp\/v2\/media?parent=18180"}],"wp:term":[{"taxonomy":"category","embeddable":true,"href":"https:\/\/enolife.com.ar\/es\/wp-json\/wp\/v2\/categories?post=18180"},{"taxonomy":"post_tag","embeddable":true,"href":"https:\/\/enolife.com.ar\/es\/wp-json\/wp\/v2\/tags?post=18180"}],"curies":[{"name":"wp","href":"https:\/\/api.w.org\/{rel}","templated":true}]}}