{"id":18097,"date":"2020-08-12T21:32:43","date_gmt":"2020-08-12T21:32:43","guid":{"rendered":"http:\/\/enolife.com.ar\/es\/?p=18097"},"modified":"2020-08-14T17:04:53","modified_gmt":"2020-08-14T17:04:53","slug":"los-obreros-de-vinas-y-bodegas-siguen-negociando-un-aumento-de-sus-magros-sueldos","status":"publish","type":"post","link":"https:\/\/enolife.com.ar\/es\/los-obreros-de-vinas-y-bodegas-siguen-negociando-un-aumento-de-sus-magros-sueldos\/","title":{"rendered":"Los obreros de vi\u00f1as y bodegas siguen negociando un aumento de sus magros sueldos"},"content":{"rendered":"\n<h4 class=\"wp-block-heading\"><em><strong>Tres meses despu\u00e9s de levantar la cosecha en condiciones de riesgo por la pandemia, los casi 37.000 trabajadores vitivin\u00edcolas de Mendoza y el pa\u00eds nucleados en Foeva, que ganan en promedio $20.000, contin\u00faan en paritarias con la patronal, solicitando una suba salarial del 50% que no consiguen.<\/strong><\/em><\/h4>\n\n\n\n<div style=\"height:20px\" aria-hidden=\"true\" class=\"wp-block-spacer\"><\/div>\n\n\n\n<p>Luego de varios meses de negociaci\u00f3n, a principios del mes de agosto los obreros de la vi\u00f1a anunciaron un paro general para el pasado jueves 6 de agosto, pero a horas de la medida de fuerza la levantaron porque el Ministerio de Trabajo de la Naci\u00f3n dict\u00f3 la conciliaci\u00f3n obligatoria. Al mismo tiempo, se pact\u00f3 una nueva reuni\u00f3n entre las partes, la que se concret\u00f3 hoy 12\/8 a la ma\u00f1ana.<\/p>\n\n\n\n<p>Sin embargo, seg\u00fan confirm\u00f3 a <strong>Enolife<\/strong> el secretario general de <strong>Foeva<\/strong> nacional, <strong>Antonio Arias<\/strong>, la negociaci\u00f3n de esta ma\u00f1ana fue infructuosa y todo sigue igual.<\/p>\n\n\n\n<p>Arias relat\u00f3 que, con el objetivo de un r\u00e1pido acuerdo para aliviar en parte la delicada situaci\u00f3n econ\u00f3mica de los trabajadores, los representantes sindicales en la paritaria redujeron sus pretensiones a <strong>un aumento anual del 50%, en lugar del 70% que reclamaban previamente. <\/strong>Sin embargo, la parte empleadora no acept\u00f3 y se pact\u00f3 una nueva reuni\u00f3n para el martes pr\u00f3ximo, 18\/8.<\/p>\n\n\n\n<p>Los representantes sindicales insistir\u00e1n con esa cifra, ya que los <strong>$20.000 <\/strong>que ganan hoy los trabajadores, en muchos casos, no les alcanza para salir de la l\u00ednea de pobreza, considerando que, seg\u00fan cifras del <strong>Indec<\/strong>, el ingreso m\u00ednimo de una familia tipo (4 miembros) para no quedar atrapada en esa situaci\u00f3n es de unos <strong>$40.000.<\/strong><\/p>\n\n\n\n<p class=\"has-small-font-size\"><strong><em>Fuente: Foeva<\/em><\/strong><\/p>\n\n\n\n<div style=\"height:20px\" aria-hidden=\"true\" class=\"wp-block-spacer\"><\/div>\n","protected":false},"excerpt":{"rendered":"<p>Tres meses despu\u00e9s de levantar la cosecha en condiciones de riesgo por la pandemia, los&hellip;<\/p>\n","protected":false},"author":3,"featured_media":18104,"comment_status":"open","ping_status":"open","sticky":false,"template":"","format":"standard","meta":{"footnotes":""},"categories":[14],"tags":[],"class_list":["post-18097","post","type-post","status-publish","format-standard","has-post-thumbnail","hentry","category-news"],"_links":{"self":[{"href":"https:\/\/enolife.com.ar\/es\/wp-json\/wp\/v2\/posts\/18097","targetHints":{"allow":["GET"]}}],"collection":[{"href":"https:\/\/enolife.com.ar\/es\/wp-json\/wp\/v2\/posts"}],"about":[{"href":"https:\/\/enolife.com.ar\/es\/wp-json\/wp\/v2\/types\/post"}],"author":[{"embeddable":true,"href":"https:\/\/enolife.com.ar\/es\/wp-json\/wp\/v2\/users\/3"}],"replies":[{"embeddable":true,"href":"https:\/\/enolife.com.ar\/es\/wp-json\/wp\/v2\/comments?post=18097"}],"version-history":[{"count":0,"href":"https:\/\/enolife.com.ar\/es\/wp-json\/wp\/v2\/posts\/18097\/revisions"}],"wp:featuredmedia":[{"embeddable":true,"href":"https:\/\/enolife.com.ar\/es\/wp-json\/wp\/v2\/media\/18104"}],"wp:attachment":[{"href":"https:\/\/enolife.com.ar\/es\/wp-json\/wp\/v2\/media?parent=18097"}],"wp:term":[{"taxonomy":"category","embeddable":true,"href":"https:\/\/enolife.com.ar\/es\/wp-json\/wp\/v2\/categories?post=18097"},{"taxonomy":"post_tag","embeddable":true,"href":"https:\/\/enolife.com.ar\/es\/wp-json\/wp\/v2\/tags?post=18097"}],"curies":[{"name":"wp","href":"https:\/\/api.w.org\/{rel}","templated":true}]}}