{"id":180679,"date":"2026-09-05T13:27:40","date_gmt":"2026-09-05T13:27:40","guid":{"rendered":"https:\/\/enolife.com.ar\/es\/?p=180679"},"modified":"2026-09-05T13:28:54","modified_gmt":"2026-09-05T13:28:54","slug":"concurso-bahco-el-podador-de-luigi-bosca-oscar-paez-dejo-la-vina-impecable-en-el-menor-tiempo","status":"publish","type":"post","link":"https:\/\/enolife.com.ar\/es\/concurso-bahco-el-podador-de-luigi-bosca-oscar-paez-dejo-la-vina-impecable-en-el-menor-tiempo\/","title":{"rendered":"Concurso Bahco: el podador de Luigi Bosca Oscar P\u00e1ez dej\u00f3 la vi\u00f1a impecable en el menor tiempo"},"content":{"rendered":"\n<h4 class=\"wp-block-heading\"><em><strong>En el 14\u00b0 Concurso de Poda Profesional de Vid, que cada a\u00f1o la empresa de origen sueco fabricante de herramientas realiza en Mendoza, el trabajador de Maip\u00fa Oscar P\u00e1ez brill\u00f3 por su destreza y se qued\u00f3 con el m\u00e1ximo galard\u00f3n, otorgado por un jurado de especialistas. Un premio para la t\u00e9cnica ancestral que hace posible mantener un vi\u00f1edo sano y obtener buenas uvas y los mejores vinos argentinos.<\/strong><\/em><\/h4>\n\n\n\n<div style=\"height:36px\" aria-hidden=\"true\" class=\"wp-block-spacer\"><\/div>\n\n\n<a href=\"https:\/\/durox.com.ar\/\" aria-label=\"durox-horizontal\"><img loading=\"lazy\" decoding=\"async\" src=\"https:\/\/enolife.com.ar\/es\/wp-content\/uploads\/2026\/05\/durox-horizontal-scaled.jpg\" alt=\"\"  srcset=\"https:\/\/enolife.com.ar\/es\/wp-content\/uploads\/2026\/05\/durox-horizontal-scaled.jpg 2560w, https:\/\/enolife.com.ar\/es\/wp-content\/uploads\/2026\/05\/durox-horizontal-300x88.jpg 300w, https:\/\/enolife.com.ar\/es\/wp-content\/uploads\/2026\/05\/durox-horizontal-1024x301.jpg 1024w, https:\/\/enolife.com.ar\/es\/wp-content\/uploads\/2026\/05\/durox-horizontal-768x226.jpg 768w, https:\/\/enolife.com.ar\/es\/wp-content\/uploads\/2026\/05\/durox-horizontal-1536x452.jpg 1536w, https:\/\/enolife.com.ar\/es\/wp-content\/uploads\/2026\/05\/durox-horizontal-2048x602.jpg 2048w, https:\/\/enolife.com.ar\/es\/wp-content\/uploads\/2026\/05\/durox-horizontal-1170x344.jpg 1170w, https:\/\/enolife.com.ar\/es\/wp-content\/uploads\/2026\/05\/durox-horizontal-585x172.jpg 585w\" sizes=\"auto, (max-width: 2560px) 100vw, 2560px\" width=\"2560\" height=\"753\"   \/><\/a>\n\n\n<div style=\"height:47px\" aria-hidden=\"true\" class=\"wp-block-spacer\"><\/div>\n\n\n\n<p class=\"wp-block-paragraph\">Temprano en la fr\u00eda ma\u00f1ana del <strong>22 de agosto de 2026<\/strong>, una cuadrilla de <strong>expertos podadores<\/strong> se despleg\u00f3 en las hileras de vi\u00f1a de la <strong>Finca La Mascota<\/strong>, en la calle Pescara al 12.187 de la pintoresca localidad <strong>Cruz de Piedra<\/strong>, en <strong>Maip\u00fa, Mendoza.<\/strong><\/p>\n\n\n\n<p class=\"wp-block-paragraph\">Con las <strong>tijeras de podar<\/strong> en sus manos enguantadas, <em>\u00aba la voz de aura\u00bb<\/em> arrancaron la original competencia por demostrar quien de los <strong>60 participantes<\/strong> era el <strong>m\u00e1s r\u00e1pido, prolijo y eficiente<\/strong> en dejar las cepas listas para dar su noble producto en la siguiente temporada de vendimia. <\/p>\n\n\n\n<p class=\"wp-block-paragraph\">En <strong>30 minutos<\/strong>, algunos cortaron m\u00e1s y otros menos sarmientos, pero todos con una depurada t\u00e9cnica, fruto de a\u00f1os bajo el sol invernal cumpliendo su ancestral tarea. Sin embargo, para los jurados hubo un solo ganador: el maipucino Oscar P\u00e1ez, de larga y reconocida trayectoria en el oficio, actualmente empleado de la Bodega Luigi Bosca.<\/p>\n\n\n\n<div style=\"height:17px\" aria-hidden=\"true\" class=\"wp-block-spacer\"><\/div>\n\n\n\n<h3 class=\"wp-block-heading has-vivid-red-color has-text-color has-link-color wp-elements-1\">Gracias a su habilidad y prolijidad, Oscar P\u00e1ez se gan\u00f3 una valija completa de las valiosas herramientas Bahco y, de yapa, un enorme televisor de reconocida marca.<\/h3>\n\n\n\n<div style=\"height:20px\" aria-hidden=\"true\" class=\"wp-block-spacer\"><\/div>\n\n\n\n<p class=\"wp-block-paragraph\"><strong>Con este 14\u00b0 concurso realizado en Mendoza, Bahco,<\/strong> primer fabricante europeo de tijeras de poda, serruchos y dem\u00e1s herramientas manuales para profesionales, cerr\u00f3 un circuito de cert\u00e1menes por las provincias productoras de vino del <strong>Norooeste Argenntino (NOA)<\/strong>, una iniciativa que re\u00fane a destacados podadores, productores y especialistas del sector para rendir homenaje a una labor ancestral y fundamental en el cuidado y la productividad de los vi\u00f1edos.<\/p>\n\n\n\n<p class=\"wp-block-paragraph\">Cada a\u00f1o, el certamen despierta gran expectativa entre los participantes y la comunidad local, consolid\u00e1ndose como una cita destacada en esta \u00e9poca del a\u00f1o. En esta oportunidad, <strong>la provincia de Mendoza, reconocida por su tradici\u00f3n vitivin\u00edcola y por la calidad de sus vinos,<\/strong> ofreci\u00f3 nuevamente el marco ideal para un encuentro que promueve el intercambio de experiencias y destaca el compromiso de quienes, con su trabajo, contribuyen al crecimiento de la actividad.<\/p>\n\n\n\n<div style=\"height:26px\" aria-hidden=\"true\" class=\"wp-block-spacer\"><\/div>\n\n\n<div class=\"wp-block-image\">\n<figure class=\"aligncenter size-full is-resized\"><a href=\"https:\/\/enolife.com.ar\/es\/wp-content\/uploads\/2026\/08\/poda-1.jpg\" data-rel=\"penci-gallery-image-content\" ><img loading=\"lazy\" decoding=\"async\" width=\"1024\" height=\"440\" src=\"https:\/\/enolife.com.ar\/es\/wp-content\/uploads\/2026\/08\/poda-1.jpg\" alt=\"\" class=\"wp-image-180245\" style=\"aspect-ratio:2.3273734793714014;width:694px;height:auto\" srcset=\"https:\/\/enolife.com.ar\/es\/wp-content\/uploads\/2026\/08\/poda-1.jpg 1024w, https:\/\/enolife.com.ar\/es\/wp-content\/uploads\/2026\/08\/poda-1-300x129.jpg 300w, https:\/\/enolife.com.ar\/es\/wp-content\/uploads\/2026\/08\/poda-1-768x330.jpg 768w, https:\/\/enolife.com.ar\/es\/wp-content\/uploads\/2026\/08\/poda-1-585x251.jpg 585w\" sizes=\"auto, (max-width: 1024px) 100vw, 1024px\" \/><\/a><\/figure>\n<\/div>\n\n\n<div style=\"height:25px\" aria-hidden=\"true\" class=\"wp-block-spacer\"><\/div>\n\n\n\n<p class=\"wp-block-paragraph\">En reconocimiento a su relevancia para la actividad y su aporte a la puesta en valor de la tradici\u00f3n vitivin\u00edcola mendocina, el evento fue declarado de<strong> \u00abInter\u00e9s Tur\u00edstico\u00bb <\/strong>por el <strong>Ente Mendoza Turismo (Emetur),<\/strong> reconocimiento que destaca su importancia dentro de la agenda tur\u00edstica y productiva de la provincia.<\/p>\n\n\n\n<p class=\"wp-block-paragraph\">Esta edici\u00f3n adquiri\u00f3, adem\u00e1s, un significado especial para la compa\u00f1\u00eda, porque en este 2026 celebra 140 a\u00f1os de trayectoria a nivel mundial. A lo largo de su historia, Bahco ha acompa\u00f1ado la evoluci\u00f3n de numerosos oficios y actividades productivas, manteniendo un v\u00ednculo cercano con los profesionales que d\u00eda a d\u00eda ponen en pr\u00e1ctica su conocimiento y experiencia en el terreno.<\/p>\n\n\n\n<p class=\"wp-block-paragraph\">Una vez concluida la competencia, los participantes compartieron un almuerzo como cierre de jornada. As\u00ed fue el podio de ganadores:<\/p>\n\n\n\n<ul class=\"wp-block-list\">\n<li>1\u00b0 puesto: <strong>Oscar P\u00e1ez<\/strong>, de la Bodega Luigi Bosca<\/li>\n\n\n\n<li>2\u00b0 puesto: <strong>Nicol\u00e1s Ag\u00fcero<\/strong>, de Renzi SA<\/li>\n\n\n\n<li>3\u00b0 puesto: <strong>Rodrigo Cortez<\/strong>, de Calivista<\/li>\n<\/ul>\n\n\n\n<div style=\"height:22px\" aria-hidden=\"true\" class=\"wp-block-spacer\"><\/div>\n\n\n\n<p class=\"has-medium-font-size wp-block-paragraph\"><strong>Por qu\u00e9 es tan importante la poda<\/strong><\/p>\n\n\n\n<p class=\"wp-block-paragraph\">La <strong>poda es una pr\u00e1ctica esencial <\/strong>en el cultivo de la vid, que se lleva a cabo antes de que la planta despierte de su reposo invernal y consiste en cortar ramas o ramificaciones para darle forma, vigor e incrementar la producci\u00f3n.<\/p>\n\n\n\n<p class=\"wp-block-paragraph\">La importancia de la poda radica en que de ella depende la calidad y abundancia de la pr\u00f3xima y subsiguientes vendimias, as\u00ed como la evoluci\u00f3n de la cepa a largo plazo. Es una pr\u00e1ctica compleja y delicada en la que se deben considerar diversos factores.<\/p>\n\n\n\n<p class=\"wp-block-paragraph\">Es un arte que se transmite de una generaci\u00f3n a otra, y a trav\u00e9s de diversas capacitaciones. Se trata de un oficio noble y destacado, que requiere de destreza y pasi\u00f3n. Por ello, es que un podador puede catalogarse como un artista cuyas manos moldean y definen el fruto de la vendimia, con esfuerzo, paciencia, sensibilidad y mucha entrega.<\/p>\n\n\n\n<p class=\"wp-block-paragraph\">En<strong> Argentina<\/strong>, la reconocida firma <strong>Bahco<\/strong> inicia esta competencia en la provincia de <strong>Mendoza en el a\u00f1o 2012<\/strong>, como parte de sus actividades de responsabilidad social empresaria, y al d\u00eda de hoy, \u00e9sta ya se considera parte de la tradici\u00f3n entre los podadores argentinos.<\/p>\n\n\n\n<div style=\"height:31px\" aria-hidden=\"true\" class=\"wp-block-spacer\"><\/div>\n\n\n\n<p class=\"has-medium-font-size wp-block-paragraph\"><strong>La historia de Bahco<\/strong><\/p>\n\n\n\n<p class=\"wp-block-paragraph\"><strong>Bahco, del Grupo SNA Europe<\/strong>,&nbsp;es el primer fabricante europeo de herramientas de mano y sierras. Dise\u00f1a y fabrica herramientas de mano pensando en los profesionales m\u00e1s exigentes, centr\u00e1ndose el dise\u00f1o en gran medida en la innovaci\u00f3n, rendimiento y ergonom\u00eda. <strong>En 1862, G\u00f6ran Fredrik G\u00f6ransson<\/strong> funda <strong>H\u00f6gbo St\u00e5l y Jernwerks AB en Suecia<\/strong> para producir el acero de m\u00e1s alta calidad, pionera en el proceso <strong>Bessemer.<\/strong><\/p>\n\n\n\n<p class=\"wp-block-paragraph\">En <strong>1886<\/strong> se perfeccion\u00f3 la producci\u00f3n de hojas de sierra de alto rendimiento cuyo corte fue digno del acero extraordinario que se utiliz\u00f3 desde entonces, superando las expectativas de los usuarios en todo el mundo. <\/p>\n\n\n\n<div style=\"height:25px\" aria-hidden=\"true\" class=\"wp-block-spacer\"><\/div>\n\n\n<div class=\"wp-block-image\">\n<figure class=\"aligncenter size-full is-resized\"><a href=\"https:\/\/enolife.com.ar\/es\/wp-content\/uploads\/2026\/09\/Herramienta-Bahco.jpg\" data-rel=\"penci-gallery-image-content\" ><img loading=\"lazy\" decoding=\"async\" width=\"747\" height=\"462\" src=\"https:\/\/enolife.com.ar\/es\/wp-content\/uploads\/2026\/09\/Herramienta-Bahco.jpg\" alt=\"\" class=\"wp-image-180691\" style=\"width:597px;height:auto\" srcset=\"https:\/\/enolife.com.ar\/es\/wp-content\/uploads\/2026\/09\/Herramienta-Bahco.jpg 747w, https:\/\/enolife.com.ar\/es\/wp-content\/uploads\/2026\/09\/Herramienta-Bahco-300x186.jpg 300w, https:\/\/enolife.com.ar\/es\/wp-content\/uploads\/2026\/09\/Herramienta-Bahco-585x362.jpg 585w\" sizes=\"auto, (max-width: 747px) 100vw, 747px\" \/><\/a><figcaption class=\"wp-element-caption\"><em><strong>Johan Petter Johansson, el inventor de la llave de ca\u00f1o o \u00abMano de Hierro\u00bb y uno de los fundadores de Bahco en Suecia.<\/strong><\/em><\/figcaption><\/figure>\n<\/div>\n\n\n<div style=\"height:38px\" aria-hidden=\"true\" class=\"wp-block-spacer\"><\/div>\n\n\n\n<p class=\"wp-block-paragraph\">En el mismo a\u00f1o, <strong>Johan Petter Johansson <\/strong>establece la sede de su empresa, <strong>Enk\u00f6pings Mekaniska Verkstad<\/strong>, tambi\u00e9n en Suecia. Johansson era un artesano h\u00e1bil y creativo y, en 1888, hab\u00eda obtenido su primera patente para lo que \u00e9l llam\u00f3 <strong>\u00abLa Mano de Hierro\u00bb<\/strong> -ahora conocida simplemente como la llave de ca\u00f1o. La idea de Johansson era la de reemplazar llaves de tuercas fijas con una \u00fanica herramienta que, al igual que una mano humana, era capaz de sujetar las tuercas y los tornillos de diferente tama\u00f1o.<\/p>\n\n\n\n<div style=\"height:20px\" aria-hidden=\"true\" class=\"wp-block-spacer\"><\/div>\n\n\n\n<h3 class=\"wp-block-heading has-vivid-red-color has-text-color has-link-color wp-elements-2\"><strong>Johansson acumul\u00f3 no menos de 118 patentes durante toda su vida, y esta dedicaci\u00f3n al dise\u00f1o de producto innovador a\u00fan hoy prevalece en la empresa.<\/strong><\/h3>\n\n\n\n<div style=\"height:25px\" aria-hidden=\"true\" class=\"wp-block-spacer\"><\/div>\n\n\n\n<p class=\"wp-block-paragraph\"><strong>En 1890 Berndt August Hjorth <\/strong>adquiri\u00f3 los derechos de comercializaci\u00f3n y ventas para los productos de <strong>Enk\u00f6pings Mekaniska Verkstad.<\/strong> Sus excepcionales habilidades empresariales ayudaron a la compa\u00f1\u00eda a convertirse en algo m\u00e1s que un \u00e9xito de exportaci\u00f3n sueca y sent\u00f3 las bases para la empresa internacional que hoy existe detr\u00e1s del nombre <strong>Bahco.<\/strong> Combin\u00f3 productos globales con conocimiento del mercado local y la experiencia, permitiendo a los usuarios poder encontrar el producto que necesitaban para realilzar el trabajo lo mejor posible.<\/p>\n\n\n\n<p class=\"wp-block-paragraph\">En 1973 Bahco adquiere 10 hect\u00e1reas sobre la ruta Nacional N\u00b019, a 1,6 km de la ciudad de Santo Tom\u00e9, Santa Fe, Argentina, y tras fuertes inversiones comienza a edificar la nueva planta de forja. <strong>En 1991 Sandvik<\/strong> adquiere el paquete mayoritario de Bahco en todo el mundo, y en 1993 forma <strong>Sandvik-Bahco Argentina SA.<\/strong><\/p>\n\n\n\n<p class=\"wp-block-paragraph\">Bajo el lema <em>\u00abUn legado compartido\u00bb<\/em>, este <strong>aniversario 140 de la compa\u00f1\u00eda<\/strong> reconoce a todas las personas que han formado parte de su historia: colaboradores, distribuidores, socios comerciales y profesionales que d\u00eda a d\u00eda eligen las herramientas Bahco para desempe\u00f1ar su trabajo. Gracias a esa relaci\u00f3n construida a lo largo de generaciones, la marca contin\u00faa siendo sin\u00f3nimo de calidad, rendimiento y durabilidad.<\/p>\n\n\n\n<div style=\"height:38px\" aria-hidden=\"true\" class=\"wp-block-spacer\"><\/div>\n","protected":false},"excerpt":{"rendered":"<p>En el 14\u00b0 Concurso de Poda Profesional de Vid, que cada a\u00f1o la empresa de&hellip;<\/p>\n","protected":false},"author":2,"featured_media":180680,"comment_status":"closed","ping_status":"open","sticky":false,"template":"","format":"standard","meta":{"footnotes":""},"categories":[15,4],"tags":[],"class_list":["post-180679","post","type-post","status-publish","format-standard","has-post-thumbnail","hentry","category-destacados","category-protagonistas"],"_links":{"self":[{"href":"https:\/\/enolife.com.ar\/es\/wp-json\/wp\/v2\/posts\/180679","targetHints":{"allow":["GET"]}}],"collection":[{"href":"https:\/\/enolife.com.ar\/es\/wp-json\/wp\/v2\/posts"}],"about":[{"href":"https:\/\/enolife.com.ar\/es\/wp-json\/wp\/v2\/types\/post"}],"author":[{"embeddable":true,"href":"https:\/\/enolife.com.ar\/es\/wp-json\/wp\/v2\/users\/2"}],"replies":[{"embeddable":true,"href":"https:\/\/enolife.com.ar\/es\/wp-json\/wp\/v2\/comments?post=180679"}],"version-history":[{"count":15,"href":"https:\/\/enolife.com.ar\/es\/wp-json\/wp\/v2\/posts\/180679\/revisions"}],"predecessor-version":[{"id":180696,"href":"https:\/\/enolife.com.ar\/es\/wp-json\/wp\/v2\/posts\/180679\/revisions\/180696"}],"wp:featuredmedia":[{"embeddable":true,"href":"https:\/\/enolife.com.ar\/es\/wp-json\/wp\/v2\/media\/180680"}],"wp:attachment":[{"href":"https:\/\/enolife.com.ar\/es\/wp-json\/wp\/v2\/media?parent=180679"}],"wp:term":[{"taxonomy":"category","embeddable":true,"href":"https:\/\/enolife.com.ar\/es\/wp-json\/wp\/v2\/categories?post=180679"},{"taxonomy":"post_tag","embeddable":true,"href":"https:\/\/enolife.com.ar\/es\/wp-json\/wp\/v2\/tags?post=180679"}],"curies":[{"name":"wp","href":"https:\/\/api.w.org\/{rel}","templated":true}]}}