{"id":180658,"date":"2026-09-04T18:53:37","date_gmt":"2026-09-04T18:53:37","guid":{"rendered":"https:\/\/enolife.com.ar\/es\/?p=180658"},"modified":"2026-09-05T02:42:26","modified_gmt":"2026-09-05T02:42:26","slug":"murio-el-reconocido-enologo-mendocino-gabriel-ansiaume-al-practicar-escalada-en-el-mont-blanc","status":"publish","type":"post","link":"https:\/\/enolife.com.ar\/es\/murio-el-reconocido-enologo-mendocino-gabriel-ansiaume-al-practicar-escalada-en-el-mont-blanc\/","title":{"rendered":"Muri\u00f3 el reconocido en\u00f3logo mendocino Gabriel Ansiaume al practicar escalada en el Mont Blanc"},"content":{"rendered":"\n<h4 class=\"wp-block-heading\"><em><strong>En un tr\u00e1gico accidente, el querido en\u00f3logo y monta\u00f1ista mendocino, de 39 a\u00f1os (a la derecha de la foto principal), muri\u00f3 el jueves 3 de setiembre mientras practicaba escalada libre en el macizo del Mont Blanc, en Francia. Su compa\u00f1ero en la cordada, tambi\u00e9n mendocino, cuyo nombre no trascendi\u00f3, sobrevivi\u00f3 a la ca\u00edda, pero est\u00e1 internado grave. Ansiaume trabaj\u00f3 en Bodega Tierras Altas de Luj\u00e1n junto a su amigo Federico Vargas Arizu (izquierda foto principal, de gorra).<\/strong><\/em><\/h4>\n\n\n\n<div style=\"height:28px\" aria-hidden=\"true\" class=\"wp-block-spacer\"><\/div>\n\n\n<a href=\"https:\/\/www.dellatoffola.com.ar\/es\/home\" aria-label=\"della toffolla 1700&#215;500\"><img loading=\"lazy\" decoding=\"async\" src=\"https:\/\/enolife.com.ar\/es\/wp-content\/uploads\/2023\/10\/della-toffolla-1700x500-2.png\" alt=\"\"  srcset=\"https:\/\/enolife.com.ar\/es\/wp-content\/uploads\/2023\/10\/della-toffolla-1700x500-2.png 1699w, https:\/\/enolife.com.ar\/es\/wp-content\/uploads\/2023\/10\/della-toffolla-1700x500-2-300x88.png 300w, https:\/\/enolife.com.ar\/es\/wp-content\/uploads\/2023\/10\/della-toffolla-1700x500-2-1024x301.png 1024w, https:\/\/enolife.com.ar\/es\/wp-content\/uploads\/2023\/10\/della-toffolla-1700x500-2-768x226.png 768w, https:\/\/enolife.com.ar\/es\/wp-content\/uploads\/2023\/10\/della-toffolla-1700x500-2-1536x451.png 1536w, https:\/\/enolife.com.ar\/es\/wp-content\/uploads\/2023\/10\/della-toffolla-1700x500-2-1170x344.png 1170w, https:\/\/enolife.com.ar\/es\/wp-content\/uploads\/2023\/10\/della-toffolla-1700x500-2-585x172.png 585w\" sizes=\"auto, (max-width: 1699px) 100vw, 1699px\" width=\"1699\" height=\"499\"   \/><\/a>\n\n\n<div style=\"height:46px\" aria-hidden=\"true\" class=\"wp-block-spacer\"><\/div>\n\n\n\n<p class=\"wp-block-paragraph\"><a href=\"https:\/\/www.losandes.com.ar\/mundo\/murio-al-ser-devorada-un-cocodrilo-4-metros-mientras-pescaba-indonesia-el-impactante-video-n5980865\"><\/a><\/p>\n\n\n\n<p class=\"wp-block-paragraph\">El diario franc\u00e9s&nbsp;Le Parisien report\u00f3 que el accidente ocurri\u00f3 alrededor de las 13 hora de Francia en la&nbsp;<strong>Aiguille du Peigne<\/strong>, una de las famosas agujas de <strong>Chamonix<\/strong>, cuya cumbre alcanza los 3.192 metros de altura.<\/p>\n\n\n\n<p class=\"wp-block-paragraph\">Seg\u00fan explicaron los rescatistas del&nbsp;<strong>Pelot\u00f3n de Gendarmer\u00eda de Alta Monta\u00f1a (PGHM) de Chamonix<\/strong>, dos monta\u00f1istas argentinos estaban realizando una ruta de escalada cuando, por causas que se investigan, ambos resbalaron y cayeron hacia un sector denominado<strong> Les Papillons<\/strong>.<\/p>\n\n\n\n<div style=\"height:40px\" aria-hidden=\"true\" class=\"wp-block-spacer\"><\/div>\n\n\n<div class=\"wp-block-image\">\n<figure class=\"aligncenter size-large is-resized\"><a href=\"https:\/\/enolife.com.ar\/es\/wp-content\/uploads\/2026\/09\/image-1.png\" data-rel=\"penci-gallery-image-content\" ><img loading=\"lazy\" decoding=\"async\" width=\"1000\" height=\"982\" src=\"https:\/\/enolife.com.ar\/es\/wp-content\/uploads\/2026\/09\/image-1-edited.png\" alt=\"\" class=\"wp-image-180669\" style=\"aspect-ratio:0.7501988529325575;width:688px;height:auto\" title=\"As\u00ed es la zona donde cayeron los argentinos.\" srcset=\"https:\/\/enolife.com.ar\/es\/wp-content\/uploads\/2026\/09\/image-1-edited.png 1000w, https:\/\/enolife.com.ar\/es\/wp-content\/uploads\/2026\/09\/image-1-edited-300x295.png 300w, https:\/\/enolife.com.ar\/es\/wp-content\/uploads\/2026\/09\/image-1-edited-768x754.png 768w, https:\/\/enolife.com.ar\/es\/wp-content\/uploads\/2026\/09\/image-1-edited-585x574.png 585w\" sizes=\"auto, (max-width: 1000px) 100vw, 1000px\" \/><\/a><figcaption class=\"wp-element-caption\"><em><strong>Las agujas de Chamonix, el sector donde cayeron los dos argentinos.<\/strong><\/em><\/figcaption><\/figure>\n<\/div>\n\n\n<div style=\"height:46px\" aria-hidden=\"true\" class=\"wp-block-spacer\"><\/div>\n\n\n\n<p class=\"wp-block-paragraph\">Otros monta\u00f1istas que se hallaban cerca de los argentinos vieron el accidente y avisaron a la base de los rescatistas del PGHM, quienes llegaron r\u00e1pidamente hasta el lugar, pero nada pudieron hacer para salvar a <strong>Ansiaume<\/strong>, quien falleci\u00f3 en el lugar. Su compa\u00f1ero -cuya identidad no fue suministrada- sobrevivi\u00f3 pero con heridas de gravedad. Fue evacuado y trasladado al&nbsp;<strong>hospital de Sallanches<\/strong>, en la regi\u00f3n de Alta Saboya, donde fue intervenido quir\u00fargicamente.<\/p>\n\n\n\n<div style=\"height:28px\" aria-hidden=\"true\" class=\"wp-block-spacer\"><\/div>\n\n\n\n<p class=\"has-medium-font-size wp-block-paragraph\"><strong>Tragedia durante el descenso<\/strong><\/p>\n\n\n\n<p class=\"wp-block-paragraph\">Ansiaume hab\u00eda viajado a Europa por trabajo vinculado con su profesi\u00f3n y, durante su estad\u00eda en el pa\u00eds galo decidi\u00f3 realizar una actividad de monta\u00f1a junto a un pariente, tambi\u00e9n argentino, que reside all\u00ed. Seg\u00fan la informaci\u00f3n conocida hasta el momento, ambos hab\u00edan logrado realizar sin inconvenientes el ascenso por ese sector del Mont Blanc. El accidente se habr\u00eda producido durante el descenso, mientras practicaban rapel.<\/p>\n\n\n\n<div style=\"height:42px\" aria-hidden=\"true\" class=\"wp-block-spacer\"><\/div>\n\n\n<div class=\"wp-block-image\">\n<figure class=\"aligncenter size-full is-resized\"><a href=\"https:\/\/enolife.com.ar\/es\/wp-content\/uploads\/2026\/09\/Gabriel-Ausanme-2.jpg\" data-rel=\"penci-gallery-image-content\" ><img loading=\"lazy\" decoding=\"async\" width=\"906\" height=\"607\" src=\"https:\/\/enolife.com.ar\/es\/wp-content\/uploads\/2026\/09\/Gabriel-Ausanme-2.jpg\" alt=\"\" class=\"wp-image-180676\" style=\"aspect-ratio:1.4926284809950856;width:638px;height:auto\" srcset=\"https:\/\/enolife.com.ar\/es\/wp-content\/uploads\/2026\/09\/Gabriel-Ausanme-2.jpg 906w, https:\/\/enolife.com.ar\/es\/wp-content\/uploads\/2026\/09\/Gabriel-Ausanme-2-300x201.jpg 300w, https:\/\/enolife.com.ar\/es\/wp-content\/uploads\/2026\/09\/Gabriel-Ausanme-2-767x514.jpg 767w, https:\/\/enolife.com.ar\/es\/wp-content\/uploads\/2026\/09\/Gabriel-Ausanme-2-585x392.jpg 585w\" sizes=\"auto, (max-width: 906px) 100vw, 906px\" \/><\/a><\/figure>\n<\/div>\n\n\n<div style=\"height:38px\" aria-hidden=\"true\" class=\"wp-block-spacer\"><\/div>\n\n\n\n<p class=\"wp-block-paragraph\">Una de las hip\u00f3tesis apunta a que la ca\u00edda pudo haberse producido en un tramo de descenso libre, cuando los argentinos se hab\u00edan desenganchado de las clavijas. En ese momento, un m\u00ednimo enganche habr\u00eda provocado que los dos escaladores perdieran el equilibrio y cayeran al vac\u00edo desde varios metros de altura.<\/p>\n\n\n\n<div style=\"height:24px\" aria-hidden=\"true\" class=\"wp-block-spacer\"><\/div>\n\n\n\n<p class=\"has-medium-font-size wp-block-paragraph\"><strong>Un profesional querido en su ambiente<\/strong><\/p>\n\n\n\n<p class=\"wp-block-paragraph\">El tr\u00e1gico fallecimiento de Ansiaume conmovi\u00f3 a sus conocidos del <strong>ambiente vitivin\u00edcola mendocino.<\/strong> Sus amigos lo llamaban <strong>\u00abRata\u00bb<\/strong>. Durante a\u00f1os, pese a su juventud, edific\u00f3 una s\u00f3lida trayectoria en el mundo del vino local. Entre sus \u00faltimos proyectos de Gabriel se encontraba el desarrollo de la l\u00ednea de vinos&nbsp;<strong>Contrabando<\/strong>, de&nbsp;<strong>Bodegas Tierras Altas<\/strong>, emprendimiento que hab\u00eda desarrollado junto a su colega y amigo&nbsp;<strong>Federico Vargas Arizu<\/strong>.<\/p>\n\n\n\n<p class=\"wp-block-paragraph\">Vargas Arizu le dedic\u00f3 una conmovedora despedida en sus redes sociales:&nbsp;<em>\u00abMi hermano del alma, por siempre y para siempre, luz de vida eterna. El abrazo que nos vamos a dar cuando nos volvamos a encontrar\u00bb.<\/em><\/p>\n\n\n\n<div style=\"height:40px\" aria-hidden=\"true\" class=\"wp-block-spacer\"><\/div>\n","protected":false},"excerpt":{"rendered":"<p>En un tr\u00e1gico accidente, el querido en\u00f3logo y monta\u00f1ista mendocino, de 39 a\u00f1os (a la&hellip;<\/p>\n","protected":false},"author":2,"featured_media":180665,"comment_status":"closed","ping_status":"open","sticky":false,"template":"","format":"standard","meta":{"footnotes":""},"categories":[15,14],"tags":[],"class_list":["post-180658","post","type-post","status-publish","format-standard","has-post-thumbnail","hentry","category-destacados","category-news"],"_links":{"self":[{"href":"https:\/\/enolife.com.ar\/es\/wp-json\/wp\/v2\/posts\/180658","targetHints":{"allow":["GET"]}}],"collection":[{"href":"https:\/\/enolife.com.ar\/es\/wp-json\/wp\/v2\/posts"}],"about":[{"href":"https:\/\/enolife.com.ar\/es\/wp-json\/wp\/v2\/types\/post"}],"author":[{"embeddable":true,"href":"https:\/\/enolife.com.ar\/es\/wp-json\/wp\/v2\/users\/2"}],"replies":[{"embeddable":true,"href":"https:\/\/enolife.com.ar\/es\/wp-json\/wp\/v2\/comments?post=180658"}],"version-history":[{"count":15,"href":"https:\/\/enolife.com.ar\/es\/wp-json\/wp\/v2\/posts\/180658\/revisions"}],"predecessor-version":[{"id":180678,"href":"https:\/\/enolife.com.ar\/es\/wp-json\/wp\/v2\/posts\/180658\/revisions\/180678"}],"wp:featuredmedia":[{"embeddable":true,"href":"https:\/\/enolife.com.ar\/es\/wp-json\/wp\/v2\/media\/180665"}],"wp:attachment":[{"href":"https:\/\/enolife.com.ar\/es\/wp-json\/wp\/v2\/media?parent=180658"}],"wp:term":[{"taxonomy":"category","embeddable":true,"href":"https:\/\/enolife.com.ar\/es\/wp-json\/wp\/v2\/categories?post=180658"},{"taxonomy":"post_tag","embeddable":true,"href":"https:\/\/enolife.com.ar\/es\/wp-json\/wp\/v2\/tags?post=180658"}],"curies":[{"name":"wp","href":"https:\/\/api.w.org\/{rel}","templated":true}]}}