{"id":180634,"date":"2026-09-04T12:29:30","date_gmt":"2026-09-04T12:29:30","guid":{"rendered":"https:\/\/enolife.com.ar\/es\/?p=180634"},"modified":"2026-09-04T18:51:23","modified_gmt":"2026-09-04T18:51:23","slug":"gonzalo-garces-conto-historias-extraordinarias-de-la-biblia-por-los-caminos-del-vino","status":"publish","type":"post","link":"https:\/\/enolife.com.ar\/es\/gonzalo-garces-conto-historias-extraordinarias-de-la-biblia-por-los-caminos-del-vino\/","title":{"rendered":"Gonzalo Garc\u00e9s cont\u00f3 historias extraordinarias de la Biblia por los Caminos del Vino"},"content":{"rendered":"\n<h4 class=\"wp-block-heading\"><em><strong>El escritor porte\u00f1o invitado a Bodega Casarena dentro del atractivo ciclo de Autores por los Caminos del Vino present\u00f3 su \u00faltimo libro, \u201cLos relatos b\u00edblicos\u201d, en los que rescata y reinterpreta par\u00e1bolas, narraciones y personajes recolectados por a\u00fan ignotos cronistas durante 700 a\u00f1os en el libro sagrado de la religi\u00f3n Cat\u00f3lica.<\/strong><\/em><\/h4>\n\n\n\n<div style=\"height:25px\" aria-hidden=\"true\" class=\"wp-block-spacer\"><\/div>\n\n\n<a href=\"https:\/\/www.trapiche.com.ar\/\" aria-label=\"Trapiche\"><img loading=\"lazy\" decoding=\"async\" src=\"https:\/\/enolife.com.ar\/es\/wp-content\/uploads\/2026\/08\/Banner-Trapiche-1.700-x-500.jpeg\" alt=\"Trapiche\"  srcset=\"https:\/\/enolife.com.ar\/es\/wp-content\/uploads\/2026\/08\/Banner-Trapiche-1.700-x-500.jpeg 1700w, https:\/\/enolife.com.ar\/es\/wp-content\/uploads\/2026\/08\/Banner-Trapiche-1.700-x-500-300x88.jpeg 300w, https:\/\/enolife.com.ar\/es\/wp-content\/uploads\/2026\/08\/Banner-Trapiche-1.700-x-500-1024x301.jpeg 1024w, https:\/\/enolife.com.ar\/es\/wp-content\/uploads\/2026\/08\/Banner-Trapiche-1.700-x-500-768x226.jpeg 768w, https:\/\/enolife.com.ar\/es\/wp-content\/uploads\/2026\/08\/Banner-Trapiche-1.700-x-500-1536x452.jpeg 1536w, https:\/\/enolife.com.ar\/es\/wp-content\/uploads\/2026\/08\/Banner-Trapiche-1.700-x-500-1170x344.jpeg 1170w, https:\/\/enolife.com.ar\/es\/wp-content\/uploads\/2026\/08\/Banner-Trapiche-1.700-x-500-585x172.jpeg 585w\" sizes=\"auto, (max-width: 1700px) 100vw, 1700px\" width=\"1700\" height=\"500\"   \/><\/a>\n\n\n<div style=\"height:49px\" aria-hidden=\"true\" class=\"wp-block-spacer\"><\/div>\n\n\n\n<p class=\"wp-block-paragraph\">El numeroso p\u00fablico asistente a la charla de <strong>Gonzalo Garc\u00e9s (52)<\/strong> disfrut\u00f3 de una larga y magn\u00e9tica sesi\u00f3n de literatura, di\u00e1logos y vinos de la casa <strong><\/strong>en <strong>Bodega Casarena.<\/strong> La convocatoria demostr\u00f3 el crecimiento del ciclo <strong>Autores por los Caminos del Vino<\/strong>, producido y organizado por <strong>Gustavo Flores Baz\u00e1n<\/strong> y <strong>Jimena Silvestri<\/strong>, con la moderaci\u00f3n del periodista <strong>Andr\u00e9s Gabrielli<\/strong>.<\/p>\n\n\n\n<p class=\"wp-block-paragraph\">Durante el encuentro, Garc\u00e9s present\u00f3 su libro <strong>\u201cLos relatos b\u00edblicos\u201d<\/strong> y, como reconocido contador de historias que es, relat\u00f3 con profundidad, humor y colorido, pasajes conocidos y poco le\u00eddos del libro sagrado cat\u00f3lico, recuperando ense\u00f1anzas y dilemas que contin\u00faan interpelando al ser humano miles de a\u00f1os despu\u00e9s de haberse escrito.<\/p>\n\n\n\n<p class=\"wp-block-paragraph\">La conversaci\u00f3n con Gabrielli propuso una mirada contempor\u00e1nea e interpretativa sobre estos relatos y abord\u00f3 algunos de los interrogantes centrales de la obra: qui\u00e9nes escribieron esas historias, por qu\u00e9 contin\u00faan vigentes y qu\u00e9 pueden decirnos en la actualidad. Tambi\u00e9n hubo espacio para hablar de la fe, las dudas, las contradicciones humanas y <strong>la presencia del vino en numerosos relatos b\u00edblicos.<\/strong><\/p>\n\n\n\n<div style=\"height:27px\" aria-hidden=\"true\" class=\"wp-block-spacer\"><\/div>\n\n\n<div class=\"wp-block-image\">\n<figure class=\"aligncenter size-large is-resized\"><a href=\"https:\/\/enolife.com.ar\/es\/wp-content\/uploads\/2026\/09\/Gonzalo-Garces-1.jpeg\" data-rel=\"penci-gallery-image-content\" ><img loading=\"lazy\" decoding=\"async\" width=\"1024\" height=\"576\" src=\"https:\/\/enolife.com.ar\/es\/wp-content\/uploads\/2026\/09\/Gonzalo-Garces-1-1024x576.jpeg\" alt=\"\" class=\"wp-image-180641\" style=\"width:674px;height:auto\" srcset=\"https:\/\/enolife.com.ar\/es\/wp-content\/uploads\/2026\/09\/Gonzalo-Garces-1-1024x576.jpeg 1024w, https:\/\/enolife.com.ar\/es\/wp-content\/uploads\/2026\/09\/Gonzalo-Garces-1-300x169.jpeg 300w, https:\/\/enolife.com.ar\/es\/wp-content\/uploads\/2026\/09\/Gonzalo-Garces-1-768x432.jpeg 768w, https:\/\/enolife.com.ar\/es\/wp-content\/uploads\/2026\/09\/Gonzalo-Garces-1-1170x658.jpeg 1170w, https:\/\/enolife.com.ar\/es\/wp-content\/uploads\/2026\/09\/Gonzalo-Garces-1-1536x864.jpeg 1536w, https:\/\/enolife.com.ar\/es\/wp-content\/uploads\/2026\/09\/Gonzalo-Garces-1-585x329.jpeg 585w, https:\/\/enolife.com.ar\/es\/wp-content\/uploads\/2026\/09\/Gonzalo-Garces-1.jpeg 1600w\" sizes=\"auto, (max-width: 1024px) 100vw, 1024px\" \/><\/a><\/figure>\n<\/div>\n\n\n<div style=\"height:36px\" aria-hidden=\"true\" class=\"wp-block-spacer\"><\/div>\n\n\n\n<p class=\"wp-block-paragraph\">Luego de la presentaci\u00f3n, el p\u00fablico pudo compartir un momento cercano con el escritor, quien firm\u00f3 ejemplares y se fotografi\u00f3 con los asistentes.&nbsp;<\/p>\n\n\n\n<div style=\"height:28px\" aria-hidden=\"true\" class=\"wp-block-spacer\"><\/div>\n\n\n\n<p class=\"has-medium-font-size wp-block-paragraph\"><strong>Entre vi\u00f1edos y gastronom\u00eda mendocina<\/strong><\/p>\n\n\n\n<p class=\"wp-block-paragraph\">La actividad cultural se complement\u00f3 con una propuesta gastron\u00f3mica y enol\u00f3gica a cargo de <strong>Bodega Casarena<\/strong> y su restaurante <strong>Savia Cocina<\/strong>, que ofrecieron una selecci\u00f3n de tapas y encurtidos acompa\u00f1ada por vinos de la bodega.<\/p>\n\n\n\n<p class=\"wp-block-paragraph\">Para <strong>Claudia Piedrahita,<\/strong> gerenta general de <strong>Bodega Casarena<\/strong>, la jornada <em>\u201cfue una experiencia bell\u00edsima en todo sentido\u2026 Poder unir la cultura, el vino, el paisaje, el lugar, la tierra y la gastronom\u00eda, y disfrutar de ese placer enorme de encontrarnos, es algo maravilloso\u201d.<\/em><\/p>\n\n\n\n<p class=\"wp-block-paragraph\">Piedrahita tambi\u00e9n valor\u00f3 la convocatoria y el clima generado durante la presentaci\u00f3n<em>: \u201cFue hermoso el grupo de gente y divina la convocatoria. La onda del momento fue maravillosa. Para nosotros fue un honor recibir a Autores por los Caminos del Vino y a Gonzalo Garc\u00e9s en Bodega Casarena\u201d<\/em><\/p>\n\n\n\n<div style=\"height:23px\" aria-hidden=\"true\" class=\"wp-block-spacer\"><\/div>\n\n\n\n<p class=\"has-medium-font-size wp-block-paragraph\"><strong>Embajadores de la provinc<\/strong><strong>ia<\/strong><\/p>\n\n\n\n<p class=\"wp-block-paragraph\">Uno de los objetivos de Autores por los Caminos del Vino es que la visita de cada escritor a Mendoza trascienda la presentaci\u00f3n de su libro y se convierta tambi\u00e9n en una experiencia vinculada con la cultura, el vino, la gastronom\u00eda y los paisajes de la provincia.<\/p>\n\n\n\n<p class=\"wp-block-paragraph\">En este sentido, los autores que llegan a Mendoza se convierten tambi\u00e9n en <strong>embajadores de la provincia<\/strong>, al conocer diferentes propuestas y lugares que luego, ya como parte su experiencia personal, comparten en sus \u00e1mbitos y escritos.<\/p>\n\n\n\n<div style=\"height:23px\" aria-hidden=\"true\" class=\"wp-block-spacer\"><\/div>\n\n\n<div class=\"wp-block-image\">\n<figure class=\"aligncenter size-large is-resized\"><a href=\"https:\/\/enolife.com.ar\/es\/wp-content\/uploads\/2026\/09\/image-3.jpeg\" data-rel=\"penci-gallery-image-content\" ><img loading=\"lazy\" decoding=\"async\" width=\"1024\" height=\"724\" src=\"https:\/\/enolife.com.ar\/es\/wp-content\/uploads\/2026\/09\/image-3-1024x724.jpeg\" alt=\"\" class=\"wp-image-180637\" style=\"aspect-ratio:1.414043583535109;width:668px;height:auto\" srcset=\"https:\/\/enolife.com.ar\/es\/wp-content\/uploads\/2026\/09\/image-3-1024x724.jpeg 1024w, https:\/\/enolife.com.ar\/es\/wp-content\/uploads\/2026\/09\/image-3-300x212.jpeg 300w, https:\/\/enolife.com.ar\/es\/wp-content\/uploads\/2026\/09\/image-3-768x543.jpeg 768w, https:\/\/enolife.com.ar\/es\/wp-content\/uploads\/2026\/09\/image-3-1536x1087.jpeg 1536w, https:\/\/enolife.com.ar\/es\/wp-content\/uploads\/2026\/09\/image-3-1170x827.jpeg 1170w, https:\/\/enolife.com.ar\/es\/wp-content\/uploads\/2026\/09\/image-3-585x414.jpeg 585w, https:\/\/enolife.com.ar\/es\/wp-content\/uploads\/2026\/09\/image-3.jpeg 1552w\" sizes=\"auto, (max-width: 1024px) 100vw, 1024px\" \/><\/a><figcaption class=\"wp-element-caption\"><em><strong>Gonzalo Garc\u00e9s (centro) rodeado por sus anfitriones y organizadores del ciclo Autores por los Caminos del Vino.<\/strong><\/em><\/figcaption><\/figure>\n<\/div>\n\n\n<div style=\"height:30px\" aria-hidden=\"true\" class=\"wp-block-spacer\"><\/div>\n\n\n\n<p class=\"wp-block-paragraph\">Durante su estad\u00eda, Garc\u00e9s pudo recorrer distintos puntos de Mendoza. Luego de su presentaci\u00f3n en Bodega Casarena, comparti\u00f3 una cena en <strong>Savia Cocina<\/strong> y durante el fin de semana visit\u00f3 <strong>La Carrera, en el Valle de Uco<\/strong>, donde estuvo en el <strong>Club de Vinos de Tierras de Atamisque<\/strong>. Tambi\u00e9n asisti\u00f3 al restaurante <strong>Abrasado<\/strong> y cerr\u00f3 su estad\u00eda el domingo en <strong>El Enemigo Casa Vigil,<\/strong> en Cruz de Piedra, Maip\u00fa.<\/p>\n\n\n\n<p class=\"wp-block-paragraph\">Para <strong>Gustavo Flores Baz\u00e1n,<\/strong> productor y organizador del ciclo junto a <strong>Jimena Silvestri<\/strong>, cada encuentro representa un nuevo desaf\u00edo: <em>\u201cCada presentaci\u00f3n nos confirma que estamos transitando un camino que vale la pena. Cada encuentro nos renueva el desaf\u00edo de seguir trabajando y apostando por la cultura junto al enoturismo, pero tambi\u00e9n de continuar pensando nuevas formas de poner en valor a Mendoza\u201d<\/em>.<\/p>\n\n\n\n<p class=\"wp-block-paragraph\"><em>\u201cEl desaf\u00edo contin\u00faa cada vez que vemos las repercusiones que genera la visita de cada autor. Para nosotros es un enorme placer poder realizar este aporte cultural, poner en valor a los autores y a los libros y, al mismo tiempo, generar esa magia especial que nace del encuentro con el vino, la gastronom\u00eda y los paisajes de Mendoza\u201d,<\/em> agreg\u00f3.<\/p>\n\n\n\n<div style=\"height:23px\" aria-hidden=\"true\" class=\"wp-block-spacer\"><\/div>\n\n\n\n<p class=\"has-medium-font-size wp-block-paragraph\"><strong>Pr\u00f3xima presentaci\u00f3n: Eduardo Levy Yeyati<\/strong><\/p>\n\n\n\n<p class=\"wp-block-paragraph\">La agenda del ciclo Autores por los Caminos del Vino continuar\u00e1 el pr\u00f3ximo <strong>18 de setiembre<\/strong> con la presencia de <strong>Eduardo Levy Yeyati<\/strong>, economista, investigador y escritor oriundo de Buenos Aires.<\/p>\n\n\n\n<div style=\"height:44px\" aria-hidden=\"true\" class=\"wp-block-spacer\"><\/div>\n","protected":false},"excerpt":{"rendered":"<p>El escritor porte\u00f1o invitado a Bodega Casarena dentro del atractivo ciclo de Autores por los&hellip;<\/p>\n","protected":false},"author":2,"featured_media":180639,"comment_status":"closed","ping_status":"open","sticky":false,"template":"","format":"standard","meta":{"footnotes":""},"categories":[4],"tags":[],"class_list":["post-180634","post","type-post","status-publish","format-standard","has-post-thumbnail","hentry","category-protagonistas"],"_links":{"self":[{"href":"https:\/\/enolife.com.ar\/es\/wp-json\/wp\/v2\/posts\/180634","targetHints":{"allow":["GET"]}}],"collection":[{"href":"https:\/\/enolife.com.ar\/es\/wp-json\/wp\/v2\/posts"}],"about":[{"href":"https:\/\/enolife.com.ar\/es\/wp-json\/wp\/v2\/types\/post"}],"author":[{"embeddable":true,"href":"https:\/\/enolife.com.ar\/es\/wp-json\/wp\/v2\/users\/2"}],"replies":[{"embeddable":true,"href":"https:\/\/enolife.com.ar\/es\/wp-json\/wp\/v2\/comments?post=180634"}],"version-history":[{"count":8,"href":"https:\/\/enolife.com.ar\/es\/wp-json\/wp\/v2\/posts\/180634\/revisions"}],"predecessor-version":[{"id":180646,"href":"https:\/\/enolife.com.ar\/es\/wp-json\/wp\/v2\/posts\/180634\/revisions\/180646"}],"wp:featuredmedia":[{"embeddable":true,"href":"https:\/\/enolife.com.ar\/es\/wp-json\/wp\/v2\/media\/180639"}],"wp:attachment":[{"href":"https:\/\/enolife.com.ar\/es\/wp-json\/wp\/v2\/media?parent=180634"}],"wp:term":[{"taxonomy":"category","embeddable":true,"href":"https:\/\/enolife.com.ar\/es\/wp-json\/wp\/v2\/categories?post=180634"},{"taxonomy":"post_tag","embeddable":true,"href":"https:\/\/enolife.com.ar\/es\/wp-json\/wp\/v2\/tags?post=180634"}],"curies":[{"name":"wp","href":"https:\/\/api.w.org\/{rel}","templated":true}]}}