{"id":180617,"date":"2026-09-03T23:40:17","date_gmt":"2026-09-03T23:40:17","guid":{"rendered":"https:\/\/enolife.com.ar\/es\/?p=180617"},"modified":"2026-09-03T23:40:18","modified_gmt":"2026-09-03T23:40:18","slug":"como-proteger-los-cultivos-mendocinos-para-una-temporada-de-clima-extremo-por-el-super-nino","status":"publish","type":"post","link":"https:\/\/enolife.com.ar\/es\/como-proteger-los-cultivos-mendocinos-para-una-temporada-de-clima-extremo-por-el-super-nino\/","title":{"rendered":"C\u00f3mo proteger los cultivos mendocinos para una temporada de clima extremo por el Super Ni\u00f1o"},"content":{"rendered":"\n<h4 class=\"wp-block-heading\"><em><strong>Granizo, heladas, viento y exceso de humedad ya le costaron al gobierno y aseguradoras Mendoza $7.300 millones en compensaciones durante la \u00faltima temporada. Frente al fen\u00f3meno climatol\u00f3gico El Ni\u00f1o, este a\u00f1o de particular intensidad, empresas como Agrinet apuestan a combinar distintas mallas de protecci\u00f3n para dar respuesta a un escenario ambiental cada vez m\u00e1s variable y hostil.<\/strong><\/em><\/h4>\n\n\n\n<div style=\"height:33px\" aria-hidden=\"true\" class=\"wp-block-spacer\"><\/div>\n\n\n<a href=\"https:\/\/www.linkedin.com\/company\/agrinet-sa\/?originalSubdomain=ar\" aria-label=\"1700X500\"><img loading=\"lazy\" decoding=\"async\" src=\"https:\/\/enolife.com.ar\/es\/wp-content\/uploads\/2021\/11\/1700X500.gif\" alt=\"\"  width=\"1700\" height=\"500\"   \/><\/a>\n\n\n<div style=\"height:44px\" aria-hidden=\"true\" class=\"wp-block-spacer\"><\/div>\n\n\n\n<p class=\"wp-block-paragraph\">El <strong>cambio clim\u00e1tico<\/strong> dej\u00f3 de ser una discusi\u00f3n abstracta para el productor agr\u00edcola mendocino: se traduce, temporada tras temporada, en <strong>granizadas<\/strong> m\u00e1s frecuentes, <strong>heladas<\/strong> m\u00e1s sorpresivas, <strong>vientos<\/strong> m\u00e1s intensos y <strong>lluvias<\/strong> que alteran por completo el manejo habitual del cultivo. Y el horizonte inmediato no da respiro: los organismos internacionales prev\u00e9n que el actual episodio del fen\u00f3meno climatol\u00f3gico <strong>El Ni\u00f1o<\/strong>, ya en una fase de fuerte intensificaci\u00f3n, podr\u00eda convertirse en un evento excepcional hacia fines de 2026.<\/p>\n\n\n\n<p class=\"wp-block-paragraph\"><em>\u00abLos escenarios clim\u00e1ticos actuales refuerzan una tendencia que el productor ya viene experimentando: mayor necesidad de anticiparse a condiciones ambientales variables y eventos extremos\u00bb<\/em>, explican desde <strong>Agrinet<\/strong>, empresa mendocina especializada en sistemas de protecci\u00f3n de cultivos. Frente a ese diagn\u00f3stico, la compa\u00f1\u00eda viene ampliando su oferta de mallas para dar respuesta a un abanico de riesgos que ya no se limita al granizo.<\/p>\n\n\n\n<div style=\"height:34px\" aria-hidden=\"true\" class=\"wp-block-spacer\"><\/div>\n\n\n\n<p class=\"has-medium-font-size wp-block-paragraph\"><strong>De la malla antigranizo a la protecci\u00f3n integral<\/strong><\/p>\n\n\n\n<p class=\"wp-block-paragraph\">Desde siempre, la <strong>malla antigranizo<\/strong> fue sin\u00f3nimo de protecci\u00f3n de cultivo en <strong>Mendoza: <\/strong>una estructura elevada que adem\u00e1s de resguardar contra el impacto f\u00edsico del granizo, modera la radiaci\u00f3n solar y genera una sombra que reduce el estr\u00e9s h\u00eddrico de la planta. Pero el escenario clim\u00e1tico actual empuj\u00f3 a la empresa a sumar otras <strong>dos herramientas<\/strong> que hoy se piden cada vez m\u00e1s en combinaci\u00f3n.<\/p>\n\n\n\n<p class=\"wp-block-paragraph\">Una es la <strong>malla cortaviento<\/strong>, de tejido m\u00e1s denso que la antigranizo, que se coloca en forma perpendicular a la direcci\u00f3n del viento predominante para bajar su velocidad antes de que impacte sobre el cultivo. La demanda de este producto creci\u00f3 a partir de una necesidad real en dos zonas puntuales de la provincia, el <strong>Este mendocino<\/strong> y sectores lim\u00edtrofes con <strong>San Juan<\/strong>, donde ya hay productores que compran el combo completo de malla antigranizo y cortaviento como forma de cubrir dos frentes de riesgo al mismo tiempo.<\/p>\n\n\n\n<div style=\"height:29px\" aria-hidden=\"true\" class=\"wp-block-spacer\"><\/div>\n\n\n<div class=\"wp-block-image\">\n<figure class=\"aligncenter size-full is-resized\"><a href=\"https:\/\/enolife.com.ar\/es\/wp-content\/uploads\/2026\/09\/malla-antigranizo-2.jpg\" data-rel=\"penci-gallery-image-content\" ><img loading=\"lazy\" decoding=\"async\" width=\"840\" height=\"473\" src=\"https:\/\/enolife.com.ar\/es\/wp-content\/uploads\/2026\/09\/malla-antigranizo-2.jpg\" alt=\"\" class=\"wp-image-180629\" style=\"width:690px;height:auto\" srcset=\"https:\/\/enolife.com.ar\/es\/wp-content\/uploads\/2026\/09\/malla-antigranizo-2.jpg 840w, https:\/\/enolife.com.ar\/es\/wp-content\/uploads\/2026\/09\/malla-antigranizo-2-300x169.jpg 300w, https:\/\/enolife.com.ar\/es\/wp-content\/uploads\/2026\/09\/malla-antigranizo-2-585x329.jpg 585w, https:\/\/enolife.com.ar\/es\/wp-content\/uploads\/2026\/09\/malla-antigranizo-2-767x432.jpg 767w\" sizes=\"auto, (max-width: 840px) 100vw, 840px\" \/><\/a><\/figure>\n<\/div>\n\n\n<div style=\"height:40px\" aria-hidden=\"true\" class=\"wp-block-spacer\"><\/div>\n\n\n\n<p class=\"wp-block-paragraph\">La otra novedad es la <strong>malla antimaleza<\/strong>, una idea que Agrinet tom\u00f3 de la experiencia en Chile y que -a diferencia de las anteriores- no se instala en altura sobre el cultivo, sino directamente sobre el suelo. Su desarrollo responde a un problema muy concreto de la temporada pasada: el exceso de precipitaciones gener\u00f3 una humedad en el suelo que dispar\u00f3 el crecimiento de malezas a un ritmo que ni las aplicaciones de herbicidas ni el paso de maquinarias lograban acompa\u00f1ar. <em>\u00abLa temporada pasada \u00edbamos muy atr\u00e1s con las malezas por la humedad que hab\u00eda en el suelo\u00bb<\/em>, recuerda <strong>Agustina Debernardi<\/strong>, gerenta de Relaciones Institucionales de Agrinet, sobre el origen de esta l\u00ednea de producto.<\/p>\n\n\n\n<div style=\"height:34px\" aria-hidden=\"true\" class=\"wp-block-spacer\"><\/div>\n\n\n\n<p class=\"has-medium-font-size wp-block-paragraph\"><strong>Proteger no es s\u00f3lo evitar una p\u00e9rdida<\/strong><\/p>\n\n\n\n<p class=\"wp-block-paragraph\">Para la empresa, la lectura del escenario actual no pasa por ofrecer un \u00fanico producto \u00abmilagroso\u00bb, sino por pensar la protecci\u00f3n del cultivo de manera integral, o sea cubrir el riesgo de granizo, moderar la radiaci\u00f3n, reducir el impacto del viento y mejorar el manejo del suelo frente a las malezas, seg\u00fan cada combinaci\u00f3n de riesgos que enfrente cada finca.<\/p>\n\n\n\n<p class=\"wp-block-paragraph\"><em>\u00abEl desaf\u00edo no es evitar que el clima cambie, sino lograr que el sistema productivo est\u00e9 mejor preparado para enfrentar esos cambios. Invertir en protecci\u00f3n no significa solamente evitar una p\u00e9rdida: significa darle mayor previsibilidad al cultivo, cuidar la calidad y hacer m\u00e1s eficiente cada recurso utilizado en la finca\u00bb<\/em>, resumen desde la compa\u00f1\u00eda.<\/p>\n\n\n\n<div style=\"height:36px\" aria-hidden=\"true\" class=\"wp-block-spacer\"><\/div>\n\n\n\n<p class=\"has-medium-font-size wp-block-paragraph\"><strong>Lo que cuesta no adaptarse<\/strong><\/p>\n\n\n\n<p class=\"wp-block-paragraph\">El respaldo a esta estrategia no es solo t\u00e9cnico, tambi\u00e9n aparece en los n\u00fameros p\u00fablicos. Durante la temporada<strong> 2024\/25<\/strong>, el gobierno de Mendoza destin\u00f3<strong> $7.300 millones<\/strong> a compensaciones por da\u00f1os provocados por contingencias clim\u00e1ticas a trav\u00e9s del Fondo Compensador, una cifra que dimensiona el impacto econ\u00f3mico real de estos eventos sobre la producci\u00f3n agr\u00edcola provincial. De cara a la temporada 2025\/26, el Gobierno provincial volvi\u00f3 a reforzar ese esquema de cobertura, con compensaciones de hasta<strong> $2 millones por hect\u00e1rea<\/strong> para determinados cultivos y niveles de da\u00f1o.<\/p>\n\n\n\n<div style=\"height:21px\" aria-hidden=\"true\" class=\"wp-block-spacer\"><\/div>\n\n\n\n<h3 class=\"wp-block-heading has-vivid-red-color has-text-color has-link-color wp-elements-1\">Ese respaldo estatal funciona como una red de contenci\u00f3n ante el desastre ya ocurrido, pero no reemplaza la inversi\u00f3n en prevenci\u00f3n.&nbsp;<\/h3>\n\n\n\n<div style=\"height:31px\" aria-hidden=\"true\" class=\"wp-block-spacer\"><\/div>\n\n\n\n<p class=\"wp-block-paragraph\">Con un fen\u00f3meno de <strong>El Ni\u00f1o<\/strong> que se perfila como uno de los m\u00e1s intensos de los \u00faltimos a\u00f1os, la ecuaci\u00f3n que empieza a manejar el productor mendocino combina ambas patas: la cobertura oficial para el da\u00f1o consumado, y una protecci\u00f3n f\u00edsica del cultivo -cada vez m\u00e1s multicapa- para reducir la probabilidad de necesitarla.<\/p>\n\n\n\n<div style=\"height:37px\" aria-hidden=\"true\" class=\"wp-block-spacer\"><\/div>\n\n\n\n<p class=\"wp-block-paragraph\"><br><\/p>\n","protected":false},"excerpt":{"rendered":"<p>Granizo, heladas, viento y exceso de humedad ya le costaron al gobierno y aseguradoras Mendoza&hellip;<\/p>\n","protected":false},"author":2,"featured_media":119054,"comment_status":"closed","ping_status":"open","sticky":false,"template":"","format":"standard","meta":{"footnotes":""},"categories":[15,5],"tags":[],"class_list":["post-180617","post","type-post","status-publish","format-standard","has-post-thumbnail","hentry","category-destacados","category-fincas"],"_links":{"self":[{"href":"https:\/\/enolife.com.ar\/es\/wp-json\/wp\/v2\/posts\/180617","targetHints":{"allow":["GET"]}}],"collection":[{"href":"https:\/\/enolife.com.ar\/es\/wp-json\/wp\/v2\/posts"}],"about":[{"href":"https:\/\/enolife.com.ar\/es\/wp-json\/wp\/v2\/types\/post"}],"author":[{"embeddable":true,"href":"https:\/\/enolife.com.ar\/es\/wp-json\/wp\/v2\/users\/2"}],"replies":[{"embeddable":true,"href":"https:\/\/enolife.com.ar\/es\/wp-json\/wp\/v2\/comments?post=180617"}],"version-history":[{"count":10,"href":"https:\/\/enolife.com.ar\/es\/wp-json\/wp\/v2\/posts\/180617\/revisions"}],"predecessor-version":[{"id":180631,"href":"https:\/\/enolife.com.ar\/es\/wp-json\/wp\/v2\/posts\/180617\/revisions\/180631"}],"wp:featuredmedia":[{"embeddable":true,"href":"https:\/\/enolife.com.ar\/es\/wp-json\/wp\/v2\/media\/119054"}],"wp:attachment":[{"href":"https:\/\/enolife.com.ar\/es\/wp-json\/wp\/v2\/media?parent=180617"}],"wp:term":[{"taxonomy":"category","embeddable":true,"href":"https:\/\/enolife.com.ar\/es\/wp-json\/wp\/v2\/categories?post=180617"},{"taxonomy":"post_tag","embeddable":true,"href":"https:\/\/enolife.com.ar\/es\/wp-json\/wp\/v2\/tags?post=180617"}],"curies":[{"name":"wp","href":"https:\/\/api.w.org\/{rel}","templated":true}]}}