{"id":180596,"date":"2026-09-03T15:00:12","date_gmt":"2026-09-03T15:00:12","guid":{"rendered":"https:\/\/enolife.com.ar\/es\/?p=180596"},"modified":"2026-09-04T01:19:56","modified_gmt":"2026-09-04T01:19:56","slug":"irrigacion-lidera-el-plan-mendocino-contra-el-super-nino__trashed","status":"publish","type":"post","link":"https:\/\/enolife.com.ar\/es\/irrigacion-lidera-el-plan-mendocino-contra-el-super-nino__trashed\/","title":{"rendered":"Irrigaci\u00f3n lidera el plan mendocino contra el Super Ni\u00f1o"},"content":{"rendered":"\n<h4 class=\"wp-block-heading\"><em><em><strong>Funcionarios del organismo fiscalizador del agua de riego y potable de la provincia, del ministerio de Energ\u00eda y Ambiente, Instituto Nacional del Agua, Defensa Civil, Ianigla-Conicet y meteor\u00f3logos de Aeron\u00e1utica de Mendoza se reunieron para acordar protocolos de acci\u00f3n que permitan enfrentar posibles consecuencias negativas de fen\u00f3menos climatol\u00f3gicos extremos en el sistema h\u00eddrico mendocino.<\/strong><\/em><\/em><\/h4>\n\n\n\n<div style=\"height:31px\" aria-hidden=\"true\" class=\"wp-block-spacer\"><\/div>\n\n\n<a href=\"https:\/\/www.irrigacion.gov.ar\/web\/\" aria-label=\"Banner Irrigaci\u00f3n 1700 x 500 8-2026\"><img loading=\"lazy\" decoding=\"async\" src=\"https:\/\/enolife.com.ar\/es\/wp-content\/uploads\/2021\/02\/Banner-Irrigacion-1700-x-500-8-2026.gif\" alt=\"\"  width=\"1700\" height=\"500\"   \/><\/a>\n\n\n<div style=\"height:30px\" aria-hidden=\"true\" class=\"wp-block-spacer\"><\/div>\n\n\n\n<p class=\"wp-block-paragraph\">El objetivo del encuentro fue pasar <strong>del diagn\u00f3stico a un plan de acci\u00f3n<\/strong>, con tareas concretas que permitan hacer frente a las posibles consecuencias da\u00f1inas en el<strong> sistema h\u00eddrico<\/strong> de la provincia ante el fen\u00f3meno del <strong>Super Ni\u00f1o.<\/strong><\/p>\n\n\n\n<p class=\"wp-block-paragraph\">Para ello, ya se empezaron a dise\u00f1ar acciones conjuntas, medidas y tareas de prevenci\u00f3n. El titular de<strong> Irrigaci\u00f3n<\/strong>, <strong>Sergio Marinelli<\/strong>, advirti\u00f3: <em>\u201cTenemos que estar preparados, ocuparnos\u2026 Este fen\u00f3meno natural va a generar mayor cantidad de nieve, como ya vemos, y mayores precipitaciones de agua, con mucho volumen e intensidad desde octubre hasta diciembre, sobre todo. Si tenemos los cauces limpios se van a evitar problemas serios, pero tenemos que prever, para que no se vea afectada sobre todo la vida humana\u201d<\/em>.<\/p>\n\n\n\n<p class=\"wp-block-paragraph\">Y agreg\u00f3 Marinelli:<em> \u201cLo que estamos haciendo es precisamente ver cu\u00e1les son los puntos de la red h\u00eddrica donde hay m\u00e1s riesgo, a qui\u00e9n le corresponde hacer algo y cu\u00e1ndo debe hacerlo, es decir coordinar las tareas. Y como bien dijo la ministra Latorre, en aquellos casos donde no nos alcancen los recursos, ver de qu\u00e9 manera se puede conseguir un adicional para afrontar los trabajos\u201d.<\/em><\/p>\n\n\n\n<div style=\"height:33px\" aria-hidden=\"true\" class=\"wp-block-spacer\"><\/div>\n\n\n\n<p class=\"has-medium-font-size wp-block-paragraph\"><strong>El equipo de trabajo<\/strong><\/p>\n\n\n\n<p class=\"wp-block-paragraph\">Convocados por el superintendente de Irrigaci\u00f3n, <strong>Sergio Marinelli<\/strong>, junto a la ministra de Energ\u00eda y Ambiente, <strong>Jimena Latorre<\/strong>, participaron de la reuni\u00f3n el secretario de Gesti\u00f3n H\u00eddrica, <em>Diego Coronel<\/em>; el director de Gesti\u00f3n H\u00eddrica, <strong>Rub\u00e9n Villodas<\/strong>; los subdelegados de cada cuenca de r\u00edo: <strong>Marcelo Landini<\/strong>, <strong>Jorge Sosa<\/strong>, <strong>Juan Al\u00f3s<\/strong>, <strong>Fabio Lastra<\/strong> y <strong>Santiago del R\u00edo<\/strong>; el titular de la Direcci\u00f3n de Hidra\u00falica, <strong>Pablo Rodr\u00edguez<\/strong>; <strong>Santiago Ruiz Freites<\/strong>, como m\u00e1ximo representante del Instituto Nacional del Agua (INA); representantes de Defensa Civil y del Ianigla-Conicet; y los especialistas en meteorolog\u00eda de Aemsa, <strong>Elizabeth Naranjo Tamayo <\/strong>y <strong>Maximiliano Viale<\/strong>.<\/p>\n\n\n\n<div style=\"height:29px\" aria-hidden=\"true\" class=\"wp-block-spacer\"><\/div>\n\n\n<div class=\"wp-block-image\">\n<figure class=\"aligncenter size-full is-resized\"><a href=\"https:\/\/enolife.com.ar\/es\/wp-content\/uploads\/2026\/09\/Reunion-Irrigacion.jpg\" data-rel=\"penci-gallery-image-content\" ><img decoding=\"async\" src=\"https:\/\/enolife.com.ar\/es\/wp-content\/uploads\/2026\/09\/Reunion-Irrigacion.jpg\" alt=\"\" class=\"wp-image-180607\" style=\"aspect-ratio:1.7770725902419675;width:692px;height:auto\"\/><\/a><\/figure>\n<\/div>\n\n\n<div style=\"height:45px\" aria-hidden=\"true\" class=\"wp-block-spacer\"><\/div>\n\n\n\n<p class=\"wp-block-paragraph\">Los primeros en exponer fueron los especialistas en meteorolog\u00eda de Aeron\u00e1\u00fatica, y luego sigui\u00f3 una instancia de preguntas y respuestas, un debate muy positivo seg\u00fan la valoraci\u00f3n de todos.<\/p>\n\n\n\n<p class=\"wp-block-paragraph\">La ministra Latorre, por su parte, plante\u00f3 la necesidad de saber con qu\u00e9 recursos cuenta cada \u00e1rea representada en la mesa de trabajo, como as\u00ed tambi\u00e9n tener y mantener en el tiempo una comunicaci\u00f3n que le sirva realmente al mendocino <em>\u201cde a pie\u201d<\/em>. Y resalt\u00f3 la importancia de trabajar en un protocolo conjunto, tambi\u00e9n sostenido en el tiempo, entre todos los entes involucrados, en todos los lugares donde se puedan llegar a producir las consecuencias de la acumulaci\u00f3n de agua que es lo que prev\u00e9n los modelos meteorol\u00f3gicos.<\/p>\n\n\n\n<div style=\"height:34px\" aria-hidden=\"true\" class=\"wp-block-spacer\"><\/div>\n","protected":false},"excerpt":{"rendered":"<p>Funcionarios del organismo fiscalizador del agua de riego y potable de la provincia, del ministerio&hellip;<\/p>\n","protected":false},"author":2,"featured_media":180633,"comment_status":"closed","ping_status":"open","sticky":false,"template":"","format":"standard","meta":{"footnotes":""},"categories":[15,14],"tags":[],"class_list":["post-180596","post","type-post","status-publish","format-standard","has-post-thumbnail","hentry","category-destacados","category-news"],"_links":{"self":[{"href":"https:\/\/enolife.com.ar\/es\/wp-json\/wp\/v2\/posts\/180596","targetHints":{"allow":["GET"]}}],"collection":[{"href":"https:\/\/enolife.com.ar\/es\/wp-json\/wp\/v2\/posts"}],"about":[{"href":"https:\/\/enolife.com.ar\/es\/wp-json\/wp\/v2\/types\/post"}],"author":[{"embeddable":true,"href":"https:\/\/enolife.com.ar\/es\/wp-json\/wp\/v2\/users\/2"}],"replies":[{"embeddable":true,"href":"https:\/\/enolife.com.ar\/es\/wp-json\/wp\/v2\/comments?post=180596"}],"version-history":[{"count":14,"href":"https:\/\/enolife.com.ar\/es\/wp-json\/wp\/v2\/posts\/180596\/revisions"}],"predecessor-version":[{"id":180632,"href":"https:\/\/enolife.com.ar\/es\/wp-json\/wp\/v2\/posts\/180596\/revisions\/180632"}],"wp:featuredmedia":[{"embeddable":true,"href":"https:\/\/enolife.com.ar\/es\/wp-json\/wp\/v2\/media\/180633"}],"wp:attachment":[{"href":"https:\/\/enolife.com.ar\/es\/wp-json\/wp\/v2\/media?parent=180596"}],"wp:term":[{"taxonomy":"category","embeddable":true,"href":"https:\/\/enolife.com.ar\/es\/wp-json\/wp\/v2\/categories?post=180596"},{"taxonomy":"post_tag","embeddable":true,"href":"https:\/\/enolife.com.ar\/es\/wp-json\/wp\/v2\/tags?post=180596"}],"curies":[{"name":"wp","href":"https:\/\/api.w.org\/{rel}","templated":true}]}}