{"id":17912,"date":"2020-08-10T18:28:54","date_gmt":"2020-08-10T18:28:54","guid":{"rendered":"http:\/\/enolife.com.ar\/es\/?p=17912"},"modified":"2020-08-11T16:29:41","modified_gmt":"2020-08-11T16:29:41","slug":"san-juan-multas-de-hasta-100-000-a-productores-que-no-apliquen-la-feromona-contra-la-lobesia","status":"publish","type":"post","link":"https:\/\/enolife.com.ar\/es\/san-juan-multas-de-hasta-100-000-a-productores-que-no-apliquen-la-feromona-contra-la-lobesia\/","title":{"rendered":"San Juan: multas de hasta $100.000 a productores que no apliquen la feromona contra la lobesia"},"content":{"rendered":"\n<h4 class=\"wp-block-heading\"><em><strong>El gobierno de San Juan se mostr\u00f3 decidido a castigar a vi\u00f1ateros que no cumplan la regla solidaria de combatir a la polilla de la vid para que la plaga no se expanda y termine afectando a todos. As\u00ed lo advirti\u00f3 el ministro de Producci\u00f3n, Andr\u00e9s D\u00edaz Cano, a un mes de la fecha indicada para iniciar la campa\u00f1a y sin que a\u00fan lleguen los fondos prometidos por la Naci\u00f3n para ese fin. Hay denuncias anteriores de que hubo algunos productores inescrupulosos quienes en lugar de aplicar los agroqu\u00edmicos los \u00abacovacharon\u00bb para venderlos despu\u00e9s.<\/strong><\/em><\/h4>\n\n\n\n<hr class=\"wp-block-separator\"\/>\n\n\n\n<h4 class=\"wp-block-heading\"><em><strong>Por el lado de los vi\u00f1ateros, el titular de la C\u00e1mara de Productores Vit\u00edcola, Jos\u00e9 \u00abCatuco\u00bb Molina, manifest\u00f3 objeciones al plan de aumentar las multas -que antes ha aplicado el Senasa y ahora sumar\u00eda la tarifa punitoria del gobierno-, argumentando que \u00ablos productores hoy est\u00e1n fundidos\u00bb. A continuaci\u00f3n, reproducimos integramente la nota sobre el tema publicada por el Diario de Cuyo de San Juan el 6\/8\/2020.<\/strong>   <\/em><\/h4>\n\n\n\n<div style=\"height:20px\" aria-hidden=\"true\" class=\"wp-block-spacer\"><\/div>\n\n\n\n<p>El ministro de Producci\u00f3n de San Juan, <strong>Andr\u00e9s D\u00edaz Cano<\/strong>, anunci\u00f3 en la Mesa Mixta Fitosanitaria que en la presente campa\u00f1a agr\u00edcola se va a aplicar alguna multa de car\u00e1cter provincial a aquellos productores que incumplan con la aplicaci\u00f3n de los agroqu\u00edmicos y las feromonas que se les entregan gratuitamente a trav\u00e9s del programa para combatir la proliferaci\u00f3n de la <strong>polilla de la vid o <em>lobesia botrana<\/em>.<\/strong> <\/p>\n\n\n\n<p>En el encuentro, que cont\u00f3 con la participaci\u00f3n de representantes de todas las c\u00e1maras productivas de la provincia, el INTA y el Senasa, el ministro dijo que \u00aba partir de ahora se va a estudiar en conjunto con las entidades privadas alg\u00fan sistema para penar a aquellos productores que no utilizan los productos que le entregamos gratuitamente; hoy por hoy hay una multa del Senasa, pero la provincia va sumar otra sanci\u00f3n\u00bb.<\/p>\n\n\n\n<p>Por su parte <strong>\u00c1ngel Leotta<\/strong>, de la C\u00e1mara Vitivin\u00edcola, propuso prohibir la comercializaci\u00f3n de la uva al productor que incumpla la normativa, a lo que D\u00edaz Cano respondi\u00f3 con la sugerencia de que se podr\u00edan aplicar sanciones mediante el mecanismo judicial de Flagrancia o a trav\u00e9s del Juzgado de Faltas.<\/p>\n\n\n\n<div style=\"height:20px\" aria-hidden=\"true\" class=\"wp-block-spacer\"><\/div>\n\n\n<a href=\"https:\/\/www.instagram.com\/agroconciencia_\" aria-label=\"BANNER AGROCONCIENCIA 1700X500\"><img loading=\"lazy\" decoding=\"async\" src=\"https:\/\/enolife.com.ar\/es\/wp-content\/uploads\/2019\/07\/BANNER-AGROCONCIENCIA-1700X500-1.jpg\" alt=\"\"  srcset=\"https:\/\/enolife.com.ar\/es\/wp-content\/uploads\/2019\/07\/BANNER-AGROCONCIENCIA-1700X500-1.jpg 1700w, https:\/\/enolife.com.ar\/es\/wp-content\/uploads\/2019\/07\/BANNER-AGROCONCIENCIA-1700X500-1-300x88.jpg 300w, https:\/\/enolife.com.ar\/es\/wp-content\/uploads\/2019\/07\/BANNER-AGROCONCIENCIA-1700X500-1-1024x301.jpg 1024w, https:\/\/enolife.com.ar\/es\/wp-content\/uploads\/2019\/07\/BANNER-AGROCONCIENCIA-1700X500-1-768x226.jpg 768w, https:\/\/enolife.com.ar\/es\/wp-content\/uploads\/2019\/07\/BANNER-AGROCONCIENCIA-1700X500-1-1536x452.jpg 1536w, https:\/\/enolife.com.ar\/es\/wp-content\/uploads\/2019\/07\/BANNER-AGROCONCIENCIA-1700X500-1-1170x344.jpg 1170w, https:\/\/enolife.com.ar\/es\/wp-content\/uploads\/2019\/07\/BANNER-AGROCONCIENCIA-1700X500-1-585x172.jpg 585w\" sizes=\"auto, (max-width: 1700px) 100vw, 1700px\" width=\"1700\" height=\"500\"   \/><\/a>\n\n\n<div style=\"height:20px\" aria-hidden=\"true\" class=\"wp-block-spacer\"><\/div>\n\n\n\n<p>Quien en primera instancia se opuso al incremento de las multas fue <strong>Jos\u00e9 \u00abCatuco\u00bb Molina<\/strong>, de la C\u00e1mara de Productores Vit\u00edcolas, quien sostuvo que \u00abno se puede ir contra los productores porque est\u00e1n fundidos\u00bb.<\/p>\n\n\n\n<p>Con este nuevo castigo se buscar\u00e1 poner fin a los focos de vi\u00f1ateros que desde hace unos a\u00f1os no vienen colaborando para erradicar o mantener bajos los niveles poblacionales de la plaga. <\/p>\n\n\n\n<p>En la reuni\u00f3n se reiter\u00f3 una grave denuncia sobre que hay productores a quienes se les entregan los productos, pero ellos no los aplican sino que los almacenan para luego venderlo. El foco de esta maniobra casi delictiva estar\u00eda en el departamento de Sarmiento, se dijo.<\/p>\n\n\n\n<p>Para ilustrar ese tipo de maniobras, <strong>Diego Molina<\/strong>, director de Sanidad Vegetal de la provincia, dijo que \u00abhay fincas donde se hacen todos los deberes y se observa un nivel de captura de uno o dos ejemplares, en cambio al lado, a 50 metros, hay otra finca y se encuentran 200 capturas\u00bb.<\/p>\n\n\n\n<div style=\"height:20px\" aria-hidden=\"true\" class=\"wp-block-spacer\"><\/div>\n\n\n\n<div class=\"wp-block-image\"><figure class=\"aligncenter size-large\"><img loading=\"lazy\" decoding=\"async\" width=\"672\" height=\"371\" src=\"https:\/\/enolife.com.ar\/es\/wp-content\/uploads\/2020\/08\/image-6.png\" alt=\"\" class=\"wp-image-17930\" srcset=\"https:\/\/enolife.com.ar\/es\/wp-content\/uploads\/2020\/08\/image-6.png 672w, https:\/\/enolife.com.ar\/es\/wp-content\/uploads\/2020\/08\/image-6-300x166.png 300w, https:\/\/enolife.com.ar\/es\/wp-content\/uploads\/2020\/08\/image-6-585x323.png 585w\" sizes=\"auto, (max-width: 672px) 100vw, 672px\" \/><figcaption><strong>Andr\u00e9s D\u00edaz Cano y Diego Molina durante la Mesa Mixta Fitosanitaria<\/strong>.<\/figcaption><\/figure><\/div>\n\n\n\n<div style=\"height:20px\" aria-hidden=\"true\" class=\"wp-block-spacer\"><\/div>\n\n\n\n<p>La lucha contra la lobesia botrana es encarada en todo el pa\u00eds por el Servicio Nacional de Sanidad y Calidad Agroalimentaria (Senasa), en conjunto con las provincias que aportan recursos, y la aplicaci\u00f3n de los productos es obligatoria para los productores de vid que se encuentren en \u00e1reas bajo cuarentena. Para la presente temporada, ante maniobras, infracciones o falta de aplicaciones se prev\u00e9n multas de hasta $100.000, dependiendo de la extensi\u00f3n del cultivo y del predio.<\/p>\n\n\n\n<div style=\"height:20px\" aria-hidden=\"true\" class=\"wp-block-spacer\"><\/div>\n\n\n\n<p class=\"has-background has-luminous-vivid-amber-background-color\"><strong>Mendoza tambi\u00e9n espera<\/strong><br><br><strong>En Mendoza, en el a\u00f1o 2019, la lucha contra la lobesia botrana demand\u00f3 una inversi\u00f3n cercana a los $600 millones. Seg\u00fan detall\u00f3 un funcionario del \u00e1rea econ\u00f3mica provincial, de ese total unos $400 millones los aport\u00f3 el gobierno nacional, $150 millones el gobierno provincial y $50 millones los propios productores, a trav\u00e9s de aportes consensuados e impuestos. Para este a\u00f1o, se espera utilizar una suma algo superior, actualizada, pero los fondos de la Naci\u00f3n, tambi\u00e9n comprometidos para Mendoza, a\u00fan no llegan.<\/strong><\/p>\n\n\n\n<div style=\"height:20px\" aria-hidden=\"true\" class=\"wp-block-spacer\"><\/div>\n\n\n\n<p>Se calcula que este a\u00f1o los costos de la lucha contra la plaga <strong>en San Juan demandar\u00e1n unos $300 millones.<\/strong> Seg\u00fan fuentes gubernamentales, la Provincia est\u00e1 dispuesta a afrontar los costos en conjunto con la Naci\u00f3n, cuyos env\u00edos se siguen esperando. \u00abNos han dicho que se est\u00e1n gestionando los fondos para San Juan y todo el pa\u00eds, y que le van a solicitar al ministro de Econom\u00eda nacional que autorice los fondos para el tratamiento de las plagas\u00bb, dijo un alto funcionario del gobierno sanjuanino. <\/p>\n\n\n\n<div style=\"height:46px\" aria-hidden=\"true\" class=\"wp-block-spacer\"><\/div>\n\n\n\n\n\n<div style=\"height:61px\" aria-hidden=\"true\" class=\"wp-block-spacer\"><\/div>\n\n\n\n<p class=\"has-medium-font-size\"><strong>Frente com\u00fan contra la lobesia y la mosca de los frutos<\/strong><\/p>\n\n\n\n<p>A ra\u00edz de la crisis por la pandemia y con el fin de ahorrar esfuerzos y fondos, este a\u00f1o hay un cambio de paradigma en la estrategia provincial para controlar <strong>la mosca de los frutos<\/strong> y la <strong>polilla de la vid<\/strong>. Ambos combates se unifican y quedan a cargo de la <strong>Direcci\u00f3n de Sanidad Vegetal, Animal y Alimentos<\/strong> de San Juan. <\/p>\n\n\n\n<p>Diego Molina dijo al respecto que se prev\u00e9 ahorrar hasta un 30% al eficientizar recursos de laboratorio, personal, carga de datos, personal t\u00e9cnico de campo, comunicaci\u00f3n y difusi\u00f3n y red de monitoreo. <\/p>\n\n\n\n<div style=\"height:20px\" aria-hidden=\"true\" class=\"wp-block-spacer\"><\/div>\n\n\n\n<blockquote class=\"wp-block-quote is-layout-flow wp-block-quote-is-layout-flow\"><p>Al unificar, el mismo monitoreador podr\u00e1 recorrer y levantar la trampa de moscas y la trampa de lobesia, por ejemplo, y ahorrar gastos de movilidad\u00bb. <\/p><cite>Diego Molina, director de Sanidad Vegetal de San Juan<\/cite><\/blockquote>\n\n\n\n<div style=\"height:20px\" aria-hidden=\"true\" class=\"wp-block-spacer\"><\/div>\n\n\n\n<p>Otro cambio es que el <strong>Programa de Control y Erradicaci\u00f3n de Mosca de los Frutos (Procem) <\/strong>ya no ser\u00e1 encarado en forma general en los valles como hasta ahora, sino que ser\u00e1 por predio, y los productores interesados en participar del programa deber\u00e1n inscribirse. <\/p>\n\n\n\n<p>\u00abLas autoridades van a trabajar solamente con el que quiera participar del programa para tener frutales de calidad diferencial para exportaci\u00f3n, porque los recursos son finitos y se termina aplicando en zonas muy amplias\u00bb, explic\u00f3 Molina.<\/p>\n\n\n\n<div style=\"height:20px\" aria-hidden=\"true\" class=\"wp-block-spacer\"><\/div>\n\n\n\n\n\n<div style=\"height:57px\" aria-hidden=\"true\" class=\"wp-block-spacer\"><\/div>\n\n\n\n<p class=\"has-medium-font-size\"><strong>Las plagas principales en San Juan y Argentina<\/strong><\/p>\n\n\n\n<div style=\"height:20px\" aria-hidden=\"true\" class=\"wp-block-spacer\"><\/div>\n\n\n\n<p><strong>Lobesia botrana<\/strong><\/p>\n\n\n\n<p>La lobesia botrana es una polilla cuyo alimento principal es la vid, motivo por el cual se la conoce com\u00fanmente como \u00abla polilla de la vid\u00bb. En nuestro pa\u00eds es considerada, tanto desde el punto de vista t\u00e9cnico como legal, una plaga cuarentenaria, ya que no se la encontraba en territorio nacional hasta su detecci\u00f3n, y genera un fuerte impacto en la econom\u00eda regional cuyana. San Juan destin\u00f3 $180 millones el a\u00f1o pasado para su lucha y este a\u00f1o se calcula necesitar $300 millones.<\/p>\n\n\n\n<div style=\"height:20px\" aria-hidden=\"true\" class=\"wp-block-spacer\"><\/div>\n\n\n\n<p><strong>Mosca de los frutos<\/strong><\/p>\n\n\n\n<p>La mosca de los frutos es una de las plagas de mayor importancia econ\u00f3mica para la producci\u00f3n frutihort\u00edcola, debido a los da\u00f1os que produce en la fruta y a las mermas asociadas. En San Juan, la erradicaci\u00f3n de esta plaga se encara con lo que se recauda en las barreras fitosanitarias y presupuesto provincial. Son unos $14 millones mensuales que se transfieren a la C\u00e1mara de Comercio Exterior que es el organismo que maneja el programa.<\/p>\n\n\n\n<div style=\"height:20px\" aria-hidden=\"true\" class=\"wp-block-spacer\"><\/div>\n\n\n\n<p><strong>Las plagas en San Juan<\/strong> <strong>y Mendoza<\/strong><\/p>\n\n\n\n<p>Respecto a la mosca de los frutos, el valle de Calingasta est\u00e1 encuadrado como \u00e1rea de baja prevalencia, lo mismo que Mendoza; en tanto que los valles de Tulum, Ullum y Zonda est\u00e1n un poco peor, como \u00e1reas bajo control. S\u00f3lo los valles de regi\u00f3n Patag\u00f3nica y los oasis Centro y Sur de Mendoza est\u00e1n como \u00e1rea libres de mosca de los frutos. <\/p>\n\n\n\n<p>En cambio, respecto a la lobesia botrana, Mendoza tiene mayor superficie y da\u00f1os que San Juan. Por eso Mendoza puso una barrera fitosanitaria contra la mosca y San Juan hizo lo mismo, pero contra la lobesia, en los l\u00edmites interprovinciales.<\/p>\n\n\n\n<p>\u00abEn lobesia, estamos bien seguimos teniendo niveles de captura bajos y s\u00f3lo el a\u00f1o pasado hemos empezado a detectar algunos da\u00f1os\u00bb, dijo el director de Sanidad Vegetal de San Juan.<\/p>\n\n\n\n<div style=\"height:20px\" aria-hidden=\"true\" class=\"wp-block-spacer\"><\/div>\n\n\n\n<p class=\"has-small-font-size\"><em><strong>Fuente: Diario Cuyo de San Juan<\/strong><\/em><\/p>\n\n\n\n<p><br><br><br><\/p>\n","protected":false},"excerpt":{"rendered":"<p>El gobierno de San Juan se mostr\u00f3 decidido a castigar a vi\u00f1ateros que no cumplan&hellip;<\/p>\n","protected":false},"author":3,"featured_media":17932,"comment_status":"open","ping_status":"open","sticky":false,"template":"","format":"standard","meta":{"footnotes":""},"categories":[14],"tags":[],"class_list":["post-17912","post","type-post","status-publish","format-standard","has-post-thumbnail","hentry","category-news"],"_links":{"self":[{"href":"https:\/\/enolife.com.ar\/es\/wp-json\/wp\/v2\/posts\/17912","targetHints":{"allow":["GET"]}}],"collection":[{"href":"https:\/\/enolife.com.ar\/es\/wp-json\/wp\/v2\/posts"}],"about":[{"href":"https:\/\/enolife.com.ar\/es\/wp-json\/wp\/v2\/types\/post"}],"author":[{"embeddable":true,"href":"https:\/\/enolife.com.ar\/es\/wp-json\/wp\/v2\/users\/3"}],"replies":[{"embeddable":true,"href":"https:\/\/enolife.com.ar\/es\/wp-json\/wp\/v2\/comments?post=17912"}],"version-history":[{"count":0,"href":"https:\/\/enolife.com.ar\/es\/wp-json\/wp\/v2\/posts\/17912\/revisions"}],"wp:featuredmedia":[{"embeddable":true,"href":"https:\/\/enolife.com.ar\/es\/wp-json\/wp\/v2\/media\/17932"}],"wp:attachment":[{"href":"https:\/\/enolife.com.ar\/es\/wp-json\/wp\/v2\/media?parent=17912"}],"wp:term":[{"taxonomy":"category","embeddable":true,"href":"https:\/\/enolife.com.ar\/es\/wp-json\/wp\/v2\/categories?post=17912"},{"taxonomy":"post_tag","embeddable":true,"href":"https:\/\/enolife.com.ar\/es\/wp-json\/wp\/v2\/tags?post=17912"}],"curies":[{"name":"wp","href":"https:\/\/api.w.org\/{rel}","templated":true}]}}