{"id":17879,"date":"2020-08-10T03:13:42","date_gmt":"2020-08-10T03:13:42","guid":{"rendered":"http:\/\/enolife.com.ar\/es\/?p=17879"},"modified":"2020-08-11T13:29:22","modified_gmt":"2020-08-11T13:29:22","slug":"acovi-y-el-epre-acordaron-que-los-productores-paguen-menos-luz-en-meses-que-tienen-mas-costos","status":"publish","type":"post","link":"https:\/\/enolife.com.ar\/es\/acovi-y-el-epre-acordaron-que-los-productores-paguen-menos-luz-en-meses-que-tienen-mas-costos\/","title":{"rendered":"Acovi y el EPRE acordaron que los productores paguen menos luz en meses que tienen m\u00e1s costos"},"content":{"rendered":"\n<h4 class=\"wp-block-heading\"><em><strong>En este inicio de temporada de riego en las vi\u00f1as, la Asociaci\u00f3n de Cooperativas Vitivin\u00edcolas Argentinas (Acovi) dise\u00f1\u00f3 junto al Ente Provincial de Regulaci\u00f3n El\u00e9ctrica (EPRE) un mecanismo de \u00abestabilizaci\u00f3n de la factura agr\u00edcola\u00bb, para aliviar el impacto del fuerte gasto de la energ\u00eda el\u00e9ctrica en el presupuesto de los productores que riegan con agua subterr\u00e1nea.<\/strong><\/em><\/h4>\n\n\n\n<div style=\"height:20px\" aria-hidden=\"true\" class=\"wp-block-spacer\"><\/div>\n\n\n\n<p>Con motivo del inicio de la temporada de riego, la Asociaci\u00f3n de Cooperativas Vitivin\u00edcolas Argentinas (Acovi) record\u00f3 a aquellos productores que utilizan aguas subterr\u00e1neas para el riego, que est\u00e1 vigente el mecanismo de estabilizaci\u00f3n de la factura de riego agr\u00edcola, una herramienta elaborada en conjunto con el EPRE que busca aliviar el impacto de la factura de energ\u00eda el\u00e9ctrica en el bolsillo del productor vitivin\u00edcola.<\/p>\n\n\n\n<p>Este mecanismo permite el traslado de parte de los costos desde meses en los que se combinan elevados costos de producci\u00f3n y de facturaci\u00f3n el\u00e9ctrica, hacia meses en los cuales el productor enfrenta costos de producci\u00f3n menores, evitando as\u00ed que el vi\u00f1atero deba hacer frente a importantes erogaciones de recursos que pueden afectar sus decisiones a la hora del riego, impactando a su vez en la producci\u00f3n.<\/p>\n\n\n\n<div style=\"height:20px\" aria-hidden=\"true\" class=\"wp-block-spacer\"><\/div>\n\n\n<a href=\"https:\/\/www.instagram.com\/vinventions.sudamerica\/\" aria-label=\"Banner_Subr_1700x500\"><img loading=\"lazy\" decoding=\"async\" src=\"https:\/\/enolife.com.ar\/es\/wp-content\/uploads\/2019\/07\/Banner_Subr_1700x500.gif\" alt=\"\"  width=\"1700\" height=\"501\"   \/><\/a>\n\n\n<div style=\"height:41px\" aria-hidden=\"true\" class=\"wp-block-spacer\"><\/div>\n\n\n\n<p>Al respecto, el subgerente de Acovi, Nicol\u00e1s Vicchi, explic\u00f3: \u201cEs una herramienta para que el productor pueda pagar una la tarifa menor en los momentos que m\u00e1s costos de producci\u00f3n tiene. De esta manera, en la \u00e9poca de cosecha que tiene que prender el pozo y tiene que afrontar m\u00e1s gastos, puede lograr una reducci\u00f3n en la factura el\u00e9ctrica. En contraparte, en la \u00e9poca de invierno donde hay menos actividad, si bien llegar\u00eda una factura con m\u00e1s monto que lo normal, el productor habr\u00e1 llevado adelante la cosecha, evitando &#8216;ahorrar en agua&#8217; por los elevados costos. Es una herramienta interesante que hemos hecho con mucho trabajo desde el Observatorio junto con el EPRE y ya sali\u00f3 la resoluci\u00f3n que lo habilita. Es la \u00e9poca ideal para que el productor se pueda incorporar a este sistema. Tambi\u00e9n hicimos un simulador para que pueda ser utilizado por los interesados y ver si le conviene o no adherirse\u201d.<\/p>\n\n\n\n<div style=\"height:20px\" aria-hidden=\"true\" class=\"wp-block-spacer\"><\/div>\n\n\n\n<blockquote class=\"wp-block-quote is-layout-flow wp-block-quote-is-layout-flow\"><p>De esta manera, en la \u00e9poca de cosecha, cuando tiene que prender el pozo y afrontar m\u00e1s gastos, puede lograr una reducci\u00f3n en la factura el\u00e9ctrica\u00bb<\/p><cite>Nicol\u00e1s Vicchi, subgerente de Acovi<\/cite><\/blockquote>\n\n\n\n<div style=\"height:20px\" aria-hidden=\"true\" class=\"wp-block-spacer\"><\/div>\n\n\n\n<p>El esquema de \u201cestabilizaci\u00f3n\u201d que aplicar\u00e1n las distribuidoras consiste en calcular el importe a la tarifa de referencia que efectivamente pagar\u00e1 el productor, a partir del consumo promedio m\u00f3vil de energ\u00edas no excedidas de los \u00faltimos 6 meses, incluido el mes de facturaci\u00f3n en curso. A modo de ejemplo, el consumo de enero ser\u00eda determinado por el promedio entre el consumo de ese mes y de 5 meses hacia atr\u00e1s. Este c\u00e1lculo se ir\u00eda modificando mes a mes al irse agregando el nuevo mes y quitando uno del final.<\/p>\n\n\n\n<div style=\"height:20px\" aria-hidden=\"true\" class=\"wp-block-spacer\"><\/div>\n\n\n\n\n\n<div style=\"height:48px\" aria-hidden=\"true\" class=\"wp-block-spacer\"><\/div>\n\n\n\n<p>Adem\u00e1s, dicho esquema contempla un ajuste anual en el mes de agosto en concepto de diferencias que pudieran surgir entre la facturaci\u00f3n considerando la estabilizaci\u00f3n semestral y la facturaci\u00f3n sin estabilizaci\u00f3n, lo cual puede resultar en un pago por parte del productor o un saldo a favor.<\/p>\n\n\n\n<div style=\"height:20px\" aria-hidden=\"true\" class=\"wp-block-spacer\"><\/div>\n\n\n\n<p class=\"has-background has-luminous-vivid-amber-background-color\"><strong>Al aplicar este esquema de estabilizaci\u00f3n semestral, la curva de consumo el\u00e9ctrico se \u201csuaviza\u201d, disminuyendo el nivel de consumo en los meses de uso intensivo del pozo e increment\u00e1ndolo en los dem\u00e1s meses.<\/strong><\/p>\n\n\n\n<div style=\"height:20px\" aria-hidden=\"true\" class=\"wp-block-spacer\"><\/div>\n\n\n\n<p>Para mayor informaci\u00f3n sobre la herramienta y el proceso de adhesi\u00f3n, se recomienda a los productores comunicarse con su distribuidora de energ\u00eda el\u00e9ctrica.<\/p>\n\n\n\n<div style=\"height:20px\" aria-hidden=\"true\" class=\"wp-block-spacer\"><\/div>\n\n\n\n<p class=\"has-small-font-size\"><em><strong>Fuente: Acovi<\/strong><\/em><\/p>\n\n\n\n<div style=\"height:20px\" aria-hidden=\"true\" class=\"wp-block-spacer\"><\/div>\n","protected":false},"excerpt":{"rendered":"<p>En este inicio de temporada de riego en las vi\u00f1as, la Asociaci\u00f3n de Cooperativas Vitivin\u00edcolas&hellip;<\/p>\n","protected":false},"author":3,"featured_media":17907,"comment_status":"open","ping_status":"open","sticky":false,"template":"","format":"standard","meta":{"footnotes":""},"categories":[14],"tags":[],"class_list":["post-17879","post","type-post","status-publish","format-standard","has-post-thumbnail","hentry","category-news"],"_links":{"self":[{"href":"https:\/\/enolife.com.ar\/es\/wp-json\/wp\/v2\/posts\/17879","targetHints":{"allow":["GET"]}}],"collection":[{"href":"https:\/\/enolife.com.ar\/es\/wp-json\/wp\/v2\/posts"}],"about":[{"href":"https:\/\/enolife.com.ar\/es\/wp-json\/wp\/v2\/types\/post"}],"author":[{"embeddable":true,"href":"https:\/\/enolife.com.ar\/es\/wp-json\/wp\/v2\/users\/3"}],"replies":[{"embeddable":true,"href":"https:\/\/enolife.com.ar\/es\/wp-json\/wp\/v2\/comments?post=17879"}],"version-history":[{"count":0,"href":"https:\/\/enolife.com.ar\/es\/wp-json\/wp\/v2\/posts\/17879\/revisions"}],"wp:featuredmedia":[{"embeddable":true,"href":"https:\/\/enolife.com.ar\/es\/wp-json\/wp\/v2\/media\/17907"}],"wp:attachment":[{"href":"https:\/\/enolife.com.ar\/es\/wp-json\/wp\/v2\/media?parent=17879"}],"wp:term":[{"taxonomy":"category","embeddable":true,"href":"https:\/\/enolife.com.ar\/es\/wp-json\/wp\/v2\/categories?post=17879"},{"taxonomy":"post_tag","embeddable":true,"href":"https:\/\/enolife.com.ar\/es\/wp-json\/wp\/v2\/tags?post=17879"}],"curies":[{"name":"wp","href":"https:\/\/api.w.org\/{rel}","templated":true}]}}