{"id":17825,"date":"2020-08-12T04:15:47","date_gmt":"2020-08-12T04:15:47","guid":{"rendered":"http:\/\/enolife.com.ar\/es\/?p=17825"},"modified":"2020-08-13T16:06:52","modified_gmt":"2020-08-13T16:06:52","slug":"nuevo-aporte-para-reactivar-el-enoturismo-interno-y-mostrar-la-riqueza-la-cultural-de-mendoza","status":"publish","type":"post","link":"https:\/\/enolife.com.ar\/es\/nuevo-aporte-para-reactivar-el-enoturismo-interno-y-mostrar-la-riqueza-la-cultural-de-mendoza\/","title":{"rendered":"Nuevo aporte para reactivar el enoturismo interno y mostrar la riqueza cultural de Mendoza"},"content":{"rendered":"\n<h4 class=\"wp-block-heading\"><em><strong>El jueves 20\/8 a las 19 hs. se realizar\u00e1 el primer encuentro virtual de la propuesta integradora \u201cMendozActiva Enoturismo\u201d, organizada por las coach y emprendedoras mendocinas M\u00f3nica Delsouc y Alejandra L\u00f3pez y por el periodista y productor porte\u00f1o Alejandro Korol. El ciclo consta de 4 encuentros, en los que conocidos referentes de la industria vitivin\u00edcola y la cultura, como Gabriel Fidel, Felipe Pigna y Alejandro Vigil ofrecer\u00e1n su visi\u00f3n sobre el enoturismo en pandemia y pospandemia. Tras esta serie de charlas virtuales se prev\u00e9 realizar, con el mismo fin, acciones solidarias y cursos de capacitaci\u00f3n. Enolife impulsa y participa de esta iniciativa<\/strong><\/em><\/h4>\n\n\n\n<div style=\"height:20px\" aria-hidden=\"true\" class=\"wp-block-spacer\"><\/div>\n\n\n\n<p>En el marco de la realidad mundial en pandemia, una propuesta innovadora de comunicaci\u00f3n multimedia busca reposicionar a Mendoza al alica\u00eddo sector tur\u00edstico. Por ahora, l\u00f3gicamente, \u00abMendozActiva Enoturismo\u00bb tiene formato online en plataformas virtuales, pero para cuando concluya la cuarentena sumar\u00e1 encuentros presenciales y cursos personalizados. La idea es acercar las distintas \u00e1reas del enoturismo a los mendocinos, para que todos podamos disfrutar de las riquezas culturales, tur\u00edsticas e hist\u00f3ricas de Mendoza.<\/p>\n\n\n\n<div style=\"height:20px\" aria-hidden=\"true\" class=\"wp-block-spacer\"><\/div>\n\n\n\n<figure class=\"wp-block-video aligncenter\"><video controls src=\"https:\/\/enolife.com.ar\/es\/wp-content\/uploads\/2020\/08\/WhatsApp-Video-2020-08-07-at-22.29.31mendoza-activa.mp4\"><\/video><\/figure>\n\n\n\n<div style=\"height:20px\" aria-hidden=\"true\" class=\"wp-block-spacer\"><\/div>\n\n\n\n<p>En la primer charla, de participaci\u00f3n libre y gratuita, Mendoza Activa Enoturismo contar\u00e1 con conocidos referentes del sector como el docente, parlamentario del Mercosur y consultor en enoturismo Gabriel Fidel; el en\u00f3logo y bodeguero y empresario gastron\u00f3mico Alejandro Vigil y representantes de los ministerios de Turismo, Salud y Seguridad de Mendoza. as\u00ed como de las municipalidades de Malarg\u00fce y General Alvear y de organizaciones como la Corporaci\u00f3n Vitivin\u00edcola Argentina (Coviar) y la Asociaci\u00f3n de Mujeres del Vino de Argentina (Amuva).<\/p>\n\n\n\n<div style=\"height:20px\" aria-hidden=\"true\" class=\"wp-block-spacer\"><\/div>\n\n\n\n<p class=\"has-background has-luminous-vivid-amber-background-color\"><strong>Inscripciones para el evento: <a href=\"mailto:inscripcionmae@gmail.com\">inscripcionmae@gmail.com<\/a><br>Libre y gratuito, pero con cupos limitados.<br>Para m\u00e1s informaci\u00f3n y consultas:  <a href=\"mailto:mactivaenoturismo@gmail.com\">mactivaenoturismo@gmail.com<\/a><\/strong><\/p>\n\n\n\n<div style=\"height:20px\" aria-hidden=\"true\" class=\"wp-block-spacer\"><\/div>\n\n\n\n<p>Una de los organizadores del encuentro, la abogada, coach, monta\u00f1ista y l\u00edder de la Consultora LEAD Cono Sur, detall\u00f3 su proyecto: \u00ab<em>Consideramos que parte de la poblaci\u00f3n conoce poco de las potencialidades de Mendoza, entre ellas la historia del vino, la gastronom\u00eda de distintos lugares, tanto bodegas como restaurantes, mujeres del mundo vitivin\u00edcola, el arte y la cultura de la provincia. Adem\u00e1s, brindaremos charlas de desarrollo personal sobre bienestar, liderazgo, reinvenci\u00f3n y redise\u00f1o hacia la &#8216;nueva normalidad&#8217;. Queremos aportar para amoldarnos \u00e1gilmente a una realidad que cambia d\u00eda a d\u00eda y que requiere del desarrollo de herramientas de adaptaci\u00f3n. Apuntamos a una proyecci\u00f3n de la reactivaci\u00f3n del turismo interno, con el lema Mendoza para mendocinos, siempre respetando los protocolos establecidos, para luego desarrollar acciones que sigan fortaleciendo el enoturismo para el resto del pa\u00eds y en un futuro, para los extranjeros<\/em>\u00ab.<\/p>\n\n\n\n<div style=\"height:29px\" aria-hidden=\"true\" class=\"wp-block-spacer\"><\/div>\n\n\n\n\n\n<div style=\"height:35px\" aria-hidden=\"true\" class=\"wp-block-spacer\"><\/div>\n\n\n\n<p>Seg\u00fan comentaron los organizadores, las diferentes actividades a realizarse tienen como objetivo primordial \u00ab<em>establecer un nexo y ser la voz entre las organizaciones participantes (bodegas, restaurantes, artistas, historiadores, sector p\u00fablico y\/o privado) de todo aquello que quieran comunicar, promover y ofrecer al p\u00fablico mendocino en general, acercando el enoturismo mendocino a la mayor cantidad de personas que, dentro del contexto de distanciamiento que estamos transitando, puedan mantenerse conectados de una manera productiva y efectiva conociendo las ofertas de su provincia<\/em>\u00ab.<\/p>\n\n\n\n<p>El proyecto consta de dos etapas. La primera, focalizada en encuentros virtuales por el contexto de aislamiento social. Y la segunda, presencial, con dos eventos \u00abMendozActiva Enoturismo\u00bb al a\u00f1o.<\/p>\n\n\n\n<p>Finalmente, Delsouc coment\u00f3: \u00ab<em>Cada miembro de este equipo percibe la necesidad de seguir conectando a Mendoza con su gente, hoy desde otro lugar, virtual, pero cerca. Queremos aportar, cada uno desde su lugar, rol y profesi\u00f3n, nuestro expertise para conducir las distintas charlas<\/em>\u00ab.<\/p>\n\n\n\n<div style=\"height:20px\" aria-hidden=\"true\" class=\"wp-block-spacer\"><\/div>\n\n\n\n<p class=\"has-text-align-left has-medium-font-size\"><strong>Temario de los 4 encuentros<\/strong><\/p>\n\n\n\n<div style=\"height:20px\" aria-hidden=\"true\" class=\"wp-block-spacer\"><\/div>\n\n\n\n<ul class=\"wp-block-list\"><li><strong>Primer encuentro: \u00abMendoza para mendocinos\u00bb<\/strong>. Presentaci\u00f3n formal del proyecto. Disertaci\u00f3n de referentes del Ministerio de Salud sobre \u00abNuevos protocolos para el turismo y el sector vitivin\u00edcola\u00bb. Charla sobre promoci\u00f3n de bodegas y restaurantes.<\/li><li><strong>Segundo encuentro: \u00abMujeres del vino\u00bb<\/strong>, con oradoras referentes de la industria.<\/li><li><strong>Tercer encuentro: \u00abHistoria del vino mendocino\u00bb<\/strong>, con el historiador Felipe Pigna como invitado especial.<\/li><li><strong>Cuarto encuentro: \u00abArte y cultura\u00bb<\/strong>, presentado por m\u00fasicos, pintores y artistas de diferentes disciplinas, todos ellos mendocinos.<\/li><\/ul>\n\n\n\n<div style=\"height:20px\" aria-hidden=\"true\" class=\"wp-block-spacer\"><\/div>\n\n\n\n<p class=\"has-medium-font-size\"><strong>El equipo de MendozActiva Enoturismo<\/strong><\/p>\n\n\n\n<div style=\"height:20px\" aria-hidden=\"true\" class=\"wp-block-spacer\"><\/div>\n\n\n\n<figure class=\"wp-block-image size-large is-resized\"><img loading=\"lazy\" decoding=\"async\" src=\"https:\/\/enolife.com.ar\/es\/wp-content\/uploads\/2020\/08\/WhatsApp-Image-2020-08-07-at-22.29.41.jpeg\" alt=\"\" class=\"wp-image-17856\" width=\"683\" height=\"164\" srcset=\"https:\/\/enolife.com.ar\/es\/wp-content\/uploads\/2020\/08\/WhatsApp-Image-2020-08-07-at-22.29.41.jpeg 781w, https:\/\/enolife.com.ar\/es\/wp-content\/uploads\/2020\/08\/WhatsApp-Image-2020-08-07-at-22.29.41-300x72.jpeg 300w, https:\/\/enolife.com.ar\/es\/wp-content\/uploads\/2020\/08\/WhatsApp-Image-2020-08-07-at-22.29.41-768x185.jpeg 768w, https:\/\/enolife.com.ar\/es\/wp-content\/uploads\/2020\/08\/WhatsApp-Image-2020-08-07-at-22.29.41-585x141.jpeg 585w\" sizes=\"auto, (max-width: 683px) 100vw, 683px\" \/><\/figure>\n\n\n\n<p class=\"has-background has-very-light-gray-background-color\"><strong>Alejandra L\u00f3pez:<\/strong> Gerenta de Bienestar Organizacional. Master coach profesional.<br><br><strong>M\u00f3nica Delsuc:<\/strong>  Coach, abogada y monta\u00f1ista. Directora general de LEAD Cono Sur.<br><br><strong>Alejandro Korol:<\/strong>  Productor general de Medios y Comunicaci\u00f3n. Director de Contenidos y M\u00e1rketing.<\/p>\n\n\n\n<div style=\"height:35px\" aria-hidden=\"true\" class=\"wp-block-spacer\"><\/div>\n","protected":false},"excerpt":{"rendered":"<p>El jueves 20\/8 a las 19 hs. se realizar\u00e1 el primer encuentro virtual de la&hellip;<\/p>\n","protected":false},"author":3,"featured_media":17847,"comment_status":"open","ping_status":"open","sticky":false,"template":"","format":"standard","meta":{"footnotes":""},"categories":[47],"tags":[],"class_list":["post-17825","post","type-post","status-publish","format-standard","has-post-thumbnail","hentry","category-agenda"],"_links":{"self":[{"href":"https:\/\/enolife.com.ar\/es\/wp-json\/wp\/v2\/posts\/17825","targetHints":{"allow":["GET"]}}],"collection":[{"href":"https:\/\/enolife.com.ar\/es\/wp-json\/wp\/v2\/posts"}],"about":[{"href":"https:\/\/enolife.com.ar\/es\/wp-json\/wp\/v2\/types\/post"}],"author":[{"embeddable":true,"href":"https:\/\/enolife.com.ar\/es\/wp-json\/wp\/v2\/users\/3"}],"replies":[{"embeddable":true,"href":"https:\/\/enolife.com.ar\/es\/wp-json\/wp\/v2\/comments?post=17825"}],"version-history":[{"count":0,"href":"https:\/\/enolife.com.ar\/es\/wp-json\/wp\/v2\/posts\/17825\/revisions"}],"wp:featuredmedia":[{"embeddable":true,"href":"https:\/\/enolife.com.ar\/es\/wp-json\/wp\/v2\/media\/17847"}],"wp:attachment":[{"href":"https:\/\/enolife.com.ar\/es\/wp-json\/wp\/v2\/media?parent=17825"}],"wp:term":[{"taxonomy":"category","embeddable":true,"href":"https:\/\/enolife.com.ar\/es\/wp-json\/wp\/v2\/categories?post=17825"},{"taxonomy":"post_tag","embeddable":true,"href":"https:\/\/enolife.com.ar\/es\/wp-json\/wp\/v2\/tags?post=17825"}],"curies":[{"name":"wp","href":"https:\/\/api.w.org\/{rel}","templated":true}]}}