{"id":17808,"date":"2020-08-08T14:58:46","date_gmt":"2020-08-08T14:58:46","guid":{"rendered":"http:\/\/enolife.com.ar\/es\/?p=17808"},"modified":"2020-08-11T00:56:55","modified_gmt":"2020-08-11T00:56:55","slug":"kulfas-se-propone-aumentar-las-exportaciones-de-vinos","status":"publish","type":"post","link":"https:\/\/enolife.com.ar\/es\/kulfas-se-propone-aumentar-las-exportaciones-de-vinos\/","title":{"rendered":"El gobierno nacional promete aumentar las exportaciones de vino a China y m\u00e1s cr\u00e9dito a pymes"},"content":{"rendered":"\n<h4 class=\"wp-block-heading\"><em><strong>En una reuni\u00f3n el viernes 7\/8 entre el ministro de Desarrollo Productivo de la Naci\u00f3n, Mat\u00edas Kulfas, y los ministros de Econom\u00eda de Mendoza, San Juan y San Luis, el funcionario nacional anunci\u00f3 un plan para incrementar las ventas de vinos argentinos al exterior, en especial al gigante chino, que en los \u00faltimos meses se ha convertido en nuestro principal comprador de vino a granel. Tambi\u00e9n se comprometi\u00f3 Kulfas a asistir con fondos al paralizado sector tur\u00edstico y a facilitar m\u00e1s r\u00e9ditos blandos para peque\u00f1as y medianas empresas.<\/strong><\/em><\/h4>\n\n\n\n<div style=\"height:20px\" aria-hidden=\"true\" class=\"wp-block-spacer\"><\/div>\n\n\n\n<p>El encuentro cont\u00f3 con la participaci\u00f3n de los titulares de las carteras econ\u00f3micas de las provincias de Mendoza, <strong>Enrique Vaqui\u00e9<\/strong>; San Luis,&nbsp;<strong>Juan Labandeira<\/strong>, y San Juan, <strong>Andr\u00e9s D\u00edaz Can<\/strong>o. Por el lado de la cartera nacional&nbsp;estuvieron&nbsp;el ministro <strong>Mat\u00edas Kulfas<\/strong>; <strong>Guillermo Merediz<\/strong>, titular de la Sepyme y&nbsp;<strong>Ariel Schale<\/strong>, secretario de Industria, Econom\u00eda del Conocimiento y Gesti\u00f3n Comercial Externa.<\/p>\n\n\n\n<div style=\"height:20px\" aria-hidden=\"true\" class=\"wp-block-spacer\"><\/div>\n\n\n\n<div class=\"wp-block-image\"><figure class=\"aligncenter size-large\"><img loading=\"lazy\" decoding=\"async\" width=\"654\" height=\"381\" src=\"https:\/\/enolife.com.ar\/es\/wp-content\/uploads\/2020\/08\/pantallas.jpg\" alt=\"\" class=\"wp-image-17868\" srcset=\"https:\/\/enolife.com.ar\/es\/wp-content\/uploads\/2020\/08\/pantallas.jpg 654w, https:\/\/enolife.com.ar\/es\/wp-content\/uploads\/2020\/08\/pantallas-300x175.jpg 300w, https:\/\/enolife.com.ar\/es\/wp-content\/uploads\/2020\/08\/pantallas-585x341.jpg 585w\" sizes=\"auto, (max-width: 654px) 100vw, 654px\" \/><\/figure><\/div>\n\n\n\n<div style=\"height:20px\" aria-hidden=\"true\" class=\"wp-block-spacer\"><\/div>\n\n\n\n<p>\u00abQueremos que todo el aparato productivo se ponga de pie. Traigan los proyectos y los financiamos de manera conjunta. Va a haber financiamiento muy barato para las pymes con tasas incluso por debajo del 12%, que es la mejor tasa que tenemos hoy para ofrecer\u00bb, anunci\u00f3 Mat\u00edas Kulfas a sus pares provinciales.<\/p>\n\n\n\n<p>En ese sentido, el ministro nacional indic\u00f3 que lanzar\u00e1 un plan para aumentar las exportaciones de vinos, luego de haber conversado con representantes de las C\u00e1maras del sector. Al respecto, asegur\u00f3 que se tratar\u00e1n de \u00abresolver las dificultades\u00bb y se \u00abelaborar\u00e1n estrategias de promoci\u00f3n internacional en conjunto con la Canciller\u00eda y el Ministerio de Agricultura\u00bb.<\/p>\n\n\n\n<div style=\"height:20px\" aria-hidden=\"true\" class=\"wp-block-spacer\"><\/div>\n\n\n\n<blockquote class=\"wp-block-quote is-layout-flow wp-block-quote-is-layout-flow\"><p>Traigan los proyectos y los financiamos de manera conjunta. Va a haber financiamiento muy barato para las pymes, con tasas incluso por debajo del 12%\u00bb.<\/p><cite>Mat\u00edas Kulfas, ministro de Desarrollo Productivo de Argentina<\/cite><\/blockquote>\n\n\n\n<div style=\"height:20px\" aria-hidden=\"true\" class=\"wp-block-spacer\"><\/div>\n\n\n\n<p>\u00abCreo que hay oportunidades que no se han sabido aprovechar en el mercado internacional, sobre todo en China. Por eso estamos enviando dos representantes a China para aumentar exportaciones y traer inversiones. Est\u00e1n a disposici\u00f3n de ustedes. Traigannos propuestas para financiar\u00bb, insisti\u00f3 Kulfas.<\/p>\n\n\n\n<p>Por su parte, Guillermo Merediz coment\u00f3: \u00abSon varios puntos a tratar en el marco de este encuentro, pero en l\u00edneas generales queremos que tenga una impronta muy importante, que cada provincia cuente con un acceso al Fondo de Garant\u00edas Argentino (Fogar), garantizando el trabajo y el financiamiento que permita mantener en pie el aparato productivo\u00bb.<\/p>\n\n\n\n<div style=\"height:20px\" aria-hidden=\"true\" class=\"wp-block-spacer\"><\/div>\n\n\n\n<figure class=\"wp-block-embed-twitter alignright wp-block-embed is-type-rich is-provider-twitter\"><div class=\"wp-block-embed__wrapper\">\n<blockquote class=\"twitter-tweet\" data-width=\"550\" data-dnt=\"true\"><p lang=\"es\" dir=\"ltr\">En el Foro Regional de Cuyo, propusimos avanzar en un plan que permita aumentar las exportaciones de vinos y potenciar al sector. <br><br>Queremos que todo el aparato productivo se ponga de pie. <a href=\"https:\/\/t.co\/W5CZjs8IBZ\">pic.twitter.com\/W5CZjs8IBZ<\/a><\/p>&mdash; Mat\u00edas Kulfas (@KulfasM) <a href=\"https:\/\/twitter.com\/KulfasM\/status\/1291775040552407041?ref_src=twsrc%5Etfw\">August 7, 2020<\/a><\/blockquote><script async src=\"https:\/\/platform.twitter.com\/widgets.js\" charset=\"utf-8\"><\/script>\n<\/div><\/figure>\n\n\n\n\n\n<div style=\"height:20px\" aria-hidden=\"true\" class=\"wp-block-spacer\"><\/div>\n\n\n\n<p>A su turno, el titular de la cartera econ\u00f3mica de la provincia de Mendoza, Enrique Vaqui\u00e9, coment\u00f3 sobre a la econom\u00eda de Mendoza en relaci\u00f3n con Chile: \u00abEl libre comercio que tiene el pa\u00eds trasandino es un tema a trabajar debido a que Mendoza y la regi\u00f3n no pueden competir en las mismas condiciones. Es de suma importancia tratar el tema tributario pyme y los costos log\u00edsticos\u00bb.<\/p>\n\n\n\n<div style=\"height:20px\" aria-hidden=\"true\" class=\"wp-block-spacer\"><\/div>\n\n\n\n<blockquote class=\"wp-block-quote is-layout-flow wp-block-quote-is-layout-flow\"><p>El libre comercio que tiene Chile es un tema a considerar, ya que Mendoza y la regi\u00f3n no pueden competir en las mismas condiciones. Es de suma importancia tratar el tema tributario pyme y los costos log\u00edsticos\u00bb.<\/p><cite>Enrique Vaqui\u00e9, ministro de Econom\u00eda y Energ\u00eda de Mendoza<\/cite><\/blockquote>\n\n\n\n<div style=\"height:20px\" aria-hidden=\"true\" class=\"wp-block-spacer\"><\/div>\n\n\n\n<p>En este sentido, Vaqui\u00e9 puso como ejemplo el polo log\u00edstico ubicado en la ciudad de Palmira, en el Este mendocino. \u00abEs necesario ver c\u00f3mo se sigue trabajando en este tema, una vez que la situaci\u00f3n se normalice, pospandemia\u00bb, remarc\u00f3.<\/p>\n\n\n\n<p>Por \u00faltimo, Vaqui\u00e9 coment\u00f3 sobre las necesidades de mayor financiamiento para la econom\u00eda mendocina, sobre los costos laborales y el blanqueo del empleo temporal en la provincia.<\/p>\n\n\n\n<div style=\"height:20px\" aria-hidden=\"true\" class=\"wp-block-spacer\"><\/div>\n\n\n\n<p class=\"has-background has-pale-cyan-blue-background-color\">Al cierre, Kulfas resumi\u00f3: \u00ab<em>La situaci\u00f3n por la que est\u00e1 atravesando el pa\u00eds y el mundo nos dej\u00f3 algo muy en claro, y es que tenemos que hacer foco en la producci\u00f3n en todo el pa\u00eds, y tenemos las condiciones para hacerlo. El trabajo mancomunado es lo que lo va a permitir, en este espacio permanente, con la incorporaci\u00f3n de todos los actores<\/em>\u00ab.<\/p>\n\n\n\n<div style=\"height:20px\" aria-hidden=\"true\" class=\"wp-block-spacer\"><\/div>\n\n\n\n<p>Cabe destacar que ya est\u00e1n pactados encuentros futuros entre los funcionarios nacionales y los ministros de Econom\u00eda de las provincias del Centro del pa\u00eds, de la Patagonia, el Noroeste Argentino (NOA) y el Noreste Argentino (NEA). El pr\u00f3ximo a concretarse ser\u00e1 con los funcionarios del Centro del pa\u00eds.<\/p>\n\n\n\n<div style=\"height:20px\" aria-hidden=\"true\" class=\"wp-block-spacer\"><\/div>\n\n\n\n<p class=\"has-small-font-size\"><em><strong>Fuentes: El Economista, Gobierno de la Naci\u00f3n y Gobierno de Mendoza<\/strong><\/em><\/p>\n","protected":false},"excerpt":{"rendered":"<p>En una reuni\u00f3n el viernes 7\/8 entre el ministro de Desarrollo Productivo de la Naci\u00f3n,&hellip;<\/p>\n","protected":false},"author":3,"featured_media":17870,"comment_status":"open","ping_status":"open","sticky":false,"template":"","format":"standard","meta":{"footnotes":""},"categories":[14],"tags":[],"class_list":["post-17808","post","type-post","status-publish","format-standard","has-post-thumbnail","hentry","category-news"],"_links":{"self":[{"href":"https:\/\/enolife.com.ar\/es\/wp-json\/wp\/v2\/posts\/17808","targetHints":{"allow":["GET"]}}],"collection":[{"href":"https:\/\/enolife.com.ar\/es\/wp-json\/wp\/v2\/posts"}],"about":[{"href":"https:\/\/enolife.com.ar\/es\/wp-json\/wp\/v2\/types\/post"}],"author":[{"embeddable":true,"href":"https:\/\/enolife.com.ar\/es\/wp-json\/wp\/v2\/users\/3"}],"replies":[{"embeddable":true,"href":"https:\/\/enolife.com.ar\/es\/wp-json\/wp\/v2\/comments?post=17808"}],"version-history":[{"count":0,"href":"https:\/\/enolife.com.ar\/es\/wp-json\/wp\/v2\/posts\/17808\/revisions"}],"wp:featuredmedia":[{"embeddable":true,"href":"https:\/\/enolife.com.ar\/es\/wp-json\/wp\/v2\/media\/17870"}],"wp:attachment":[{"href":"https:\/\/enolife.com.ar\/es\/wp-json\/wp\/v2\/media?parent=17808"}],"wp:term":[{"taxonomy":"category","embeddable":true,"href":"https:\/\/enolife.com.ar\/es\/wp-json\/wp\/v2\/categories?post=17808"},{"taxonomy":"post_tag","embeddable":true,"href":"https:\/\/enolife.com.ar\/es\/wp-json\/wp\/v2\/tags?post=17808"}],"curies":[{"name":"wp","href":"https:\/\/api.w.org\/{rel}","templated":true}]}}