{"id":17721,"date":"2020-08-12T20:50:02","date_gmt":"2020-08-12T20:50:02","guid":{"rendered":"http:\/\/enolife.com.ar\/es\/?p=17721"},"modified":"2020-08-13T16:06:30","modified_gmt":"2020-08-13T16:06:30","slug":"un-programa-para-que-turistas-y-operadores-recorran-los-caminos-del-vino-de-todo-el-pais","status":"publish","type":"post","link":"https:\/\/enolife.com.ar\/es\/un-programa-para-que-turistas-y-operadores-recorran-los-caminos-del-vino-de-todo-el-pais\/","title":{"rendered":"Un programa para que turistas y operadores  recorran los caminos del vino de todo el pa\u00eds"},"content":{"rendered":"\n<h4 class=\"wp-block-heading\"><em><strong>Por iniciativa del Ministerio de Turismo y Deportes de la Naci\u00f3n, el viernes 7\/8 arranc\u00f3 el ciclo de charlas \u00abVinos, viajes y encuentros: una experiencia argentina\u00bb, con el objetivo de dar a conocer la oferta enotur\u00edstica del pa\u00eds. El primer encuentro visit\u00f3 Tucum\u00e1n. El pr\u00f3ximo es el 14\/8 y el viaje ser\u00e1 por Santiago del Estero.<\/strong><\/em><\/h4>\n\n\n\n<div style=\"height:20px\" aria-hidden=\"true\" class=\"wp-block-spacer\"><\/div>\n\n\n\n<p>Los encuentros est\u00e1n organizados por el Ministerio de Turismo y Deportes de la Naci\u00f3n y cuentan con el apoyo del Consejo Federal de Turismo (CFT), el Instituto Nacional de Promoci\u00f3n Tur\u00edstica (Inprotur), la Corporaci\u00f3n Vitivin\u00edcola Argentina (Coviar) y los entes de Turismo de cada provincia que visitan. En el pr\u00f3ximo evento, participa la Subsecretar\u00eda de Turismo de Santiago del Estero.<\/p>\n\n\n\n<div style=\"height:20px\" aria-hidden=\"true\" class=\"wp-block-spacer\"><\/div>\n\n\n\n<div class=\"wp-block-image\"><figure class=\"aligncenter is-resized\"><img loading=\"lazy\" decoding=\"async\" src=\"https:\/\/mcusercontent.com\/a171c47a6e1c575e99297641a\/images\/4937b8f1-5922-4e2d-8617-c73be0112d8d.jpeg\" alt=\"\" width=\"581\" height=\"581\"\/><\/figure><\/div>\n\n\n\n<div style=\"height:20px\" aria-hidden=\"true\" class=\"wp-block-spacer\"><\/div>\n\n\n\n<p>Se trata de un ciclo de charlas destinado al turista local, provincial y nacional y a aquellos operadores vinculados o complementarios al enoturismo de la regi\u00f3n. Se realizan desde la plataforma de capacitaci\u00f3n del Inprotur para lograr una eficiente llegada a todos los actores involucrados y al p\u00fablico en general.<\/p>\n\n\n\n<p>El objetivo es dar a conocer herramientas para la promoci\u00f3n del sector y fomentar&nbsp;la interacci\u00f3n y el trabajo asociativo entre los principales actores del turismo del vino. <\/p>\n\n\n\n<p class=\"has-text-align-center has-medium-font-size\"><strong>La cita con Santiago del Estero es el viernes 14\/8 a las 11 hs. <\/strong><br><strong>La anfitriona es la Bodega Finca Mar\u00eda del Pilar<\/strong><\/p>\n\n\n\n<p class=\"has-background has-luminous-vivid-amber-background-color\"><strong>Los cupos son limitados, para inscribirse clikear en:&nbsp;<a href=\"https:\/\/register.gotowebinar.com\/register\/5866549152474589968\" target=\"_blank\" rel=\"noreferrer noopener\">https:\/\/bit.ly\/vinos-viajes-encuentros<\/a>. <\/strong><\/p>\n\n\n\n<div style=\"height:46px\" aria-hidden=\"true\" class=\"wp-block-spacer\"><\/div>\n\n\n\n<p class=\"has-small-font-size\"><strong><em>Fuente: Coviar <\/em><\/strong><\/p>\n\n\n\n<div style=\"height:20px\" aria-hidden=\"true\" class=\"wp-block-spacer\"><\/div>\n","protected":false},"excerpt":{"rendered":"<p>Por iniciativa del Ministerio de Turismo y Deportes de la Naci\u00f3n, el viernes 7\/8 arranc\u00f3&hellip;<\/p>\n","protected":false},"author":3,"featured_media":18093,"comment_status":"open","ping_status":"open","sticky":false,"template":"","format":"standard","meta":{"footnotes":""},"categories":[47],"tags":[],"class_list":["post-17721","post","type-post","status-publish","format-standard","has-post-thumbnail","hentry","category-agenda"],"_links":{"self":[{"href":"https:\/\/enolife.com.ar\/es\/wp-json\/wp\/v2\/posts\/17721","targetHints":{"allow":["GET"]}}],"collection":[{"href":"https:\/\/enolife.com.ar\/es\/wp-json\/wp\/v2\/posts"}],"about":[{"href":"https:\/\/enolife.com.ar\/es\/wp-json\/wp\/v2\/types\/post"}],"author":[{"embeddable":true,"href":"https:\/\/enolife.com.ar\/es\/wp-json\/wp\/v2\/users\/3"}],"replies":[{"embeddable":true,"href":"https:\/\/enolife.com.ar\/es\/wp-json\/wp\/v2\/comments?post=17721"}],"version-history":[{"count":0,"href":"https:\/\/enolife.com.ar\/es\/wp-json\/wp\/v2\/posts\/17721\/revisions"}],"wp:featuredmedia":[{"embeddable":true,"href":"https:\/\/enolife.com.ar\/es\/wp-json\/wp\/v2\/media\/18093"}],"wp:attachment":[{"href":"https:\/\/enolife.com.ar\/es\/wp-json\/wp\/v2\/media?parent=17721"}],"wp:term":[{"taxonomy":"category","embeddable":true,"href":"https:\/\/enolife.com.ar\/es\/wp-json\/wp\/v2\/categories?post=17721"},{"taxonomy":"post_tag","embeddable":true,"href":"https:\/\/enolife.com.ar\/es\/wp-json\/wp\/v2\/tags?post=17721"}],"curies":[{"name":"wp","href":"https:\/\/api.w.org\/{rel}","templated":true}]}}