{"id":17684,"date":"2020-08-06T19:24:43","date_gmt":"2020-08-06T19:24:43","guid":{"rendered":"http:\/\/enolife.com.ar\/es\/?p=17684"},"modified":"2020-08-12T18:29:02","modified_gmt":"2020-08-12T18:29:02","slug":"de-enero-a-julio-de-2020-argentina-exporto-463-mas-de-vino-que-en-igual-periodo-de-2019","status":"publish","type":"post","link":"https:\/\/enolife.com.ar\/es\/de-enero-a-julio-de-2020-argentina-exporto-463-mas-de-vino-que-en-igual-periodo-de-2019\/","title":{"rendered":"De enero a julio de 2020, Argentina export\u00f3 46,3% m\u00e1s de vino que en igual per\u00edodo de 2019"},"content":{"rendered":"\n<h4 class=\"wp-block-heading\"><em><strong>El Instituto Nacional de Vitivinicultura (INV) inform\u00f3 que en los 7 primeros meses del a\u00f1o en curso se exportaron 237,4 millones de litros de vino, lo que significa 75,1 millones de litros m\u00e1s que en igual lapso del a\u00f1o pasado. El motor de este crecimiento fue el vino a granel, cuyas exportaciones este a\u00f1o aumentaron 133,6 con respecto a 2019. Al respecto, el ministro de Agricultura de la Naci\u00f3n, Luis Basterra, destac\u00f3 que \u00abArgentina escal\u00f3 dos puestos en el r\u00e1nking de pa\u00edses exportadores de vinos en el momento m\u00e1s dif\u00edcil de la econom\u00eda mundial\u00bb.<\/strong><\/em><\/h4>\n\n\n\n<div style=\"height:20px\" aria-hidden=\"true\" class=\"wp-block-spacer\"><\/div>\n\n\n<a href=\"https:\/\/sudafilt.com\/\" aria-label=\"SUDAFILT 1700X500 NOV25\"><img loading=\"lazy\" decoding=\"async\" src=\"https:\/\/enolife.com.ar\/es\/wp-content\/uploads\/2020\/07\/SUDAFILT-1700X500-NOV25.gif\" alt=\"\"  width=\"1700\" height=\"500\"   \/><\/a>\n\n\n<div style=\"height:20px\" aria-hidden=\"true\" class=\"wp-block-spacer\"><\/div>\n\n\n\n<div style=\"height:34px\" aria-hidden=\"true\" class=\"wp-block-spacer\"><\/div>\n\n\n\n<p>Del informe del INV, publicado el 4\/8\/20, sobresale el dato de que, de los <strong>237,4 millones de litros de vino exportados<\/strong>, 112,5 millones (47,4%) corresponden a vinos fraccionados (+3,4%) y 124,9 millones (52,6%) son vinos a granel (+133,6%), lo que permiti\u00f3 que Argentina ganara mercados en medio de la incertidumbre comercial mundial que gener\u00f3 la pandemia, con ca\u00eddas de vol\u00famenes y precios en todo el mundo.<\/p>\n\n\n\n<p>Por otro lado, se destaca que se exportaron <strong>140,6 millones (59,2%) de litros de vinos varietales<\/strong> (+20,2%), 95,4 millones (40,2%) de litros de vinos sin menci\u00f3n varietal (+118,6%) y 1,3 mill\u00f3n (0,6%) de litros de espumosos (-14,1%).<\/p>\n\n\n\n<p>Por su parte, las exportaciones de <strong>mosto concentrado<\/strong> en lo que va del a\u00f1o ascienden a 76.097 toneladas, un 8,7% m\u00e1s con respecto al mismo per\u00edodo del a\u00f1o anterior.<\/p>\n\n\n\n<p>Los env\u00edos de <strong>vinos fraccionados treparon 3,4%<\/strong>, los de vinos a granel aumentaron 133,6%, y los de jugos de uva concentrados se incrementaron 8,7%, permitiendo que Argentina ganara mercados en medio de la incertidumbre comercial mundial que gener\u00f3 la pandemia.<\/p>\n\n\n\n<div style=\"height:20px\" aria-hidden=\"true\" class=\"wp-block-spacer\"><\/div>\n\n\n\n<p class=\"has-medium-font-size\"><strong>Tendencia en alza tambi\u00e9n para el mercado interno<\/strong><\/p>\n\n\n\n<div style=\"height:20px\" aria-hidden=\"true\" class=\"wp-block-spacer\"><\/div>\n\n\n\n<div class=\"wp-block-image\"><figure class=\"alignleft size-large is-resized\"><img loading=\"lazy\" decoding=\"async\" src=\"https:\/\/enolife.com.ar\/es\/wp-content\/uploads\/2020\/08\/image-2.png\" alt=\"\" class=\"wp-image-17700\" width=\"480\" height=\"392\" srcset=\"https:\/\/enolife.com.ar\/es\/wp-content\/uploads\/2020\/08\/image-2.png 774w, https:\/\/enolife.com.ar\/es\/wp-content\/uploads\/2020\/08\/image-2-300x246.png 300w, https:\/\/enolife.com.ar\/es\/wp-content\/uploads\/2020\/08\/image-2-768x629.png 768w, https:\/\/enolife.com.ar\/es\/wp-content\/uploads\/2020\/08\/image-2-585x479.png 585w\" sizes=\"auto, (max-width: 480px) 100vw, 480px\" \/><figcaption><strong><em>Luis Basterra y Mart\u00edn Hinojosa, en febrero de 2020.<\/em><\/strong><\/figcaption><\/figure><\/div>\n\n\n\n<p>El titular de la cartera agropecuaria nacional, <strong>Luis Basterra,<\/strong> afirm\u00f3 sobre las cifras publicadas por el INV que \u00abel tipo de cambio competitivo, la calidad de sus productos y la incansable vocaci\u00f3n emprendedora del sector, han permitido que Argentina escale dos puestos en el r\u00e1nking de pa\u00edses exportadores de vinos en el momento m\u00e1s dif\u00edcil de la econom\u00eda mundial, hoy somos los novenos exportadores mundiales de vino\u00bb.<\/p>\n\n\n\n<p>A su turno, el presidente del INV,<strong> Mart\u00edn Hinojosa<\/strong>, afirm\u00f3 que \u00abluchando contra trabas arancelarias, cambios de escenarios econ\u00f3micos y una pandemia que amenaz\u00f3 incluso la recolecci\u00f3n de las uvas, el sector, con la ayuda de todas las entidades p\u00fablicas y privadas pudo sostener este crecimiento\u00bb. Y agreg\u00f3 que \u00ablas tendencias tambi\u00e9n son buenas para el mercado interno, donde ya se ha experimentado un crecimiento del consumo del mercado interno en un 6,9%\u00bb.<\/p>\n\n\n\n<p>\u00abDesde el Ministerio de Agricultura y el INV estamos acompa\u00f1ando con pol\u00edticas activas, flexibilizando los an\u00e1lisis de exportaci\u00f3n y ampliando las solicitudes de exportaci\u00f3n a m\u00e1s mercados, acciones que permitieron mayor rapidez para el comercio exterior y que se puedan realizar todos los negocios que la vitivinicultura requiere\u00bb, explic\u00f3 Hinojosa. Y evalu\u00f3: \u00abLas existencias de vinos nos hacen mirar con optimismo y empezar a tener stocks de vinos razonables, lo que hace que mejoren las condiciones de pago a los productores. Los stocks v\u00ednicos van a estar muy por debajo del stock t\u00e9cnico de seguridad de cinco meses para el total de los vinos. Es otra buena noticia de cara al a\u00f1o 2021.\u00bb<\/p>\n\n\n\n<p>Finalmente, en una reciente reuni\u00f3n v\u00eda internete, ambos funcionarios coincidieron en resaltar \u00abel trabajo en conjunto\u00bb y \u00ablas buenas perspectivas de mercados a futuro\u00bb.<\/p>\n\n\n\n<div style=\"height:20px\" aria-hidden=\"true\" class=\"wp-block-spacer\"><\/div>\n\n\n\n<p class=\"has-background has-text-align-center has-medium-font-size has-very-light-gray-background-color\"><strong>Vinos y mostos mensual: julio 2020 \/ julio 2019 <\/strong><\/p>\n\n\n\n<p><strong>Vino total: 19,1%<\/strong><\/p>\n\n\n\n<ul class=\"wp-block-list\"><li>Vino color: 19,4%<\/li><li>Vino blanco: 18,2%<\/li><\/ul>\n\n\n\n<p><strong>Vino Fraccionado: 8,6%<\/strong><\/p>\n\n\n\n<ul class=\"wp-block-list\"><li>Vino color: 8,0%<\/li><li>Vino blanco: 11,7%<\/li><\/ul>\n\n\n\n<p><strong>Vino Granel: 37,8%<\/strong><\/p>\n\n\n\n<ul class=\"wp-block-list\"><li>Vino color: 44,8%<\/li><li>Vino blanco: 23,7%<\/li><\/ul>\n\n\n\n<p><strong>Mosto concentrado: -12,8%<\/strong><\/p>\n\n\n\n<p class=\"has-background has-text-align-center has-medium-font-size has-very-light-gray-background-color\"><strong>Vinos y mostos acumulado: enero\/julio 2020 &#8211; enero\/julio 2019 <\/strong><\/p>\n\n\n\n<p><strong>Vino Total: 46,3%<\/strong><\/p>\n\n\n\n<ul class=\"wp-block-list\"><li>Vino color: 51,5%<\/li><li>Vino blanco: 29,6%<\/li><\/ul>\n\n\n\n<p><strong>Vino Fraccionado: 3,4%<\/strong><br><\/p>\n\n\n\n<ul class=\"wp-block-list\"><li>Vino color: 3,6%<\/li><li>Vino blanco: 2,5%<\/li><\/ul>\n\n\n\n<p><strong>Vino Granel: 133,6%<\/strong><\/p>\n\n\n\n<ul class=\"wp-block-list\"><li>Vino color: 193,8%<\/li><li>Vino blanco: 49,4%<\/li><\/ul>\n\n\n\n<p><strong>Mosto concentrado: 8,7%<\/strong><\/p>\n\n\n\n<p class=\"has-background has-text-align-center has-medium-font-size has-very-light-gray-background-color\"><strong>Comparativo mensual vinos y mostos julio 2020\/ julio 2019<\/strong><\/p>\n\n\n\n<div style=\"height:20px\" aria-hidden=\"true\" class=\"wp-block-spacer\"><\/div>\n\n\n\n<p class=\"has-background has-text-align-center has-very-light-gray-background-color\"><strong>Vino por tipo y modalidad de env\u00edo (hl) <\/strong><\/p>\n\n\n\n<div class=\"wp-block-image\"><figure class=\"aligncenter size-large is-resized\"><img loading=\"lazy\" decoding=\"async\" src=\"https:\/\/enolife.com.ar\/es\/wp-content\/uploads\/2020\/08\/inv-1.jpg\" alt=\"\" class=\"wp-image-17686\" width=\"729\" height=\"208\" srcset=\"https:\/\/enolife.com.ar\/es\/wp-content\/uploads\/2020\/08\/inv-1.jpg 795w, https:\/\/enolife.com.ar\/es\/wp-content\/uploads\/2020\/08\/inv-1-300x86.jpg 300w, https:\/\/enolife.com.ar\/es\/wp-content\/uploads\/2020\/08\/inv-1-768x219.jpg 768w, https:\/\/enolife.com.ar\/es\/wp-content\/uploads\/2020\/08\/inv-1-585x167.jpg 585w\" sizes=\"auto, (max-width: 729px) 100vw, 729px\" \/><\/figure><\/div>\n\n\n\n<div style=\"height:20px\" aria-hidden=\"true\" class=\"wp-block-spacer\"><\/div>\n\n\n\n<p class=\"has-background has-text-align-center has-very-light-gray-background-color\"><strong>Vino por tipo, color y modalidad de env\u00edo (hl) <\/strong><\/p>\n\n\n\n<div class=\"wp-block-image\"><figure class=\"aligncenter size-large is-resized\"><img loading=\"lazy\" decoding=\"async\" src=\"https:\/\/enolife.com.ar\/es\/wp-content\/uploads\/2020\/08\/inv-2.jpg\" alt=\"\" class=\"wp-image-17687\" width=\"731\" height=\"379\" srcset=\"https:\/\/enolife.com.ar\/es\/wp-content\/uploads\/2020\/08\/inv-2.jpg 791w, https:\/\/enolife.com.ar\/es\/wp-content\/uploads\/2020\/08\/inv-2-300x156.jpg 300w, https:\/\/enolife.com.ar\/es\/wp-content\/uploads\/2020\/08\/inv-2-768x399.jpg 768w, https:\/\/enolife.com.ar\/es\/wp-content\/uploads\/2020\/08\/inv-2-585x304.jpg 585w\" sizes=\"auto, (max-width: 731px) 100vw, 731px\" \/><\/figure><\/div>\n\n\n\n<div style=\"height:20px\" aria-hidden=\"true\" class=\"wp-block-spacer\"><\/div>\n\n\n\n<p class=\"has-background has-text-align-center has-very-light-gray-background-color\"><strong>Vino fraccionado por tipo de envase (hl) <\/strong><\/p>\n\n\n\n<div class=\"wp-block-image\"><figure class=\"aligncenter size-large\"><img loading=\"lazy\" decoding=\"async\" width=\"523\" height=\"208\" src=\"https:\/\/enolife.com.ar\/es\/wp-content\/uploads\/2020\/08\/inv-3.jpg\" alt=\"\" class=\"wp-image-17688\" srcset=\"https:\/\/enolife.com.ar\/es\/wp-content\/uploads\/2020\/08\/inv-3.jpg 523w, https:\/\/enolife.com.ar\/es\/wp-content\/uploads\/2020\/08\/inv-3-300x119.jpg 300w\" sizes=\"auto, (max-width: 523px) 100vw, 523px\" \/><\/figure><\/div>\n\n\n\n<div style=\"height:20px\" aria-hidden=\"true\" class=\"wp-block-spacer\"><\/div>\n\n\n\n<p class=\"has-background has-text-align-center has-very-light-gray-background-color\"><strong>Mosto concentrado (t) <\/strong><\/p>\n\n\n\n<div class=\"wp-block-image\"><figure class=\"aligncenter size-large\"><img loading=\"lazy\" decoding=\"async\" width=\"449\" height=\"99\" src=\"https:\/\/enolife.com.ar\/es\/wp-content\/uploads\/2020\/08\/inv-4a.jpg\" alt=\"\" class=\"wp-image-17692\" srcset=\"https:\/\/enolife.com.ar\/es\/wp-content\/uploads\/2020\/08\/inv-4a.jpg 449w, https:\/\/enolife.com.ar\/es\/wp-content\/uploads\/2020\/08\/inv-4a-300x66.jpg 300w\" sizes=\"auto, (max-width: 449px) 100vw, 449px\" \/><\/figure><\/div>\n\n\n\n<p class=\"has-background has-text-align-center has-medium-font-size has-very-light-gray-background-color\"><strong>Comparativo acumulado vinos y mostos enero\/julio 2020 &#8211; enero\/julio 2019 <\/strong><\/p>\n\n\n\n<div style=\"height:20px\" aria-hidden=\"true\" class=\"wp-block-spacer\"><\/div>\n\n\n\n<p class=\"has-background has-text-align-center has-very-light-gray-background-color\"><strong>Vino por tipo y modalidad de env\u00edo (hl) <\/strong><\/p>\n\n\n\n<div class=\"wp-block-image\"><figure class=\"aligncenter size-large is-resized\"><img loading=\"lazy\" decoding=\"async\" src=\"https:\/\/enolife.com.ar\/es\/wp-content\/uploads\/2020\/08\/inv-4.jpg\" alt=\"\" class=\"wp-image-17689\" width=\"727\" height=\"214\" srcset=\"https:\/\/enolife.com.ar\/es\/wp-content\/uploads\/2020\/08\/inv-4.jpg 792w, https:\/\/enolife.com.ar\/es\/wp-content\/uploads\/2020\/08\/inv-4-300x89.jpg 300w, https:\/\/enolife.com.ar\/es\/wp-content\/uploads\/2020\/08\/inv-4-768x227.jpg 768w, https:\/\/enolife.com.ar\/es\/wp-content\/uploads\/2020\/08\/inv-4-585x173.jpg 585w\" sizes=\"auto, (max-width: 727px) 100vw, 727px\" \/><\/figure><\/div>\n\n\n\n<div style=\"height:20px\" aria-hidden=\"true\" class=\"wp-block-spacer\"><\/div>\n\n\n\n<p class=\"has-background has-text-align-center has-very-light-gray-background-color\"><strong>Vino por tipo, colory modalidad de env\u00edo (hl)<\/strong><\/p>\n\n\n\n<div class=\"wp-block-image\"><figure class=\"aligncenter size-large is-resized\"><img loading=\"lazy\" decoding=\"async\" src=\"https:\/\/enolife.com.ar\/es\/wp-content\/uploads\/2020\/08\/inv-5.jpg\" alt=\"\" class=\"wp-image-17690\" width=\"665\" height=\"348\" srcset=\"https:\/\/enolife.com.ar\/es\/wp-content\/uploads\/2020\/08\/inv-5.jpg 788w, https:\/\/enolife.com.ar\/es\/wp-content\/uploads\/2020\/08\/inv-5-300x157.jpg 300w, https:\/\/enolife.com.ar\/es\/wp-content\/uploads\/2020\/08\/inv-5-768x403.jpg 768w, https:\/\/enolife.com.ar\/es\/wp-content\/uploads\/2020\/08\/inv-5-585x307.jpg 585w\" sizes=\"auto, (max-width: 665px) 100vw, 665px\" \/><\/figure><\/div>\n\n\n\n<p class=\"has-background has-text-align-center has-very-light-gray-background-color\"><strong>Vino fraccionado por tipo de envase (hl) <\/strong><\/p>\n\n\n\n<div class=\"wp-block-image\"><figure class=\"aligncenter size-large\"><img loading=\"lazy\" decoding=\"async\" width=\"520\" height=\"220\" src=\"https:\/\/enolife.com.ar\/es\/wp-content\/uploads\/2020\/08\/inv-6.jpg\" alt=\"\" class=\"wp-image-17691\" srcset=\"https:\/\/enolife.com.ar\/es\/wp-content\/uploads\/2020\/08\/inv-6.jpg 520w, https:\/\/enolife.com.ar\/es\/wp-content\/uploads\/2020\/08\/inv-6-300x127.jpg 300w\" sizes=\"auto, (max-width: 520px) 100vw, 520px\" \/><\/figure><\/div>\n\n\n\n<div style=\"height:20px\" aria-hidden=\"true\" class=\"wp-block-spacer\"><\/div>\n\n\n\n<p class=\"has-background has-text-align-center has-very-light-gray-background-color\"><strong>Mosto concentrado (tn) <\/strong><\/p>\n\n\n\n<div class=\"wp-block-image\"><figure class=\"aligncenter size-large\"><img loading=\"lazy\" decoding=\"async\" width=\"448\" height=\"96\" src=\"https:\/\/enolife.com.ar\/es\/wp-content\/uploads\/2020\/08\/inv-7.jpg\" alt=\"\" class=\"wp-image-17695\" srcset=\"https:\/\/enolife.com.ar\/es\/wp-content\/uploads\/2020\/08\/inv-7.jpg 448w, https:\/\/enolife.com.ar\/es\/wp-content\/uploads\/2020\/08\/inv-7-300x64.jpg 300w\" sizes=\"auto, (max-width: 448px) 100vw, 448px\" \/><\/figure><\/div>\n\n\n\n<p class=\"has-small-font-size\"><br><em><strong>Fuente: Instituto Nacional de Vitivinicultura y Gobierno de Argentina<\/strong><\/em><\/p>\n","protected":false},"excerpt":{"rendered":"<p>El Instituto Nacional de Vitivinicultura (INV) inform\u00f3 que en los 7 primeros meses del a\u00f1o&hellip;<\/p>\n","protected":false},"author":3,"featured_media":17762,"comment_status":"open","ping_status":"open","sticky":false,"template":"","format":"standard","meta":{"footnotes":""},"categories":[9],"tags":[],"class_list":["post-17684","post","type-post","status-publish","format-standard","has-post-thumbnail","hentry","category-negocios"],"_links":{"self":[{"href":"https:\/\/enolife.com.ar\/es\/wp-json\/wp\/v2\/posts\/17684","targetHints":{"allow":["GET"]}}],"collection":[{"href":"https:\/\/enolife.com.ar\/es\/wp-json\/wp\/v2\/posts"}],"about":[{"href":"https:\/\/enolife.com.ar\/es\/wp-json\/wp\/v2\/types\/post"}],"author":[{"embeddable":true,"href":"https:\/\/enolife.com.ar\/es\/wp-json\/wp\/v2\/users\/3"}],"replies":[{"embeddable":true,"href":"https:\/\/enolife.com.ar\/es\/wp-json\/wp\/v2\/comments?post=17684"}],"version-history":[{"count":0,"href":"https:\/\/enolife.com.ar\/es\/wp-json\/wp\/v2\/posts\/17684\/revisions"}],"wp:featuredmedia":[{"embeddable":true,"href":"https:\/\/enolife.com.ar\/es\/wp-json\/wp\/v2\/media\/17762"}],"wp:attachment":[{"href":"https:\/\/enolife.com.ar\/es\/wp-json\/wp\/v2\/media?parent=17684"}],"wp:term":[{"taxonomy":"category","embeddable":true,"href":"https:\/\/enolife.com.ar\/es\/wp-json\/wp\/v2\/categories?post=17684"},{"taxonomy":"post_tag","embeddable":true,"href":"https:\/\/enolife.com.ar\/es\/wp-json\/wp\/v2\/tags?post=17684"}],"curies":[{"name":"wp","href":"https:\/\/api.w.org\/{rel}","templated":true}]}}