{"id":17647,"date":"2020-08-05T22:48:49","date_gmt":"2020-08-05T22:48:49","guid":{"rendered":"http:\/\/enolife.com.ar\/es\/?p=17647"},"modified":"2020-08-05T23:08:16","modified_gmt":"2020-08-05T23:08:16","slug":"el-inv-y-la-avm-daran-una-charla-a-viticultores-sobre-stock-vinico-despachos-y-pronosticos-de-cosecha","status":"publish","type":"post","link":"https:\/\/enolife.com.ar\/es\/el-inv-y-la-avm-daran-una-charla-a-viticultores-sobre-stock-vinico-despachos-y-pronosticos-de-cosecha\/","title":{"rendered":"El INV y la AVM dan una charla a viticultores sobre stock v\u00ednico, despachos y pron\u00f3sticos de cosecha"},"content":{"rendered":"\n<h4 class=\"wp-block-heading\"><em><strong>El jueves 6 de agosto, la Asociaci\u00f3n de Vi\u00f1ateros de Mendoza, junto al Instituto Nacional de Vitivinicultura y la C\u00e1mara de Comercio de Montecaseros, San Mart\u00edn, brindar\u00e1n una charla informativa de acceso gratuito, v\u00eda internet, a productores vit\u00edvinicolas.<\/strong><\/em><\/h4>\n\n\n\n<div style=\"height:20px\" aria-hidden=\"true\" class=\"wp-block-spacer\"><\/div>\n\n\n\n<div class=\"wp-block-image\"><figure class=\"alignleft is-resized\"><img loading=\"lazy\" decoding=\"async\" src=\"https:\/\/scontent.fmdz2-1.fna.fbcdn.net\/v\/t1.0-9\/s960x960\/116907537_3485301628148181_2702326201483916297_o.jpg?_nc_cat=106&amp;_nc_sid=8024bb&amp;_nc_ohc=QsbszDNsgA0AX9MTCTc&amp;_nc_ht=scontent.fmdz2-1.fna&amp;_nc_tp=7&amp;oh=68dda7ded5aad2befcb4a78db8e0e926&amp;oe=5F505B96\" alt=\"La imagen puede contener: texto que dice &quot;CHARLA JUEVES 6 AGOSTO 19hs CHARL NFORMAT IVA DEL INV PRODUCTORES TIVINICOL STOCK V\u00cdNICO. SU C\u00c1LCULO INCREMENTO EN LOS DESPACHOS AL CONSUMO INTERNO Y EXPORTACIONES (FRACCIONADO, GRANEL MOSTO). PROYECCIONES V\u00cdNICAS FECHA DE LIBERACI\u00d3N Y PRON\u00d3STICO DE COSECHA ESCRIBINOS PARA PARTI CIPAR OB ENE LINK DE ZOOM X asociacionvinaterosmza@gmail.com CONSULTAS PARTICIPA +54 2634 517074 nv ORGANIZA INSTITUTONACIONAL VITIVINICULTURA AVM VI\u00d1ATEROS&quot;\" width=\"261\" height=\"313\"\/><\/figure><\/div>\n\n\n\n<p><strong>Los temas a tratar son: <\/strong><\/p>\n\n\n\n<ul class=\"wp-block-list\"><li>Stock v\u00ednico. Su c\u00e1lculo.<\/li><li>Incremento en los despachos al consumo interno y exportaciones (Fraccionado, Granel y Mostos)<\/li><li>Proyecciones V\u00ednicas.<\/li><li>Fecha de liberaci\u00f3n y pron\u00f3stico de cosecha.<\/li><\/ul>\n\n\n\n<p class=\"has-background has-luminous-vivid-amber-background-color\"><strong>Informaci\u00f3n e inscripciones: <a href=\"mailto:asociacionvinaterosdemendoza@gmail.com\" title=\"asociacionvinaterosdemendoza@gmail.com\">asociacionvinaterosdemendoza@gmail.com<\/a><br>Whatsapp: +54 9 2634 517074<\/strong><\/p>\n\n\n\n<div style=\"height:20px\" aria-hidden=\"true\" class=\"wp-block-spacer\"><\/div>\n\n\n\n<p class=\"has-small-font-size\"><em><strong>Fuente: Asociaci\u00f3n Vi\u00f1ateros de Mendoza (AVM)<\/strong><\/em><\/p>\n\n\n\n<div style=\"height:20px\" aria-hidden=\"true\" class=\"wp-block-spacer\"><\/div>\n\n\n\n<p><\/p>\n","protected":false},"excerpt":{"rendered":"<p>El jueves 6 de agosto, la Asociaci\u00f3n de Vi\u00f1ateros de Mendoza, junto al Instituto Nacional&hellip;<\/p>\n","protected":false},"author":3,"featured_media":17658,"comment_status":"open","ping_status":"open","sticky":false,"template":"","format":"standard","meta":{"footnotes":""},"categories":[47],"tags":[],"class_list":["post-17647","post","type-post","status-publish","format-standard","has-post-thumbnail","hentry","category-agenda"],"_links":{"self":[{"href":"https:\/\/enolife.com.ar\/es\/wp-json\/wp\/v2\/posts\/17647","targetHints":{"allow":["GET"]}}],"collection":[{"href":"https:\/\/enolife.com.ar\/es\/wp-json\/wp\/v2\/posts"}],"about":[{"href":"https:\/\/enolife.com.ar\/es\/wp-json\/wp\/v2\/types\/post"}],"author":[{"embeddable":true,"href":"https:\/\/enolife.com.ar\/es\/wp-json\/wp\/v2\/users\/3"}],"replies":[{"embeddable":true,"href":"https:\/\/enolife.com.ar\/es\/wp-json\/wp\/v2\/comments?post=17647"}],"version-history":[{"count":0,"href":"https:\/\/enolife.com.ar\/es\/wp-json\/wp\/v2\/posts\/17647\/revisions"}],"wp:featuredmedia":[{"embeddable":true,"href":"https:\/\/enolife.com.ar\/es\/wp-json\/wp\/v2\/media\/17658"}],"wp:attachment":[{"href":"https:\/\/enolife.com.ar\/es\/wp-json\/wp\/v2\/media?parent=17647"}],"wp:term":[{"taxonomy":"category","embeddable":true,"href":"https:\/\/enolife.com.ar\/es\/wp-json\/wp\/v2\/categories?post=17647"},{"taxonomy":"post_tag","embeddable":true,"href":"https:\/\/enolife.com.ar\/es\/wp-json\/wp\/v2\/tags?post=17647"}],"curies":[{"name":"wp","href":"https:\/\/api.w.org\/{rel}","templated":true}]}}