{"id":176354,"date":"2026-04-30T19:01:25","date_gmt":"2026-04-30T19:01:25","guid":{"rendered":"https:\/\/enolife.com.ar\/es\/?p=176354"},"modified":"2026-04-30T19:01:25","modified_gmt":"2026-04-30T19:01:25","slug":"la-justicia-fallo-que-fecovita-es-solvente-y-la-demandante-iberte-debera-pagar-las-costas-del-juicio","status":"publish","type":"post","link":"https:\/\/enolife.com.ar\/es\/la-justicia-fallo-que-fecovita-es-solvente-y-la-demandante-iberte-debera-pagar-las-costas-del-juicio\/","title":{"rendered":"La Justicia fall\u00f3 que Fecovita es solvente y la demandante Iberte deber\u00e1 pagar las costas del juicio"},"content":{"rendered":"\n<h4 class=\"wp-block-heading\"><em><strong>La Tercera C\u00e1mara de Apelaciones en lo Civil de Mendoza confirm\u00f3 que se rechaza el pedido de quiebra formulado por la empresa espa\u00f1ola con sede en Eslovaquia&nbsp;contra la Federaci\u00f3n de Cooperativas Vitivin\u00edcolas Argentina (Fecovita), que se encontraba hace m\u00e1s de 3 a\u00f1os sin resoluci\u00f3n. El fallo se\u00f1ala que la empresa cooperativa con sede en Maip\u00fa, Mendoza, exhibe salud financiera, no tiene deudas fiscales ni previsionales y est\u00e1 al d\u00eda con sus empleados. El dictamen transmite tranquilidad para los 5.000 productores asociados y estabilidad para las futuras operaciones comerciales. La novedad se conoci\u00f3 el mismo d\u00eda en que Rub\u00e9n Panella fue reelecto como presidente de la compa\u00f1\u00eda.<\/strong><\/em><\/h4>\n\n\n\n<div style=\"height:34px\" aria-hidden=\"true\" class=\"wp-block-spacer\"><\/div>\n\n\n<a href=\"https:\/\/estanciamendoza.com.ar\/es\/\" aria-label=\"Copia de BEM &#8211; Banner adaptaciones diario digital_BEM &#8211; Banner Enolife &#8211; 1700&#215;500\"><img loading=\"lazy\" decoding=\"async\" src=\"https:\/\/enolife.com.ar\/es\/wp-content\/uploads\/2019\/07\/Copia-de-BEM-Banner-adaptaciones-diario-digital_BEM-Banner-Enolife-1700x500-1.jpg\" alt=\"\"  srcset=\"https:\/\/enolife.com.ar\/es\/wp-content\/uploads\/2019\/07\/Copia-de-BEM-Banner-adaptaciones-diario-digital_BEM-Banner-Enolife-1700x500-1.jpg 1700w, https:\/\/enolife.com.ar\/es\/wp-content\/uploads\/2019\/07\/Copia-de-BEM-Banner-adaptaciones-diario-digital_BEM-Banner-Enolife-1700x500-1-300x88.jpg 300w, https:\/\/enolife.com.ar\/es\/wp-content\/uploads\/2019\/07\/Copia-de-BEM-Banner-adaptaciones-diario-digital_BEM-Banner-Enolife-1700x500-1-1024x301.jpg 1024w, https:\/\/enolife.com.ar\/es\/wp-content\/uploads\/2019\/07\/Copia-de-BEM-Banner-adaptaciones-diario-digital_BEM-Banner-Enolife-1700x500-1-768x226.jpg 768w, https:\/\/enolife.com.ar\/es\/wp-content\/uploads\/2019\/07\/Copia-de-BEM-Banner-adaptaciones-diario-digital_BEM-Banner-Enolife-1700x500-1-1536x452.jpg 1536w, https:\/\/enolife.com.ar\/es\/wp-content\/uploads\/2019\/07\/Copia-de-BEM-Banner-adaptaciones-diario-digital_BEM-Banner-Enolife-1700x500-1-1170x344.jpg 1170w, https:\/\/enolife.com.ar\/es\/wp-content\/uploads\/2019\/07\/Copia-de-BEM-Banner-adaptaciones-diario-digital_BEM-Banner-Enolife-1700x500-1-585x172.jpg 585w\" sizes=\"auto, (max-width: 1700px) 100vw, 1700px\" width=\"1700\" height=\"500\"   \/><\/a>\n\n\n<div style=\"height:44px\" aria-hidden=\"true\" class=\"wp-block-spacer\"><\/div>\n\n\n\n<p>La <strong>Tercera C\u00e1mara de Apelaciones en lo Civil de Mendoza<\/strong> ratific\u00f3 la sentencia que desestima el pedido de quiebra presentado por la firma eslovaca <strong>Iberte SRO<\/strong>. contra la <strong>Federaci\u00f3n de Cooperativas Vitivin\u00edcolas Argentinas (Fecovita)<\/strong>. El tribunal concluy\u00f3, nuevamente, que la cooperativa no se encontraba en estado de cesaci\u00f3n de pagos ni cr\u00e9ditos exigibles con Iberte.<\/p>\n\n\n\n<p>En 2023, el <strong>Segundo Juzgado de Procesos Concursales<\/strong>, a cargo de la doctora <strong>Gloria Cortez<\/strong>, ya hab\u00eda rechazado el pedido de quiebra por considerar tambi\u00e9n la inexistencia de cesaci\u00f3n de pagos, la solvencia patrimonial de la Federaci\u00f3n y la existencia de deudas rec\u00edprocas que deben resolverse en el \u00e1mbito comercial.<\/p>\n\n\n\n<p>Entre los argumentos, el Tribunal subray\u00f3 que los contratos firmados entre Iberte y Fecovita incluyen una cl\u00e1usula de arbitraje ante el <strong>Tribunal Arbitral de la Bolsa de Comercio de Buenos Aires.<\/strong> Al tratarse de un caso de arbitraje comercial, cualquier certeza sobre la existencia de alguna deuda debe obtenerse en ese \u00e1mbito y no en un juzgado concursal.<\/p>\n\n\n\n<p>Tambi\u00e9n la C\u00e1mara determin\u00f3 que, al contrario de lo que resolvi\u00f3 la jueza Cortez, Iberte por ser la perdedora del proceso judicial debe afrontar el pago de costas, lo que estima que implicar\u00eda un pago millonario en d\u00f3lares. Adem\u00e1s, confirm\u00f3 lo reclamado por Fecovita y volvi\u00f3 a enfatizar que Iberte pidi\u00f3 una quiebra sin haber pagado las tasas de justicia que por ley corresponden ni los aportes a la Caja Forense que est\u00e1n siendo reclamados por los entes correspondientes. <\/p>\n\n\n\n<div style=\"height:35px\" aria-hidden=\"true\" class=\"wp-block-spacer\"><\/div>\n\n\n<div class=\"wp-block-image\">\n<figure class=\"aligncenter size-large is-resized\"><a href=\"https:\/\/enolife.com.ar\/es\/wp-content\/uploads\/2026\/04\/Ruben-Panella.jpeg\" data-rel=\"penci-gallery-image-content\" ><img loading=\"lazy\" decoding=\"async\" width=\"1024\" height=\"683\" src=\"https:\/\/enolife.com.ar\/es\/wp-content\/uploads\/2026\/04\/Ruben-Panella-1024x683.jpeg\" alt=\"\" class=\"wp-image-176365\" style=\"width:682px;height:auto\" srcset=\"https:\/\/enolife.com.ar\/es\/wp-content\/uploads\/2026\/04\/Ruben-Panella-1024x683.jpeg 1024w, https:\/\/enolife.com.ar\/es\/wp-content\/uploads\/2026\/04\/Ruben-Panella-300x200.jpeg 300w, https:\/\/enolife.com.ar\/es\/wp-content\/uploads\/2026\/04\/Ruben-Panella-768x512.jpeg 768w, https:\/\/enolife.com.ar\/es\/wp-content\/uploads\/2026\/04\/Ruben-Panella-1536x1024.jpeg 1536w, https:\/\/enolife.com.ar\/es\/wp-content\/uploads\/2026\/04\/Ruben-Panella-1170x780.jpeg 1170w, https:\/\/enolife.com.ar\/es\/wp-content\/uploads\/2026\/04\/Ruben-Panella-585x390.jpeg 585w, https:\/\/enolife.com.ar\/es\/wp-content\/uploads\/2026\/04\/Ruben-Panella.jpeg 1600w\" sizes=\"auto, (max-width: 1024px) 100vw, 1024px\" \/><\/a><figcaption class=\"wp-element-caption\"><em><strong>Rub\u00e9n Panella, presidente reelecto de Fecovita.<\/strong><\/em><\/figcaption><\/figure><\/div>\n\n\n<div style=\"height:47px\" aria-hidden=\"true\" class=\"wp-block-spacer\"><\/div>\n\n\n\n<p>Desde la asesor\u00eda legal de Fecovita observaron que la demora excesiva en la resoluci\u00f3n le trajo a Fecovita p\u00e9rdidas millonarias en obtenci\u00f3n de cr\u00e9ditos, tasas preferenciales y puso en duda a una empresa que siempre tuvo un funcionamiento normal.<\/p>\n\n\n\n<div style=\"height:32px\" aria-hidden=\"true\" class=\"wp-block-spacer\"><\/div>\n\n\n\n<p class=\"has-medium-font-size\"><strong>Solvencia confirmada y falta de \u00abprejudicialidad penal\u00bb<\/strong><\/p>\n\n\n\n<p>Otro de los puntos clave del fallo fue la validaci\u00f3n de la <strong>salud financiera de Fecovita.<\/strong> El tribunal se apoy\u00f3 en informes de diversos organismos oficiales:<\/p>\n\n\n\n<div style=\"height:13px\" aria-hidden=\"true\" class=\"wp-block-spacer\"><\/div>\n\n\n\n<ul class=\"wp-block-list\">\n<li><strong>BCRA<\/strong>: La cooperativa opera con 11 bancos con cumplimiento normal y sin cheques rechazados.<\/li>\n\n\n\n<li><strong>AFIP (ARCA)<\/strong>: No registra deudas fiscales ni previsionales.<\/li>\n\n\n\n<li><strong>NOSIS<\/strong>: Los reportes de riesgo reflejan una situaci\u00f3n comercial sana.<\/li>\n\n\n\n<li><strong>Relaciones Laborales:<\/strong> No registra deuda.<\/li>\n\n\n\n<li><strong>Direcci\u00f3n de Cooperativas:<\/strong> Asambleas y Balances 2020, 2021 y 2022 sin observaciones legales ni contables.<\/li>\n<\/ul>\n\n\n\n<div style=\"height:31px\" aria-hidden=\"true\" class=\"wp-block-spacer\"><\/div>\n\n\n\n<p class=\"has-cyan-bluish-gray-background-color has-background\"><strong>El fallo judicial de la Tercera C\u00e1mara de Apelaciones en lo Civil de Mendoza, <a href=\"file:\/\/\/C:\/Users\/pedro\/AppData\/Local\/Packages\/5319275A.WhatsAppDesktop_cv1g1gvanyjgm\/LocalState\/sessions\/CA18DE307882C56A167F563F8FEA5E52B7845F29\/transfers\/2026-18\/ab776be8-4991-42fc-b2d3-c5fee0375b1e.pdf\">AQU\u00cd<\/a>.<\/strong><\/p>\n\n\n\n<div style=\"height:34px\" aria-hidden=\"true\" class=\"wp-block-spacer\"><\/div>\n\n\n\n<p class=\"has-medium-font-size\"><strong>Rub\u00e9n Panella fue reelecto presidente de Fecovita<\/strong><\/p>\n\n\n\n<p>El 30 de abril se celebr\u00f3 la<strong> Asamblea anual de Fecovita <\/strong>con los representantes de las cooperativas que conforman de la Federaci\u00f3n. Se realiz\u00f3 la elecci\u00f3n de autoridades y la aprobaci\u00f3n del Balance 2025. <strong>Rub\u00e9n Panella <\/strong>fue reelecto como presidente y comienza su quinto per\u00edodo de gesti\u00f3n al frente de la Federaci\u00f3n de Cooperativas.<\/p>\n\n\n\n<p>El resto de la Mesa Directiva qued\u00f3 conformada por <strong>Marcelo Federici, Gustavo Arang\u00fcena, Javier Vergani, Alicia Galante <\/strong>y<strong> Guillermo Cano.<\/strong> <\/p>\n\n\n\n<div style=\"height:33px\" aria-hidden=\"true\" class=\"wp-block-spacer\"><\/div>\n\n\n<div class=\"wp-block-image\">\n<figure class=\"aligncenter size-large is-resized\"><a href=\"https:\/\/enolife.com.ar\/es\/wp-content\/uploads\/2026\/04\/Comision-directiva-de-Fecovita-2026.jpeg\" data-rel=\"penci-gallery-image-content\" ><img loading=\"lazy\" decoding=\"async\" width=\"1024\" height=\"902\" src=\"https:\/\/enolife.com.ar\/es\/wp-content\/uploads\/2026\/04\/Comision-directiva-de-Fecovita-2026-1024x902.jpeg\" alt=\"\" class=\"wp-image-176362\" style=\"width:704px;height:auto\" srcset=\"https:\/\/enolife.com.ar\/es\/wp-content\/uploads\/2026\/04\/Comision-directiva-de-Fecovita-2026-1024x902.jpeg 1024w, https:\/\/enolife.com.ar\/es\/wp-content\/uploads\/2026\/04\/Comision-directiva-de-Fecovita-2026-300x264.jpeg 300w, https:\/\/enolife.com.ar\/es\/wp-content\/uploads\/2026\/04\/Comision-directiva-de-Fecovita-2026-768x677.jpeg 768w, https:\/\/enolife.com.ar\/es\/wp-content\/uploads\/2026\/04\/Comision-directiva-de-Fecovita-2026-1170x1031.jpeg 1170w, https:\/\/enolife.com.ar\/es\/wp-content\/uploads\/2026\/04\/Comision-directiva-de-Fecovita-2026-585x515.jpeg 585w, https:\/\/enolife.com.ar\/es\/wp-content\/uploads\/2026\/04\/Comision-directiva-de-Fecovita-2026.jpeg 1536w\" sizes=\"auto, (max-width: 1024px) 100vw, 1024px\" \/><\/a><figcaption class=\"wp-element-caption\"><em><strong>La nueva Mesa Directiva de Fecovita elegida el 30\/4\/2026, con Rub\u00e9n Panella (3ro. de izq. a der.) al frente.<\/strong><\/em><\/figcaption><\/figure><\/div>\n\n\n<div style=\"height:39px\" aria-hidden=\"true\" class=\"wp-block-spacer\"><\/div>\n\n\n\n<p><em>\u201cTodos los que conformamos la Mesa Directiva reafirmamos el compromiso de seguir trabajando por la sostenibilidad de productores integrados y les agradecemos el apoyo en un a\u00f1o tan dif\u00edcil para la vitivinicultura\u201d<\/em>, coincidieron los integrantes de la nueva mesa de conducci\u00f3n. En este sentido, explicaron que desde la cooperativa se pudieron articular instrumentos para que los productores pudieran levantar la cosecha en la vendimia que est\u00e1 terminando.<\/p>\n\n\n\n<p>Fecovita es una federaci\u00f3n conformada por cooperativas de primer grado ubicadas en los oasis productivos de Mendoza, que integran a miles de peque\u00f1os productores que cada vendimia entregan el trabajo de todo el a\u00f1o para que las cooperativas elaboren el vino y la federaci\u00f3n lo comercialice. Este sistema ofrece, adem\u00e1s de asistencia t\u00e9cnica, un sistema de compras conjuntas de insumos y acceso a la tecnolog\u00eda a productores que no podr\u00edan acceder individualmente por su tama\u00f1o. El promedio de los productores que integran el sistema es de 5 hect\u00e1reas.&nbsp;<\/p>\n\n\n\n<div style=\"height:36px\" aria-hidden=\"true\" class=\"wp-block-spacer\"><\/div>\n","protected":false},"excerpt":{"rendered":"<p>La Tercera C\u00e1mara de Apelaciones en lo Civil de Mendoza confirm\u00f3 que se rechaza el&hellip;<\/p>\n","protected":false},"author":2,"featured_media":99488,"comment_status":"closed","ping_status":"open","sticky":false,"template":"","format":"standard","meta":{"footnotes":""},"categories":[15,14],"tags":[],"class_list":["post-176354","post","type-post","status-publish","format-standard","has-post-thumbnail","hentry","category-destacados","category-news"],"_links":{"self":[{"href":"https:\/\/enolife.com.ar\/es\/wp-json\/wp\/v2\/posts\/176354","targetHints":{"allow":["GET"]}}],"collection":[{"href":"https:\/\/enolife.com.ar\/es\/wp-json\/wp\/v2\/posts"}],"about":[{"href":"https:\/\/enolife.com.ar\/es\/wp-json\/wp\/v2\/types\/post"}],"author":[{"embeddable":true,"href":"https:\/\/enolife.com.ar\/es\/wp-json\/wp\/v2\/users\/2"}],"replies":[{"embeddable":true,"href":"https:\/\/enolife.com.ar\/es\/wp-json\/wp\/v2\/comments?post=176354"}],"version-history":[{"count":12,"href":"https:\/\/enolife.com.ar\/es\/wp-json\/wp\/v2\/posts\/176354\/revisions"}],"predecessor-version":[{"id":176368,"href":"https:\/\/enolife.com.ar\/es\/wp-json\/wp\/v2\/posts\/176354\/revisions\/176368"}],"wp:featuredmedia":[{"embeddable":true,"href":"https:\/\/enolife.com.ar\/es\/wp-json\/wp\/v2\/media\/99488"}],"wp:attachment":[{"href":"https:\/\/enolife.com.ar\/es\/wp-json\/wp\/v2\/media?parent=176354"}],"wp:term":[{"taxonomy":"category","embeddable":true,"href":"https:\/\/enolife.com.ar\/es\/wp-json\/wp\/v2\/categories?post=176354"},{"taxonomy":"post_tag","embeddable":true,"href":"https:\/\/enolife.com.ar\/es\/wp-json\/wp\/v2\/tags?post=176354"}],"curies":[{"name":"wp","href":"https:\/\/api.w.org\/{rel}","templated":true}]}}