{"id":176327,"date":"2026-04-29T20:28:36","date_gmt":"2026-04-29T20:28:36","guid":{"rendered":"https:\/\/enolife.com.ar\/es\/?p=176327"},"modified":"2026-04-29T20:33:34","modified_gmt":"2026-04-29T20:33:34","slug":"gabriel-fidel-es-el-candidato-a-rector-de-la-uncuyo-por-el-oficialismo-junto-a-maria-f-filippini","status":"publish","type":"post","link":"https:\/\/enolife.com.ar\/es\/gabriel-fidel-es-el-candidato-a-rector-de-la-uncuyo-por-el-oficialismo-junto-a-maria-f-filippini\/","title":{"rendered":"Gabriel Fidel es el candidato a rector de la UNCuyo por el oficialismo, junto a Mar\u00eda F. Filippini"},"content":{"rendered":"\n<h4 class=\"wp-block-heading\"><em><strong>Tras una serie de reuniones entre el actual vicerrector de la Universidad Nacional de Cuyo (UNCuyo) y la rectora Esther S\u00e1nchez, trascendi\u00f3 que esta \u00faltima bajar\u00e1 su postulaci\u00f3n a ser reelecta para dejarle el espaci\u00f3 del oficialismo a Fidel, quien en marzo de 2026 hab\u00eda expresado su intenci\u00f3n de ser candidato. Lo acompa\u00f1a como postulante a vicerrectora la decana de la Facultad de Ciencias Agrarias, Mar\u00eda Flavia Filippini (foto principal) y lo apoya la agrupaci\u00f3n Franja Morada. El candidato es un ferviente hincha del club de f\u00fatbol Independiente Rivadavia y, adem\u00e1s, en su calidad de experto en temas vitivin\u00edcolas, fue inspirador y padrino de nuestro diario Enolife desde su fundaci\u00f3n en junio de 2019.<\/strong><\/em><\/h4>\n\n\n\n<div style=\"height:31px\" aria-hidden=\"true\" class=\"wp-block-spacer\"><\/div>\n\n\n<a href=\"https:\/\/fermentis.com\/es\/\" aria-label=\"FERMENTIS 1700X500\"><img loading=\"lazy\" decoding=\"async\" src=\"https:\/\/enolife.com.ar\/es\/wp-content\/uploads\/2025\/05\/FERMENTIS-1700X500.gif\" alt=\"\"  width=\"1700\" height=\"500\"   \/><\/a>\n\n\n<div style=\"height:46px\" aria-hidden=\"true\" class=\"wp-block-spacer\"><\/div>\n\n\n\n<p>En el \u00faltimo d\u00eda para presentar las listas de candidatos a conducir la<strong> Universidad Nacional de Cuyo (UNCuyo),<\/strong> hoy 29\/4\/2026, la actual rectora de la casa de estudios, <strong>Esther S\u00e1nchez,<\/strong> resign\u00f3 su candidatura en beneficio de una lista de unidad oficialista que encabeza <strong>Gabriel Fidel <\/strong>como postulante a rector, acompa\u00f1ado por la decana de la Facultad de Ciencias Agrarias,<strong> Mar\u00eda Flavia Filippini. <\/strong>Ahora, seg\u00fan establece el cronograma de la UNCuyo, comenzar\u00e1 la campa\u00f1a electoral el s\u00e1bado <strong>9 de mayo<\/strong>, para terminar el proceso con las elecciones el mi\u00e9rcoles <strong>19 de junio<\/strong>, y si hay segunda vuelta, el <strong>23 del mismo mes.<\/strong><\/p>\n\n\n\n<div style=\"height:21px\" aria-hidden=\"true\" class=\"wp-block-spacer\"><\/div>\n\n\n\n<p class=\"has-cyan-bluish-gray-background-color has-background has-medium-font-size\"><strong>Todos los candidatos<\/strong><\/p>\n\n\n\n<p class=\"has-cyan-bluish-gray-background-color has-background\">En tanto, las otras corrientes dentro de la UNCuyo mantienen sus candidatos: <strong>Ismael Farrando<\/strong> junto a <strong>Jimena Estrella<\/strong> (lista \u201cTrayectoria y Renovaci\u00f3n\u201d, que se autodefinen como \u00abindependientes\u00bb pero tambi\u00e9n est\u00e1n vinculados al radicalismo provincial); el peronismo, que tendr\u00eda dos representaciones bien diferenciadas por l\u00edneas de pensamiento: por un lado, la hist\u00f3rica\u00a0<strong>Adriana Garc\u00eda <\/strong>y<strong> Arturo Tascheret, <\/strong>y por otro, el soci\u00f3logo<strong> Javier Ozollo<\/strong> junto a <strong>Fernanda Bernab\u00e9.<\/strong> Tambi\u00e9n se mencionaban las posibles candidaturas de<strong> Adolfo Omar \u00abToti\u00bb Cueto<\/strong>, ex decano de la Facultad de Filosof\u00eda y Letras; de<strong> Juan Carlos Aguil\u00f3<\/strong>, ex decano de la Facultad de Ciencias Pol\u00edticas y Sociales; y de <strong>Manuel Cuervo Sola<\/strong>, consejero directivo y profesor de Ciencias Pol\u00edticas y Sociales.\u00a0<\/p>\n\n\n\n<div style=\"height:37px\" aria-hidden=\"true\" class=\"wp-block-spacer\"><\/div>\n\n\n\n<p>Respecto a la baja de S\u00e1nchez como candidata a la reelecci\u00f3n, desde el Rectorado de la UNCuyo informaron: <em>\u00abLa rectora Esther S\u00e1nchez acord\u00f3 la unidad que garantice la continuidad de su proyecto para los pr\u00f3ximos cuatro a\u00f1os. Del mismo modo lo hizo su compa\u00f1ero de f\u00f3rmula, Roberto Miatello. Se trata de una decisi\u00f3n que garantice la continuidad de las l\u00edneas centrales de su gesti\u00f3n como rectora. Es un proyecto que, a pesar del contexto de profundas restricciones presupuestarias y ataques pol\u00edticos hacia la universidad p\u00fablica, logr\u00f3 una transformaci\u00f3n acad\u00e9mica que se plante\u00f3 en 2022 como indispensable para adecuar la oferta formativa de la universidad a nuevas demandas sociales y sujetos de aprendizaje\u00bb.<\/em><\/p>\n\n\n\n<div style=\"height:23px\" aria-hidden=\"true\" class=\"wp-block-spacer\"><\/div>\n\n\n\n<p class=\"has-medium-font-size\"><strong>El perfil de Gabriel Fidel<\/strong><\/p>\n\n\n\n<p>El hist\u00f3rico dirigente radical es licenciado en Ciencias Pol\u00edticas por la UNCuyo y cuenta con&nbsp;<strong>un m\u00e1ster en Asuntos P\u00fablicos de la Universidad de Texas at Austin<\/strong>, con especializaci\u00f3n en pol\u00edtica econ\u00f3mica. Tiene una extensa trayectoria tanto en el sector privado como p\u00fablico.<\/p>\n\n\n\n<div style=\"height:25px\" aria-hidden=\"true\" class=\"wp-block-spacer\"><\/div>\n\n\n<div class=\"wp-block-image\">\n<figure class=\"aligncenter size-full is-resized\"><a href=\"https:\/\/enolife.com.ar\/es\/wp-content\/uploads\/2026\/04\/Esther-Sanchez-y-Gabriel-Fidel.png\" data-rel=\"penci-gallery-image-content\" ><img loading=\"lazy\" decoding=\"async\" width=\"966\" height=\"575\" src=\"https:\/\/enolife.com.ar\/es\/wp-content\/uploads\/2026\/04\/Esther-Sanchez-y-Gabriel-Fidel.png\" alt=\"\" class=\"wp-image-176332\" style=\"width:728px;height:auto\" srcset=\"https:\/\/enolife.com.ar\/es\/wp-content\/uploads\/2026\/04\/Esther-Sanchez-y-Gabriel-Fidel.png 966w, https:\/\/enolife.com.ar\/es\/wp-content\/uploads\/2026\/04\/Esther-Sanchez-y-Gabriel-Fidel-300x179.png 300w, https:\/\/enolife.com.ar\/es\/wp-content\/uploads\/2026\/04\/Esther-Sanchez-y-Gabriel-Fidel-768x457.png 768w, https:\/\/enolife.com.ar\/es\/wp-content\/uploads\/2026\/04\/Esther-Sanchez-y-Gabriel-Fidel-585x348.png 585w\" sizes=\"auto, (max-width: 966px) 100vw, 966px\" \/><\/a><figcaption class=\"wp-element-caption\"><em><strong>Esther S\u00e1nchez y Gabriel Fidel no ser\u00e1n rivales en las elecciones de la UNCuyo.<\/strong><\/em><\/figcaption><\/figure><\/div>\n\n\n<div style=\"height:32px\" aria-hidden=\"true\" class=\"wp-block-spacer\"><\/div>\n\n\n\n<p>En el \u00e1mbito p\u00fablico, fue&nbsp;<strong>ministro de Gobierno en la gobernaci\u00f3n Cobos; y de Econom\u00eda y subsecretario de Turismo en la gesti\u00f3n Iglesias<\/strong>. Adem\u00e1s, presidi\u00f3 la Agencia de Innovaci\u00f3n, Ciencia y Tecnolog\u00eda en la gesti\u00f3n de Rodolfo Su\u00e1rez, as\u00ed como&nbsp;<strong>titular de la Fundaci\u00f3n ProMendoza<\/strong>. <\/p>\n\n\n\n<div style=\"height:26px\" aria-hidden=\"true\" class=\"wp-block-spacer\"><\/div>\n\n\n\n<p class=\"has-cyan-bluish-gray-background-color has-background has-medium-font-size\"><strong>Gabriel Fidel, personalidad destacada de Enolife<\/strong><\/p>\n\n\n\n<p class=\"has-cyan-bluish-gray-background-color has-background\">En el sector de la vitivinicultura, Fidel se<strong> desempe\u00f1\u00f3 como directivo y consultor en empresas y organismos nacionales e internacionale<\/strong>s, con roles gerenciales en bodegas y entidades del sector. Al respecto, nos cabe mencionar con orgullo que Gabriel Fidel es el <strong>\u00abpadrino\u00bb de nuestro diario vitivin\u00edcola Enolife<\/strong> y que fue protagonista de la <a href=\"https:\/\/enolife.com.ar\/es\/gabriel-fidel-hay-que-consolidar-una-sudamerica-bioceanica-sin-barreras-arancelarias\/\">primera entrevista<\/a> que realizamos a personalidades de la industria, publicada el mismo d\u00eda de nuestro lanzamiento online el 29 de junio de 2019.<\/p>\n\n\n\n<div style=\"height:20px\" aria-hidden=\"true\" class=\"wp-block-spacer\"><\/div>\n\n\n\n<p>En 2015 fue electo&nbsp;<strong>Parlamentario del Mercosur por Mendoza<\/strong>. Tambi\u00e9n integr\u00f3 el&nbsp;<strong>directorio de YPF entre 2017 y 2019<\/strong>.<\/p>\n\n\n\n<p>En paralelo, ha mantenido actividad acad\u00e9mica como&nbsp;<strong>profesor titular de Econom\u00eda Pol\u00edtica en la UNCuyo durante m\u00e1s de tres d\u00e9cadas.<\/strong><\/p>\n\n\n\n<p>El candidato a rector de la UNCuyo es tambi\u00e9n un <strong>ferviente hincha del club Independiente Rivadavia, la \u00abLepra\u00bb mendocina<\/strong>, en cuya cancha se lo suele ver alentando al equipo de sus amores, hoy l\u00edder y sensaci\u00f3n del campeonato de f\u00fatbol argentino.<\/p>\n\n\n\n<div style=\"height:31px\" aria-hidden=\"true\" class=\"wp-block-spacer\"><\/div>\n","protected":false},"excerpt":{"rendered":"<p>Tras una serie de reuniones entre el actual vicerrector de la Universidad Nacional de Cuyo&hellip;<\/p>\n","protected":false},"author":2,"featured_media":176330,"comment_status":"closed","ping_status":"open","sticky":false,"template":"","format":"standard","meta":{"footnotes":""},"categories":[15,4],"tags":[],"class_list":["post-176327","post","type-post","status-publish","format-standard","has-post-thumbnail","hentry","category-destacados","category-protagonistas"],"_links":{"self":[{"href":"https:\/\/enolife.com.ar\/es\/wp-json\/wp\/v2\/posts\/176327","targetHints":{"allow":["GET"]}}],"collection":[{"href":"https:\/\/enolife.com.ar\/es\/wp-json\/wp\/v2\/posts"}],"about":[{"href":"https:\/\/enolife.com.ar\/es\/wp-json\/wp\/v2\/types\/post"}],"author":[{"embeddable":true,"href":"https:\/\/enolife.com.ar\/es\/wp-json\/wp\/v2\/users\/2"}],"replies":[{"embeddable":true,"href":"https:\/\/enolife.com.ar\/es\/wp-json\/wp\/v2\/comments?post=176327"}],"version-history":[{"count":9,"href":"https:\/\/enolife.com.ar\/es\/wp-json\/wp\/v2\/posts\/176327\/revisions"}],"predecessor-version":[{"id":176338,"href":"https:\/\/enolife.com.ar\/es\/wp-json\/wp\/v2\/posts\/176327\/revisions\/176338"}],"wp:featuredmedia":[{"embeddable":true,"href":"https:\/\/enolife.com.ar\/es\/wp-json\/wp\/v2\/media\/176330"}],"wp:attachment":[{"href":"https:\/\/enolife.com.ar\/es\/wp-json\/wp\/v2\/media?parent=176327"}],"wp:term":[{"taxonomy":"category","embeddable":true,"href":"https:\/\/enolife.com.ar\/es\/wp-json\/wp\/v2\/categories?post=176327"},{"taxonomy":"post_tag","embeddable":true,"href":"https:\/\/enolife.com.ar\/es\/wp-json\/wp\/v2\/tags?post=176327"}],"curies":[{"name":"wp","href":"https:\/\/api.w.org\/{rel}","templated":true}]}}