{"id":176289,"date":"2026-04-29T00:16:33","date_gmt":"2026-04-29T00:16:33","guid":{"rendered":"https:\/\/enolife.com.ar\/es\/?p=176289"},"modified":"2026-04-29T00:16:33","modified_gmt":"2026-04-29T00:16:33","slug":"un-director-del-grupo-chandon-conducira-wofa-con-la-mira-en-mercados-clave-para-el-vino-argentino","status":"publish","type":"post","link":"https:\/\/enolife.com.ar\/es\/un-director-del-grupo-chandon-conducira-wofa-con-la-mira-en-mercados-clave-para-el-vino-argentino\/","title":{"rendered":"Un director del grupo Chandon conducir\u00e1 WofA con la mira en mercados clave para el vino argentino"},"content":{"rendered":"\n<h4 class=\"wp-block-heading\"><em><strong>El administrador de empresas recibido en la UNCuyo Lucas L\u00f6wi, mendocino de 47 a\u00f1os, actual director general de Bodega Terrazas de los Andes -empresa que opera bajo el parag\u00fcas de Bodegas Chandon Argentina, propiedad del grupo franc\u00e9s Louis Vuitton Mo\u00ebt Hennessy- , reemplazar\u00e1 a Alejandro Vigil como presidente de Wines of Argentina, la entidad encargada de promover la marca \u00abVino Argentino\u00bb en el mundo. Lo acompa\u00f1a como vicepresidenta en esta renovaci\u00f3n del Directorio para el per\u00edodo 2026-2028 Sof\u00eda Pescarmona, de Bodega Lagarde. La estrategia de la nueva direcci\u00f3n pondr\u00e1 el foco en reforzar la presencia argentina en mercados clave.<\/strong><\/em><\/h4>\n\n\n\n<div style=\"height:47px\" aria-hidden=\"true\" class=\"wp-block-spacer\"><\/div>\n\n\n<a href=\"https:\/\/sitevinitech.com.ar\" aria-label=\"Sitevintech\"><img loading=\"lazy\" decoding=\"async\" src=\"https:\/\/enolife.com.ar\/es\/wp-content\/uploads\/2026\/04\/sitevinitech-1700x500-1.gif\" alt=\"Sitevintech\"  width=\"1700\" height=\"500\"   \/><\/a>\n\n\n<div style=\"height:41px\" aria-hidden=\"true\" class=\"wp-block-spacer\"><\/div>\n\n\n\n<p><strong>Wines of Argentina (WofA)<\/strong>, organizaci\u00f3n responsable de la promoci\u00f3n de la marca <strong>\u00abVino Argentino\u00bb<\/strong><em>&nbsp;<\/em>en los mercados mundiales, llev\u00f3 a cabo su Asamblea General Ordinaria en la que se renov\u00f3 el Directorio para el <strong>per\u00edodo 2026-2028.<\/strong> Con una conducci\u00f3n liderada por Lucas L\u00f6wi (Bodega Terrazas de los Andes) como presidente y Sof\u00eda Pescarmona (Bodega Lagarde), como vicepresidenta, la entidad se prepara para profundizar su plan estrat\u00e9gico centrado en la premiumizaci\u00f3n de la producci\u00f3n de vino, la digitalizaci\u00f3n y la sostenibilidad.<\/p>\n\n\n\n<p>La nueva comisi\u00f3n continuar\u00e1 profundizando el foco en el posicionamiento del vino argentino en mercados clave, con programas que combinen oportunidades de negocios para las bodegas y componentes educativos que potencien la llegada de los mensajes de la entidad a los sectores relevantes de la industria.<\/p>\n\n\n\n<p>Este rumbo estrat\u00e9gico se apoya en el concepto&nbsp;<strong>\u00abThe Wine for Now\u00bb<\/strong>, la nueva narrativa comunicacional dise\u00f1ada para reposicionar la imagen del pa\u00eds ante las nuevas audiencias internacionales.<\/p>\n\n\n\n<div style=\"height:31px\" aria-hidden=\"true\" class=\"wp-block-spacer\"><\/div>\n\n\n<div class=\"wp-block-image\">\n<figure class=\"aligncenter size-large is-resized\"><a href=\"https:\/\/enolife.com.ar\/es\/wp-content\/uploads\/2026\/04\/Sofia-Pescarmona.jpeg\" data-rel=\"penci-gallery-image-content\" ><img loading=\"lazy\" decoding=\"async\" width=\"1024\" height=\"576\" src=\"https:\/\/enolife.com.ar\/es\/wp-content\/uploads\/2026\/04\/Sofia-Pescarmona-1024x576.jpeg\" alt=\"\" class=\"wp-image-176298\" style=\"width:722px;height:auto\" srcset=\"https:\/\/enolife.com.ar\/es\/wp-content\/uploads\/2026\/04\/Sofia-Pescarmona-1024x576.jpeg 1024w, https:\/\/enolife.com.ar\/es\/wp-content\/uploads\/2026\/04\/Sofia-Pescarmona-300x169.jpeg 300w, https:\/\/enolife.com.ar\/es\/wp-content\/uploads\/2026\/04\/Sofia-Pescarmona-768x432.jpeg 768w, https:\/\/enolife.com.ar\/es\/wp-content\/uploads\/2026\/04\/Sofia-Pescarmona-1536x864.jpeg 1536w, https:\/\/enolife.com.ar\/es\/wp-content\/uploads\/2026\/04\/Sofia-Pescarmona-1170x658.jpeg 1170w, https:\/\/enolife.com.ar\/es\/wp-content\/uploads\/2026\/04\/Sofia-Pescarmona-585x329.jpeg 585w, https:\/\/enolife.com.ar\/es\/wp-content\/uploads\/2026\/04\/Sofia-Pescarmona.jpeg 1600w\" sizes=\"auto, (max-width: 1024px) 100vw, 1024px\" \/><\/a><figcaption class=\"wp-element-caption\"><em><strong>Sof\u00eda Pescarmona, nueva vicepresidenta de WofA.<\/strong><\/em><\/figcaption><\/figure><\/div>\n\n\n<div style=\"height:40px\" aria-hidden=\"true\" class=\"wp-block-spacer\"><\/div>\n\n\n\n<p>En l\u00ednea con el <em>roadmap<\/em> estrat\u00e9gico trazado en 2024, desde WofA adelantaron que continuar\u00e1n fortaleciendo su trabajo en mercados clave como <strong>Estados Unidos, Brasil, Canad\u00e1, Europa y Asia<\/strong>, con el ambicioso objetivo de triplicar el <em>share<\/em> de mercado para 2030. <\/p>\n\n\n\n<p>Asimismo, <strong>Red Sustenta Vitis,<\/strong>&nbsp;el programa de sostenibilidad de WofA financiado por la <strong>Uni\u00f3n Europea (UE),<\/strong> seguir\u00e1 siendo&nbsp;el motor de innovaci\u00f3n y de posicionamiento competitivo en mercados internacionales.<\/p>\n\n\n\n<div style=\"height:40px\" aria-hidden=\"true\" class=\"wp-block-spacer\"><\/div>\n\n\n<div class=\"wp-block-image\">\n<figure class=\"aligncenter size-large is-resized\"><a href=\"https:\/\/enolife.com.ar\/es\/wp-content\/uploads\/2026\/04\/Alejandro-Vigil-y-Lucas-Lowi-1-scaled.jpg\" data-rel=\"penci-gallery-image-content\" ><img loading=\"lazy\" decoding=\"async\" width=\"1024\" height=\"682\" src=\"https:\/\/enolife.com.ar\/es\/wp-content\/uploads\/2026\/04\/Alejandro-Vigil-y-Lucas-Lowi-1-1024x682.jpg\" alt=\"\" class=\"wp-image-176302\" style=\"width:700px;height:auto\" srcset=\"https:\/\/enolife.com.ar\/es\/wp-content\/uploads\/2026\/04\/Alejandro-Vigil-y-Lucas-Lowi-1-1024x682.jpg 1024w, https:\/\/enolife.com.ar\/es\/wp-content\/uploads\/2026\/04\/Alejandro-Vigil-y-Lucas-Lowi-1-300x200.jpg 300w, https:\/\/enolife.com.ar\/es\/wp-content\/uploads\/2026\/04\/Alejandro-Vigil-y-Lucas-Lowi-1-768x511.jpg 768w, https:\/\/enolife.com.ar\/es\/wp-content\/uploads\/2026\/04\/Alejandro-Vigil-y-Lucas-Lowi-1-1536x1023.jpg 1536w, https:\/\/enolife.com.ar\/es\/wp-content\/uploads\/2026\/04\/Alejandro-Vigil-y-Lucas-Lowi-1-2048x1364.jpg 2048w, https:\/\/enolife.com.ar\/es\/wp-content\/uploads\/2026\/04\/Alejandro-Vigil-y-Lucas-Lowi-1-1170x779.jpg 1170w, https:\/\/enolife.com.ar\/es\/wp-content\/uploads\/2026\/04\/Alejandro-Vigil-y-Lucas-Lowi-1-585x390.jpg 585w\" sizes=\"auto, (max-width: 1024px) 100vw, 1024px\" \/><\/a><figcaption class=\"wp-element-caption\"><em><strong>El ex presidente Alejandro Vigil, ahora con el cargo de director suplente, saluda al nuevo titular de WofA, Lucas L\u00f6wi.<\/strong><\/em><\/figcaption><\/figure><\/div>\n\n\n<div style=\"height:44px\" aria-hidden=\"true\" class=\"wp-block-spacer\"><\/div>\n\n\n\n<p><em>\u201cAsumimos este desaf\u00edo junto a Sof\u00eda, el Comit\u00e9 y este nuevo Directorio, con la visi\u00f3n de potenciar la sinergia de nuestras bodegas socias. Respaldados por la capacidad t\u00e9cnica del equipo de WofA, estamos comprometidos a profundizar el profesionalismo de la gesti\u00f3n, donde la inteligencia de mercado sea el puente directo hacia la rentabilidad y la competitividad real de nuestras etiquetas. Buscamos consolidar una instituci\u00f3n \u00e1gil, que no solo reaccione a las tendencias globales, sino que se anticipe a ellas para asegurar el prestigio del negocio en el largo plazo\u201d,&nbsp;<\/em>destac\u00f3 el flamante presidente.<\/p>\n\n\n\n<p>Por su parte, la vicepresidenta electa destac\u00f3:<em>&nbsp;\u201cDesempe\u00f1ar este nuevo rol en Wines of Argentina es un honor para m\u00ed. Creo profundamente en el valor del trabajo colectivo para continuar posicionando al vino argentino en el mundo desde nuestra identidad, nuestro paisaje y la calidad de quienes lo hacen posible\u201d.<\/em><\/p>\n\n\n\n<div style=\"height:26px\" aria-hidden=\"true\" class=\"wp-block-spacer\"><\/div>\n\n\n\n<p>Esta es la conformaci\u00f3n del nuevo Directorio de Wines of Argentina:<\/p>\n\n\n\n<figure class=\"wp-block-table\"><table class=\"has-fixed-layout\"><tbody><tr><td><strong>CARGO<\/strong><\/td><td><strong>RAZ\u00d3N SOCIAL<\/strong><\/td><td><strong>REPRESENTANTE<\/strong><\/td><\/tr><tr><td>Presidente\/a<\/td><td>BODEGAS CHANDON S.A. (Terrazas de los Andes)<\/td><td>LUCAS L\u00d6WI<\/td><\/tr><tr><td>Vicepresidente\/a<\/td><td>LAGARDE S.A.<\/td><td>SOF\u00cdA PESCARMONA<\/td><\/tr><tr><td>Secretario\/a<\/td><td>CLOS DE LOS SIETE S.A.<\/td><td>RAMIRO BARRIOS<\/td><\/tr><tr><td>Prosecretario\/a<\/td><td>FINCAS PATAG\u00d3NICAS S.A. (Tapiz)<\/td><td>PATRICIA FREULER DE ORTIZ<\/td><\/tr><tr><td>Tesorero\/a<\/td><td>BARBARIANS S.A.<\/td><td>MAURICIO BOULLAUDE<\/td><\/tr><tr><td>Protesorero\/a<\/td><td>KAIKEN S.A.<\/td><td>ANA MARIA CORREAS<\/td><\/tr><tr><td>Director\/a Titular<\/td><td>BENEGAS S.A.<\/td><td>TIBURCIO BENEGAS<\/td><\/tr><tr><td>Director\/a Titular<\/td><td>BYV HUGO Y EDUARDO PULENTA S.A.<\/td><td>EDUARDO QUINTO PULENTA SAGUI (HIJO)<\/td><\/tr><tr><td>Director\/a Titular<\/td><td>TRIVENTO BODEGAS Y VI\u00d1EDOS<\/td><td>VICTORIA ACOSTA<\/td><\/tr><tr><td>Director\/a Titular<\/td><td>EST. HUMBERTO CANALE<\/td><td>GUILLERMO BARZI<\/td><\/tr><tr><td>Director\/a Titular<\/td><td>GRUPO AVINEA SA (Bodega Argento)<\/td><td>PABLO ARANDA HYNES<\/td><\/tr><tr><td>Director\/a Titular<\/td><td>LA RURAL S.A.<\/td><td>GUSTAVO ARROYAT<\/td><\/tr><tr><td>Director\/a Titular<\/td><td>UVAS DEL VALLE S.A.<\/td><td>LUCIA ROMERO<\/td><\/tr><tr><td>Director\/a Titular<\/td><td>LEONCIO ARIZU S.A.<\/td><td>ALBERTO ARIZU<\/td><\/tr><tr><td>Director\/a Titular<\/td><td>BODEGAS BUDEGUER S.A.<\/td><td>LEANDRO BASTIAS<\/td><\/tr><tr><td>Director\/a Titular<\/td><td>TITTARELLI VIT. Y OLIV. S.A.<\/td><td>DANIEL GOMEZ<\/td><\/tr><tr><td>Director\/a Suplente<\/td><td>PUERTO ANCONA<\/td><td>ALEJANDRO VIGIL<\/td><\/tr><tr><td>Director\/a Suplente<\/td><td>PACHA CO (DURIGUTTI)<\/td><td>CARINA VALICATI<\/td><\/tr><tr><td>Director\/a Suplente<\/td><td>GRUPO PE\u00d1AFLOR SAU<\/td><td>GASPAR TRAVAGLINI<\/td><\/tr><tr><td>Director\/a Suplente<\/td><td>BDFM<\/td><td>JULIANA DEL AGUILA<\/td><\/tr><tr><td>Revisor\/a de cuentas titular<\/td><td>BEAU LIEU S.A. (MENDEL)<\/td><td>TATIANA SIELECKI<\/td><\/tr><tr><td>Revisor\/a de cuentas titular<\/td><td>GRUPO COLOME S.A.<\/td><td>MANUEL LAN\u00daS<\/td><\/tr><tr><td>Revisor\/a de cuentas titular<\/td><td>S.A. EST. VIT. ESCORIHUELA<\/td><td>RENZO MONGE<\/td><\/tr><tr><td>Revisor\/a de cuentas suplente<\/td><td>ANDELUNA<\/td><td>MARCELO BURGOS<\/td><\/tr><tr><td>Revisor\/a de cuentas suplente<\/td><td>SPN WINES S.A. (Raquis)<\/td><td>ARIEL NU\u00d1EZ POROLLI<\/td><\/tr><tr><td>Revisor\/a de cuentas suplente<\/td><td>LA AGR\u00cdCOLA S.A. (Familia Zuccardi)<\/td><td>LEANDRO LOWI<\/td><\/tr><\/tbody><\/table><\/figure>\n\n\n\n<div style=\"height:32px\" aria-hidden=\"true\" class=\"wp-block-spacer\"><\/div>\n\n\n\n<p><\/p>\n","protected":false},"excerpt":{"rendered":"<p>El administrador de empresas recibido en la UNCuyo Lucas L\u00f6wi, mendocino de 47 a\u00f1os, actual&hellip;<\/p>\n","protected":false},"author":2,"featured_media":176297,"comment_status":"closed","ping_status":"open","sticky":false,"template":"","format":"standard","meta":{"footnotes":""},"categories":[15,14],"tags":[],"class_list":["post-176289","post","type-post","status-publish","format-standard","has-post-thumbnail","hentry","category-destacados","category-news"],"_links":{"self":[{"href":"https:\/\/enolife.com.ar\/es\/wp-json\/wp\/v2\/posts\/176289","targetHints":{"allow":["GET"]}}],"collection":[{"href":"https:\/\/enolife.com.ar\/es\/wp-json\/wp\/v2\/posts"}],"about":[{"href":"https:\/\/enolife.com.ar\/es\/wp-json\/wp\/v2\/types\/post"}],"author":[{"embeddable":true,"href":"https:\/\/enolife.com.ar\/es\/wp-json\/wp\/v2\/users\/2"}],"replies":[{"embeddable":true,"href":"https:\/\/enolife.com.ar\/es\/wp-json\/wp\/v2\/comments?post=176289"}],"version-history":[{"count":11,"href":"https:\/\/enolife.com.ar\/es\/wp-json\/wp\/v2\/posts\/176289\/revisions"}],"predecessor-version":[{"id":176305,"href":"https:\/\/enolife.com.ar\/es\/wp-json\/wp\/v2\/posts\/176289\/revisions\/176305"}],"wp:featuredmedia":[{"embeddable":true,"href":"https:\/\/enolife.com.ar\/es\/wp-json\/wp\/v2\/media\/176297"}],"wp:attachment":[{"href":"https:\/\/enolife.com.ar\/es\/wp-json\/wp\/v2\/media?parent=176289"}],"wp:term":[{"taxonomy":"category","embeddable":true,"href":"https:\/\/enolife.com.ar\/es\/wp-json\/wp\/v2\/categories?post=176289"},{"taxonomy":"post_tag","embeddable":true,"href":"https:\/\/enolife.com.ar\/es\/wp-json\/wp\/v2\/tags?post=176289"}],"curies":[{"name":"wp","href":"https:\/\/api.w.org\/{rel}","templated":true}]}}