{"id":176281,"date":"2026-04-28T14:56:55","date_gmt":"2026-04-28T14:56:55","guid":{"rendered":"https:\/\/enolife.com.ar\/es\/?p=176281"},"modified":"2026-04-28T14:56:55","modified_gmt":"2026-04-28T14:56:55","slug":"mendoza-envio-1-236-botellas-de-19-bodegas-a-la-cite-du-vin-de-francia","status":"publish","type":"post","link":"https:\/\/enolife.com.ar\/es\/mendoza-envio-1-236-botellas-de-19-bodegas-a-la-cite-du-vin-de-francia\/","title":{"rendered":"Mendoza envi\u00f3 1.236 botellas de 19 bodegas a la Cit\u00e9 du Vin de Francia"},"content":{"rendered":"\n<h4 class=\"wp-block-heading\"><em><strong>El gobierno y empresas vitivin\u00edcolas de esta provincia -la principal productora de vino de Argentina- se sumaron a las acciones por el 10\u00b0 aniversario del emblem\u00e1tico museo y centro cultural del vino de Burdeos (foto principal). Las 34 etiquetas de las 19 bodegas permanecer\u00e1n en exhibici\u00f3n y venta durante todo el a\u00f1o, en una vidriera internacional que permite mostrar la vitivinicultura como expresi\u00f3n cultural e identitaria de Mendoza.<\/strong><\/em><\/h4>\n\n\n\n<div style=\"height:41px\" aria-hidden=\"true\" class=\"wp-block-spacer\"><\/div>\n\n\n<a href=\"https:\/\/altieri.com.ar\/\" aria-label=\"ALTIERI-1700X500\"><img loading=\"lazy\" decoding=\"async\" src=\"https:\/\/enolife.com.ar\/es\/wp-content\/uploads\/2025\/02\/ALTIERI-1700X500.jpg\" alt=\"\"  srcset=\"https:\/\/enolife.com.ar\/es\/wp-content\/uploads\/2025\/02\/ALTIERI-1700X500.jpg 1700w, https:\/\/enolife.com.ar\/es\/wp-content\/uploads\/2025\/02\/ALTIERI-1700X500-300x88.jpg 300w, https:\/\/enolife.com.ar\/es\/wp-content\/uploads\/2025\/02\/ALTIERI-1700X500-1024x301.jpg 1024w, https:\/\/enolife.com.ar\/es\/wp-content\/uploads\/2025\/02\/ALTIERI-1700X500-768x226.jpg 768w, https:\/\/enolife.com.ar\/es\/wp-content\/uploads\/2025\/02\/ALTIERI-1700X500-1536x452.jpg 1536w, https:\/\/enolife.com.ar\/es\/wp-content\/uploads\/2025\/02\/ALTIERI-1700X500-1170x344.jpg 1170w, https:\/\/enolife.com.ar\/es\/wp-content\/uploads\/2025\/02\/ALTIERI-1700X500-585x172.jpg 585w\" sizes=\"auto, (max-width: 1700px) 100vw, 1700px\" width=\"1700\" height=\"500\"   \/><\/a>\n\n\n<div style=\"height:37px\" aria-hidden=\"true\" class=\"wp-block-spacer\"><\/div>\n\n\n\n<p><br>En el marco de las celebraciones por el d\u00e9cimo aniversario de <strong>La Cit\u00e9 du Vin<\/strong>, el gobierno y bodegas de <strong>Mendoz<\/strong>a firmaron un convenio para aportar los vinos locales en ese emblem\u00e1tico museo y centro cultural del vino ubicado en <strong>Burdeos, Francia. <\/strong><\/p>\n\n\n\n<p>En base a ese convenio, <strong>ProMendoza<\/strong> -la agencia gubernamental de promoci\u00f3n de los productos mendocinos en el mundo- concret\u00f3 el env\u00edo de <strong>1.236 botellas de vino<\/strong> para reafirmar su proyecci\u00f3n internacional y su protagonismo en uno de los espacios m\u00e1s influyentes del mundo dedicados a la cultura vitivin\u00edcola. La acci\u00f3n posiciona a la provincia en un escenario estrat\u00e9gico para la difusi\u00f3n global del vino argentino, en di\u00e1logo directo con p\u00fablicos especializados y visitantes de todas las latitudes.<\/p>\n\n\n\n<p>El env\u00edo de estas 1.236 botellas contempla la presencia de <strong>34 etiquetas mendocinas de gama media y alta<\/strong> a lo largo de la programaci\u00f3n anual del museo. En total, <strong>19 bodegas de la provincia<\/strong> se sumaron a la iniciativa, apostando a una vidriera internacional que no s\u00f3lo promueve al vino como producto de excelencia, sino tambi\u00e9n como expresi\u00f3n cultural e identitaria de Mendoza.<\/p>\n\n\n\n<div style=\"height:40px\" aria-hidden=\"true\" class=\"wp-block-spacer\"><\/div>\n\n\n<div class=\"wp-block-image\">\n<figure class=\"aligncenter size-large is-resized\"><a href=\"https:\/\/enolife.com.ar\/es\/wp-content\/uploads\/2026\/04\/Patricia-Gimenez-y-Carolina.jpg\" data-rel=\"penci-gallery-image-content\" ><img loading=\"lazy\" decoding=\"async\" width=\"1024\" height=\"768\" src=\"https:\/\/enolife.com.ar\/es\/wp-content\/uploads\/2026\/04\/Patricia-Gimenez-y-Carolina-1024x768.jpg\" alt=\"\" class=\"wp-image-176285\" style=\"width:710px;height:auto\" srcset=\"https:\/\/enolife.com.ar\/es\/wp-content\/uploads\/2026\/04\/Patricia-Gimenez-y-Carolina-1024x768.jpg 1024w, https:\/\/enolife.com.ar\/es\/wp-content\/uploads\/2026\/04\/Patricia-Gimenez-y-Carolina-300x225.jpg 300w, https:\/\/enolife.com.ar\/es\/wp-content\/uploads\/2026\/04\/Patricia-Gimenez-y-Carolina-768x576.jpg 768w, https:\/\/enolife.com.ar\/es\/wp-content\/uploads\/2026\/04\/Patricia-Gimenez-y-Carolina-1170x878.jpg 1170w, https:\/\/enolife.com.ar\/es\/wp-content\/uploads\/2026\/04\/Patricia-Gimenez-y-Carolina-585x439.jpg 585w, https:\/\/enolife.com.ar\/es\/wp-content\/uploads\/2026\/04\/Patricia-Gimenez-y-Carolina.jpg 1280w\" sizes=\"auto, (max-width: 1024px) 100vw, 1024px\" \/><\/a><figcaption class=\"wp-element-caption\"><em><strong>Funcionarios de ProMendoza y representantes de las bodegas participantes, en el despacho a Francia de las 1.236 botellas de vino mendocino.<\/strong><\/em><\/figcaption><\/figure><\/div>\n\n\n<div style=\"height:48px\" aria-hidden=\"true\" class=\"wp-block-spacer\"><\/div>\n\n\n\n<p>Las botellas enviadas por la provincia tendr\u00e1n una participaci\u00f3n destacada en distintos espacios del museo. Los vinos mendocinos estar\u00e1n presentes en el <strong>Belv\u00e9d\u00e8re, el bar panor\u00e1mico de La Cit\u00e9 du Vin, <\/strong>donde se ofrece diariamente una selecci\u00f3n rotativa de etiquetas de regiones vitivin\u00edcolas de todo el mundo, y formar\u00e1n parte adem\u00e1s de seminarios, degustaciones tem\u00e1ticas y eventos especiales organizados por la instituci\u00f3n.<\/p>\n\n\n\n<p>La selecci\u00f3n de las <strong>1.236 botellas<\/strong> refleja la diversidad y el potencial enol\u00f3gico de Mendoza, con una cuidada representaci\u00f3n de varietales cl\u00e1sicos, patrimoniales e innovadores. <\/p>\n\n\n\n<div style=\"height:23px\" aria-hidden=\"true\" class=\"wp-block-spacer\"><\/div>\n\n\n\n<p class=\"has-background\" style=\"background-color:#cfa1ac\"><strong>Qu\u00e9 vinos se enviaron<\/strong><br><br>El env\u00edo incluye expresiones de Malbec en versiones puras y de corte, Cabernet Franc, Ancellotta, Bonarda, Petit Verdot, Torront\u00e9s, Sauvignon Blanc y Pinot Noir, adem\u00e1s de blends singulares como Malbec con Syrah y Malbec con Corvina. Tambi\u00e9n se destacan cepas identitarias como la Criolla Chica y Criolla Grande, junto con propuestas de Chardonnay y espumosos de alta calidad, dando cuenta de la amplitud de estilos, territorios y miradas que conviven hoy en la vitivinicultura mendocina.<\/p>\n\n\n\n<div style=\"height:32px\" aria-hidden=\"true\" class=\"wp-block-spacer\"><\/div>\n\n\n\n<p><em>\u00abLas etiquetas enviadas a Francia fueron elaboradas por bodegas representativas de distintos oasis productivos de la provincia, y desde ProMendoza agradecemos por el apoyo a esta iniciativa\u00bb<\/em>, indic\u00f3 <strong>Patricia Gim\u00e9nez<\/strong>, gerenta de la entidad. <\/p>\n\n\n\n<div style=\"height:20px\" aria-hidden=\"true\" class=\"wp-block-spacer\"><\/div>\n\n\n\n<h3 class=\"wp-block-heading has-text-color has-link-color wp-elements-0a82b7da38bcdb79e877a290dbef63d9\" style=\"color:#bf4060\">Las bodegas participantes son: Alfredo Cartellone, Alma Austral, Bodegas Caro, Bodega Gieco, Bodega Hinojosa, Cavas de Weinert, Corbeau Wines, Don Cayetano (Carbonero Wines), Don Rosendo, Do\u00f1a Paula, Durigutti Family Winemakers, Familia Blanco, Jorge Rubio, Masi Tupungato, Pedro y Jorge Cecchin, Rosell Boher, Santa Julia, Tierras Altas y Zuccardi Valle de Uco.<\/h3>\n\n\n\n<div style=\"height:27px\" aria-hidden=\"true\" class=\"wp-block-spacer\"><\/div>\n\n\n\n<p> Esta participaci\u00f3n colectiva pone en valor tanto proyectos familiares como bodegas de proyecci\u00f3n internacional, consolidando una muestra diversa que expresa la identidad mendocina a trav\u00e9s de etiquetas emblem\u00e1ticas que ser\u00e1n protagonistas de degustaciones, talleres y actividades especiales en el museo.<\/p>\n\n\n\n<p><em>\u00abLa presencia de estas botellas de vino mendocino en La Cit\u00e9 du Vin reafirma el posicionamiento de Mendoza como capital del vino argentino y como un actor relevante en la conversaci\u00f3n internacional sobre el presente y el futuro cultural y econ\u00f3mico de la vitivinicultura, fortaleciendo v\u00ednculos institucionales y abriendo nuevas oportunidades de proyecci\u00f3n para los vinos de la provincia en el mundo\u00bb<\/em>, finaliz\u00f3 Gim\u00e9nez.<\/p>\n\n\n\n<div style=\"height:46px\" aria-hidden=\"true\" class=\"wp-block-spacer\"><\/div>\n","protected":false},"excerpt":{"rendered":"<p>El gobierno y empresas vitivin\u00edcolas de esta provincia -la principal productora de vino de Argentina-&hellip;<\/p>\n","protected":false},"author":2,"featured_media":14840,"comment_status":"closed","ping_status":"open","sticky":false,"template":"","format":"standard","meta":{"footnotes":""},"categories":[15,9],"tags":[],"class_list":["post-176281","post","type-post","status-publish","format-standard","has-post-thumbnail","hentry","category-destacados","category-negocios"],"_links":{"self":[{"href":"https:\/\/enolife.com.ar\/es\/wp-json\/wp\/v2\/posts\/176281","targetHints":{"allow":["GET"]}}],"collection":[{"href":"https:\/\/enolife.com.ar\/es\/wp-json\/wp\/v2\/posts"}],"about":[{"href":"https:\/\/enolife.com.ar\/es\/wp-json\/wp\/v2\/types\/post"}],"author":[{"embeddable":true,"href":"https:\/\/enolife.com.ar\/es\/wp-json\/wp\/v2\/users\/2"}],"replies":[{"embeddable":true,"href":"https:\/\/enolife.com.ar\/es\/wp-json\/wp\/v2\/comments?post=176281"}],"version-history":[{"count":6,"href":"https:\/\/enolife.com.ar\/es\/wp-json\/wp\/v2\/posts\/176281\/revisions"}],"predecessor-version":[{"id":176288,"href":"https:\/\/enolife.com.ar\/es\/wp-json\/wp\/v2\/posts\/176281\/revisions\/176288"}],"wp:featuredmedia":[{"embeddable":true,"href":"https:\/\/enolife.com.ar\/es\/wp-json\/wp\/v2\/media\/14840"}],"wp:attachment":[{"href":"https:\/\/enolife.com.ar\/es\/wp-json\/wp\/v2\/media?parent=176281"}],"wp:term":[{"taxonomy":"category","embeddable":true,"href":"https:\/\/enolife.com.ar\/es\/wp-json\/wp\/v2\/categories?post=176281"},{"taxonomy":"post_tag","embeddable":true,"href":"https:\/\/enolife.com.ar\/es\/wp-json\/wp\/v2\/tags?post=176281"}],"curies":[{"name":"wp","href":"https:\/\/api.w.org\/{rel}","templated":true}]}}