{"id":176271,"date":"2026-04-28T14:02:28","date_gmt":"2026-04-28T14:02:28","guid":{"rendered":"https:\/\/enolife.com.ar\/es\/?p=176271"},"modified":"2026-04-28T14:02:29","modified_gmt":"2026-04-28T14:02:29","slug":"el-aceto-balsamico-de-uvas-criollas-de-maipu-tendra-su-indicacion-geografica-para-exportacion","status":"publish","type":"post","link":"https:\/\/enolife.com.ar\/es\/el-aceto-balsamico-de-uvas-criollas-de-maipu-tendra-su-indicacion-geografica-para-exportacion\/","title":{"rendered":"El aceto bals\u00e1mico de uvas criollas de Maip\u00fa tendr\u00e1 su Indicaci\u00f3n Geogr\u00e1fica para exportaci\u00f3n"},"content":{"rendered":"\n<h4 class=\"wp-block-heading\"><em><strong>Con el impulso de la Municipalidad del departamento del Gran Mendoza y de empresas privadas productoras de este vinagre oscuro, arom\u00e1tico y agridulce a\u00f1ejado en barricas de roble, se tramita la Indicaci\u00f3n Geogr\u00e1fica (IG) ante el Ministerio de Agricultura de Argentina. Esta identificaci\u00f3n con el terroir donde se cultivan las uvas criollas -base del aceto- permitir\u00e1 salir a vender al mundo el producto en condiciones competitivas.<\/strong><\/em><\/h4>\n\n\n\n<div style=\"height:32px\" aria-hidden=\"true\" class=\"wp-block-spacer\"><\/div>\n\n\n<a href=\"https:\/\/www.instagram.com\/vinventions.sudamerica\/\" aria-label=\"Banner_Subr_1700x500\"><img loading=\"lazy\" decoding=\"async\" src=\"https:\/\/enolife.com.ar\/es\/wp-content\/uploads\/2019\/07\/Banner_Subr_1700x500.gif\" alt=\"\"  width=\"1700\" height=\"501\"   \/><\/a>\n\n\n<div style=\"height:51px\" aria-hidden=\"true\" class=\"wp-block-spacer\"><\/div>\n\n\n\n<p>El departamento de <strong>Maip\u00fa<\/strong>, uno de los 5 municipios integrantes del denominado <strong>Gran Mendoza<\/strong>, realiza una acci\u00f3n conjunta entre la comuna y empresas privadas para poner en valor su matriz productiva. Se trata de una iniciativa que combina identidad, innovaci\u00f3n y articulaci\u00f3n p\u00fablico-privada: el desarrollo del <strong>aceto bals\u00e1mico<\/strong> como producto distintivo del departamento. En ese camino, el avance hacia la obtenci\u00f3n de la <strong>Indicaci\u00f3n Geogr\u00e1fica (IG)<\/strong> marca un notable avance, con avales t\u00e9cnicos e institucionales que permitir\u00e1n lograr ese reconocimiento en los pr\u00f3ximos meses.<\/p>\n\n\n\n<p>Adem\u00e1s de ser una denominaci\u00f3n de origen, la IG representa una herramienta estrat\u00e9gica para consolidar un modelo de desarrollo basado en la calidad, el origen y el valor agregado. En este caso, permitir\u00e1 vincular de manera directa al aceto bals\u00e1mico con las condiciones \u00fanicas del territorio maipucino, reforzando su identidad y diferenci\u00e1ndolo en mercados cada vez m\u00e1s exigentes.<\/p>\n\n\n\n<p>El proceso de certificaci\u00f3n es llevado adelante por el ingeniero <strong>Alfredo Baroni<\/strong> y se tramita ante el <strong>Ministerio de Agricultura de la Naci\u00f3n<\/strong>. La iniciativa ha recibido adem\u00e1s el respaldo de entidades de referencia en la agroindustria y del gobierno provincial, consolidando un esquema de trabajo colaborativo que integra al sector p\u00fablico y privado detr\u00e1s de un objetivo com\u00fan.<\/p>\n\n\n\n<div style=\"height:28px\" aria-hidden=\"true\" class=\"wp-block-spacer\"><\/div>\n\n\n\n<blockquote class=\"wp-block-quote is-layout-flow wp-block-quote-is-layout-flow\">\n<p>En Maip\u00fa se ha constatado que su terroir tiene las mejores condiciones para elaborar un aceto bals\u00e1mico de nivel mundial. La apuesta es que con el aceto puede ocurrir algo similar a lo que pas\u00f3 con el Malbec, que hoy es un emblema de la producci\u00f3n nacional\u00bb.<br><strong>GABRIEL GUARDIA, en\u00f3logo referente del proyecto y productor de la empresa Coraz\u00f3n de Lunlunta.<\/strong><\/p>\n<\/blockquote>\n\n\n\n<div style=\"height:26px\" aria-hidden=\"true\" class=\"wp-block-spacer\"><\/div>\n\n\n\n<p>La construcci\u00f3n de esta identidad no busca replicar modelos externos, sino desarrollar una impronta propia. <em>\u201cEl objetivo no es imitar a M\u00f3dena (Italia), sino hacer un aceto desde el terroir mendocino, con uvas locales, clima propio y una identidad argentina. Queremos dejar de hablar del \u2018tipo M\u00f3dena\u2019 y empezar a hablar del aceto bals\u00e1mico de Maip\u00fa\u201d<\/em>, afirm\u00f3 Guardia, poniendo en valor el componente cultural y productivo de la iniciativa.<\/p>\n\n\n\n<div style=\"height:32px\" aria-hidden=\"true\" class=\"wp-block-spacer\"><\/div>\n\n\n<div class=\"wp-block-image\">\n<figure class=\"aligncenter size-large is-resized\"><a href=\"https:\/\/enolife.com.ar\/es\/wp-content\/uploads\/2026\/04\/aceto.jpg\" data-rel=\"penci-gallery-image-content\" ><img loading=\"lazy\" decoding=\"async\" width=\"1024\" height=\"682\" src=\"https:\/\/enolife.com.ar\/es\/wp-content\/uploads\/2026\/04\/aceto-1024x682.jpg\" alt=\"\" class=\"wp-image-176279\" style=\"width:716px;height:auto\" srcset=\"https:\/\/enolife.com.ar\/es\/wp-content\/uploads\/2026\/04\/aceto-1024x682.jpg 1024w, https:\/\/enolife.com.ar\/es\/wp-content\/uploads\/2026\/04\/aceto-300x200.jpg 300w, https:\/\/enolife.com.ar\/es\/wp-content\/uploads\/2026\/04\/aceto-768x512.jpg 768w, https:\/\/enolife.com.ar\/es\/wp-content\/uploads\/2026\/04\/aceto-585x390.jpg 585w, https:\/\/enolife.com.ar\/es\/wp-content\/uploads\/2026\/04\/aceto.jpg 1100w\" sizes=\"auto, (max-width: 1024px) 100vw, 1024px\" \/><\/a><\/figure><\/div>\n\n\n<div style=\"height:49px\" aria-hidden=\"true\" class=\"wp-block-spacer\"><\/div>\n\n\n\n<p>En este marco, la Indicaci\u00f3n Geogr\u00e1fica cumple un rol central: no s\u00f3lo certifica est\u00e1ndares de calidad y procesos de elaboraci\u00f3n, sino que tambi\u00e9n protege y posiciona un producto cuya singularidad est\u00e1 determinada por factores naturales, hist\u00f3ricos y humanos. Es decir, por todo aquello que define al territorio.<\/p>\n\n\n\n<p>El impulso al aceto bals\u00e1mico tambi\u00e9n se inscribe en un contexto m\u00e1s amplio de reconversi\u00f3n productiva. La posibilidad de transformar la <strong>uva criolla<\/strong> -hist\u00f3ricamente relegada en t\u00e9rminos comerciales- en un <strong>insumo clave para un producto premium<\/strong>, abre nuevas oportunidades para los productores locales, especialmente para aquellos que enfrentan dificultades en el mercado tradicional del vino.<\/p>\n\n\n\n<p>A nivel global, el escenario es favorable. El mercado del aceto bals\u00e1mico muestra un crecimiento sostenido y una demanda en expansi\u00f3n, impulsada por consumidores que priorizan productos diferenciados y de mayor calidad. En paralelo, el consumo interno tambi\u00e9n refleja esta tendencia, consolidando al aceto como un producto cada vez m\u00e1s presente tanto en la gastronom\u00eda como en los hogares.<\/p>\n\n\n\n<p>En este contexto, Maip\u00fa se posiciona como un actor clave en la construcci\u00f3n de una nueva cadena de valor, donde la producci\u00f3n, la innovaci\u00f3n y la identidad territorial se integran para generar desarrollo. La declaraci\u00f3n del departamento como <strong>capital del aceto bals\u00e1mico<\/strong>, impulsada tambi\u00e9n por el Municipio en 2025, refuerza esta estrategia y consolida un rumbo claro.<\/p>\n\n\n\n<div style=\"height:34px\" aria-hidden=\"true\" class=\"wp-block-spacer\"><\/div>\n\n\n\n<p class=\"has-small-font-size\"><em><strong>Fuente: Municipalidad de Maip\u00fa<\/strong><\/em><\/p>\n\n\n\n<div style=\"height:34px\" aria-hidden=\"true\" class=\"wp-block-spacer\"><\/div>\n","protected":false},"excerpt":{"rendered":"<p>Con el impulso de la Municipalidad del departamento del Gran Mendoza y de empresas privadas&hellip;<\/p>\n","protected":false},"author":2,"featured_media":176274,"comment_status":"closed","ping_status":"open","sticky":false,"template":"","format":"standard","meta":{"footnotes":""},"categories":[15,14],"tags":[],"class_list":["post-176271","post","type-post","status-publish","format-standard","has-post-thumbnail","hentry","category-destacados","category-news"],"_links":{"self":[{"href":"https:\/\/enolife.com.ar\/es\/wp-json\/wp\/v2\/posts\/176271","targetHints":{"allow":["GET"]}}],"collection":[{"href":"https:\/\/enolife.com.ar\/es\/wp-json\/wp\/v2\/posts"}],"about":[{"href":"https:\/\/enolife.com.ar\/es\/wp-json\/wp\/v2\/types\/post"}],"author":[{"embeddable":true,"href":"https:\/\/enolife.com.ar\/es\/wp-json\/wp\/v2\/users\/2"}],"replies":[{"embeddable":true,"href":"https:\/\/enolife.com.ar\/es\/wp-json\/wp\/v2\/comments?post=176271"}],"version-history":[{"count":6,"href":"https:\/\/enolife.com.ar\/es\/wp-json\/wp\/v2\/posts\/176271\/revisions"}],"predecessor-version":[{"id":176280,"href":"https:\/\/enolife.com.ar\/es\/wp-json\/wp\/v2\/posts\/176271\/revisions\/176280"}],"wp:featuredmedia":[{"embeddable":true,"href":"https:\/\/enolife.com.ar\/es\/wp-json\/wp\/v2\/media\/176274"}],"wp:attachment":[{"href":"https:\/\/enolife.com.ar\/es\/wp-json\/wp\/v2\/media?parent=176271"}],"wp:term":[{"taxonomy":"category","embeddable":true,"href":"https:\/\/enolife.com.ar\/es\/wp-json\/wp\/v2\/categories?post=176271"},{"taxonomy":"post_tag","embeddable":true,"href":"https:\/\/enolife.com.ar\/es\/wp-json\/wp\/v2\/tags?post=176271"}],"curies":[{"name":"wp","href":"https:\/\/api.w.org\/{rel}","templated":true}]}}