{"id":17625,"date":"2020-08-05T16:18:27","date_gmt":"2020-08-05T16:18:27","guid":{"rendered":"http:\/\/enolife.com.ar\/es\/?p=17625"},"modified":"2020-08-08T16:18:21","modified_gmt":"2020-08-08T16:18:21","slug":"la-creacion-del-banco-de-vinos-de-mendoza-ya-es-ley","status":"publish","type":"post","link":"https:\/\/enolife.com.ar\/es\/la-creacion-del-banco-de-vinos-de-mendoza-ya-es-ley\/","title":{"rendered":"La creaci\u00f3n del Banco de Vinos de Mendoza ya es ley"},"content":{"rendered":"\n<h4 class=\"wp-block-heading\"><em><strong>El instrumento de pol\u00edtica p\u00fablica propuesto por el Poder Ejecutivo provincial para darle mayor estabilidad y sostenibilidad al sector vitivin\u00edcola fue aprobado ayer martes 4\/8 en la C\u00e1mara de Senadores (36 votos a favor y 1 en contra) y hoy mi\u00e9rcoles 5\/8 tendr\u00e1 el okey de Diputados. S\u00f3lo faltar\u00e1 la reglamentaci\u00f3n, que podr\u00eda definirse entre hoy y ma\u00f1ana. El texto original fue revisado y mejorado con los aportes del peronismo, el INV y expertos en el tema como Aldo Biondolillo. Los modificaciones apuntan a que los posibles beneficios econ\u00f3micos lleguen m\u00e1s r\u00e1pido a los productores primarios y a que se acorten los plazos burocr\u00e1ticos para capitalizar los intereses que generaran los vinos puestos a \u00abplazo fijo\u00bb<\/strong><\/em><strong><em>. <\/em><\/strong><\/h4>\n\n\n\n<div style=\"height:20px\" aria-hidden=\"true\" class=\"wp-block-spacer\"><\/div>\n\n\n\n<p>Al mediod\u00eda de hoy 5\/8, la C\u00e1mara de Diputados de la provincia de Mendoza estaba tratando el proyecto de ley de creaci\u00f3n de un Banco de Vinos, un instrumento de pol\u00edtica p\u00fablica que podr\u00eda otorgar mayor estabilidad, sostenibilidad y previsibilidad a la industria vitivin\u00edcola y a toda su cadena de valor. Dada la mayor\u00eda oficialista, el consenso previamente acordado y el antecedente de que ayer 4\/8 el Senado ya le dio media sanci\u00f3n por absoluta mayor\u00eda, se sabe que la ley est\u00e1 aprobada. S\u00f3lo faltar\u00e1 la reglamentaci\u00f3n, que podr\u00eda acordarse y enviarse al Ejecutivo tambi\u00e9n hoy mismo.<\/p>\n\n\n\n<p>A la propuesta original, anunciada por el gobernador Rodolfo Su\u00e1rez el 1 de mayo y presentada a la Legislatura el 10 de julio, se le incorporaron algunas propuestas de miembros del bloque Frente de Todos-PJ y de expertos del Instituto Nacional de Vitivinicultura (INV), como su propio presidente <strong>Mart\u00edn Hinojosa<\/strong> y el asesor <strong>Aldo Biondolillo<\/strong>, catedr\u00e1tico universitario y empresario bodeguero. <\/p>\n\n\n\n<p>En el Senado, el martes 4\/8, la aprobaci\u00f3n \u00absali\u00f3\u00bb con el consenso de todos los bloques parlamentarios de los distintos partidos, menos del Frente de Izquierda, que anunci\u00f3 que no acompa\u00f1a la propuesta. Finalmente, se aprob\u00f3 por 36 votos positivos y 1 negativo.<\/p>\n\n\n\n<div style=\"height:20px\" aria-hidden=\"true\" class=\"wp-block-spacer\"><\/div>\n\n\n\n<p class=\"has-medium-font-size\"><strong>\u00abBuscaremos estabilizar los stocks\u00bb<\/strong><\/p>\n\n\n\n<p>Cuando el gobernador Rodolfo \u00abRody\u00bb Suarez anunci\u00f3 el proyecto durante la apertura de las sesiones ordinarias legislativas el 1 de mayo, explicit\u00f3 su fundamento: \u00abBuscaremos estabilizar los stocks, ser\u00e1 una herramienta financiera que termine con las recurrentes crisis vitivin\u00edcolas que llevan a nuestra industria a sufrir problemas, no s\u00f3lo por la macroeconom\u00eda, sino por la estructura propia de la cadena\u201d.<\/p>\n\n\n\n<p>La propuesta hab\u00eda sido debatida la semana pasada en una reuni\u00f3n conjunta entre las comisiones de Econom\u00eda y Comercio Exterior, Legislaci\u00f3n y Asuntos Constitucionales, y Hacienda y Presupuesto.<\/p>\n\n\n\n<div style=\"height:20px\" aria-hidden=\"true\" class=\"wp-block-spacer\"><\/div>\n\n\n\n<blockquote class=\"wp-block-quote is-layout-flow wp-block-quote-is-layout-flow\"><p>Cuando veamos de cu\u00e1nto vino disponemos, cu\u00e1l es el excedente que queda, ah\u00ed se lanzar\u00e1 el programa para tentar a los tenedores de vinos, para que puedan ingresar a este esquema\u00bb.<\/p><cite>Alfredo Aciar, asesor del Ministerio de Econom\u00eda y Energ\u00eda de Mendoza.<\/cite><\/blockquote>\n\n\n\n<div style=\"height:20px\" aria-hidden=\"true\" class=\"wp-block-spacer\"><\/div>\n\n\n\n<p>La operatoria del Banco de Vinos comenzar\u00e1 a la brevedad y buscar\u00e1 \u201cinmovilizar\u201d 120 millones de litros. \u201cUna vez con los n\u00fameros cerrados de la elaboraci\u00f3n, ver cu\u00e1nto vino disponemos, cu\u00e1l es el excedente que termina quedando, ah\u00ed se lanzar\u00e1 el programa para tentar a los tenedores de vinos para que puedan ingresar a este esquema\u201d, explic\u00f3 <strong>Alfredo Aciar<\/strong> asesor del Ministerio de Econom\u00eda y Energ\u00eda de Mendoza durante el encuentro de las comisiones.<\/p>\n\n\n\n<div style=\"height:20px\" aria-hidden=\"true\" class=\"wp-block-spacer\"><\/div>\n\n\n\n<p class=\"has-medium-font-size\"><strong>El debate en Senadores<\/strong><\/p>\n\n\n\n<p>En la C\u00e1mara Alta, el senador oficialista <strong>Diego Costarelli<\/strong> fue quien explic\u00f3 los alcances de la propuesta y las modificaciones que se incorporaron al proyecto. Aclar\u00f3 que tuvo algunas correcciones que fueron avaladas por la oposici\u00f3n. \u00abCon esta iniciativa se busca que se le otorgue una mayor estabilidad y sostenibilidad al sector, generando un marco de previsibilidad en la industria y toda su cadena de valor. Esta ley posee 9 art\u00edculos. Este Banco de Vinos se va a administrar mediante el Fideicomiso de Mendoza Fiduciaria. Estar\u00e1 representado por los representantes de los 4 oasis productivos\u00bb, indic\u00f3.<\/p>\n\n\n\n<div style=\"height:20px\" aria-hidden=\"true\" class=\"wp-block-spacer\"><\/div>\n\n\n\n<blockquote class=\"wp-block-quote is-layout-flow wp-block-quote-is-layout-flow\"><p>Esperamos que esta herramienta sirva para mejorar el precio del vino. Creemos que no hay margen de maniobras para especulaciones pol\u00edticas y partidarias\u00bb.<\/p><cite>Adolfo Bermejo, senador peronista<\/cite><\/blockquote>\n\n\n\n<div style=\"height:20px\" aria-hidden=\"true\" class=\"wp-block-spacer\"><\/div>\n\n\n\n<p>Tambi\u00e9n inform\u00f3 Costarelli que se modific\u00f3 el art\u00edculo referido al Consejo Asesor, en cuanto a los plazos que tendr\u00e1n las entidades en nombrar a su representante. Adem\u00e1s, comunic\u00f3 que se agregar\u00e1 un art\u00edculo, referido que el director ejecutivo del Banco de Vinos deber\u00e1 enviar un informe semestral a la Legislatura. Esta modificaci\u00f3n fue solicitada por el Partido Justicialista.<\/p>\n\n\n\n<p>A su turno, el senador <strong>Adolfo Bermejo<\/strong>, quien represent\u00f3 al bloque Frente de Todos, critic\u00f3 que no se haya invitado al Instituto Nacional de Vitivinicultura para tratar el proyecto del Banco de Vinos. \u00abEsperamos que esta herramienta sirva para mejorar el precio del vino. Creemos que no hay margen de maniobras para especulaciones pol\u00edticas y partidarias\u00bb, aclar\u00f3.<\/p>\n\n\n\n<p>Por su parte, el senador <strong>Bartolom\u00e9 Robles<\/strong> expres\u00f3: \u00abEntiendo que los fines que persigue esta ley son de una exigencia muy importante. Creo que expresan lo que muchos actores de la industria vienen reclamando hace mucho tiempo. Estamos viviendo una situaci\u00f3n que necesita del aporte de todos. Le deseo muchos \u00e9xitos al gobierno con esta ley\u00bb.<\/p>\n\n\n\n<div style=\"height:20px\" aria-hidden=\"true\" class=\"wp-block-spacer\"><\/div>\n\n\n\n<p class=\"has-medium-font-size\"><strong>Los alcances de la norma<\/strong><\/p>\n\n\n\n<p class=\"has-background has-cyan-bluish-gray-background-color\">La propuesta contempla en su art\u00edculo primero: \u201cCr\u00e9ase el &#8216;Banco de Vinos&#8217; de la Provincia de Mendoza en el \u00e1mbito del Ministerio de Econom\u00eda y Energ\u00eda de la Provincia con el objetivo de estabilizar los ciclos de precios del mercado de traslado de los productos vitivin\u00edcolas y lograr una justa distribuci\u00f3n de la renta vitivin\u00edcola entre todos los eslabones de la cadena productiva\u00bb.<\/p>\n\n\n\n<p>El documento resalta que los fondos y los bienes ser\u00e1n propiedad del Fideicomiso de Administraci\u00f3n y Asistencia Financiera Vitivin\u00edcola, cuyo administrador ser\u00e1 Mendoza Fiduciaria mientras que el Gobierno Nacional, los municipios, entidades privadas o mixtas que representan el sector podr\u00e1n realizar aportes que ser\u00e1n destinados a cumplir con el objetivo principal del \u201cBanco de Vinos\u201d.<\/p>\n\n\n\n<p>Sobre quienes conformar\u00e1n dicho espacio, el documento aclara en su art\u00edculo 4\u00ba que el \u201cBanco de Vinos\u201d estar\u00e1 administrado por un Director Ejecutivo, designado por el Ministro de Econom\u00eda y Energ\u00eda y no deber\u00e1 ejercer actividades privadas relacionadas con el vino y dem\u00e1s productos vitivin\u00edcolas, sean estas productivas, industriales o comerciales.<\/p>\n\n\n\n<p>Quien sea designado al frente de la instituci\u00f3n, deber\u00e1 hacer cumplir la ley, sus normas reglamentarias y todas las resoluciones que emanen de autoridad competente. Adem\u00e1s, \u00abdeber\u00e1 informar al Consejo Asesor, en forma trimestral, el Programa de Control de Stocks V\u00ednicos con la meta de que el acumulado (incluyendo los vinos de guarda) se mantenga entre los 4 y los 5 meses de comercializaci\u00f3n (despachos al consumo interno m\u00e1s exportaciones), estimado a la fecha de la pr\u00f3xima liberaci\u00f3n de vinos nuevos\u00bb.<\/p>\n\n\n\n<p>Por otro lado, ser\u00e1 deber del Director, entre otros puntos de inter\u00e9s, \u00abrepresentar al gobierno provincial ante el Fondo Vitivin\u00edcola Mendoza, coordinar con la Direcci\u00f3n de Fiscalizaci\u00f3n y Control el seguimiento de la industria vitivin\u00edcola, coordinar con el Instituto Nacional de Vitivinicultura, pol\u00edticas y acciones de control volum\u00e9trico y de calidad de la industria y proponer la tasa de inter\u00e9s que funcionar\u00e1 como est\u00edmulo para el auto bloqueo u otros sistemas, de acuerdo a la realidad financiera de la Provincia\u00bb.<\/p>\n\n\n\n<p>Esta nueva entidad contar\u00e1 con la representaci\u00f3n de <strong>3 referentes de la producci\u00f3n primaria, 1 por parte de bodegas trasladistas, 1 representante de la industria fraccionadora, y 1 por cooperativas vitivin\u00edcolas<\/strong>, quienes deber\u00e1n dictar su propio reglamento interno y asesorar al director ejecutivo sobre el Programa de Control de Stocks V\u00ednicos y todas las materias previstas en la ley.<\/p>\n\n\n\n<div style=\"height:20px\" aria-hidden=\"true\" class=\"wp-block-spacer\"><\/div>\n\n\n\n<p class=\"has-small-font-size\"><em><strong>Fuentes: Legislatura de Mendoza, UCR, PJ y Frente Cambia Mendoza<\/strong><\/em><\/p>\n","protected":false},"excerpt":{"rendered":"<p>El instrumento de pol\u00edtica p\u00fablica propuesto por el Poder Ejecutivo provincial para darle mayor estabilidad&hellip;<\/p>\n","protected":false},"author":3,"featured_media":17640,"comment_status":"open","ping_status":"open","sticky":false,"template":"","format":"standard","meta":{"footnotes":""},"categories":[14],"tags":[],"class_list":["post-17625","post","type-post","status-publish","format-standard","has-post-thumbnail","hentry","category-news"],"_links":{"self":[{"href":"https:\/\/enolife.com.ar\/es\/wp-json\/wp\/v2\/posts\/17625","targetHints":{"allow":["GET"]}}],"collection":[{"href":"https:\/\/enolife.com.ar\/es\/wp-json\/wp\/v2\/posts"}],"about":[{"href":"https:\/\/enolife.com.ar\/es\/wp-json\/wp\/v2\/types\/post"}],"author":[{"embeddable":true,"href":"https:\/\/enolife.com.ar\/es\/wp-json\/wp\/v2\/users\/3"}],"replies":[{"embeddable":true,"href":"https:\/\/enolife.com.ar\/es\/wp-json\/wp\/v2\/comments?post=17625"}],"version-history":[{"count":0,"href":"https:\/\/enolife.com.ar\/es\/wp-json\/wp\/v2\/posts\/17625\/revisions"}],"wp:featuredmedia":[{"embeddable":true,"href":"https:\/\/enolife.com.ar\/es\/wp-json\/wp\/v2\/media\/17640"}],"wp:attachment":[{"href":"https:\/\/enolife.com.ar\/es\/wp-json\/wp\/v2\/media?parent=17625"}],"wp:term":[{"taxonomy":"category","embeddable":true,"href":"https:\/\/enolife.com.ar\/es\/wp-json\/wp\/v2\/categories?post=17625"},{"taxonomy":"post_tag","embeddable":true,"href":"https:\/\/enolife.com.ar\/es\/wp-json\/wp\/v2\/tags?post=17625"}],"curies":[{"name":"wp","href":"https:\/\/api.w.org\/{rel}","templated":true}]}}