{"id":176222,"date":"2026-04-27T15:08:47","date_gmt":"2026-04-27T15:08:47","guid":{"rendered":"https:\/\/enolife.com.ar\/es\/?p=176222"},"modified":"2026-04-27T15:08:48","modified_gmt":"2026-04-27T15:08:48","slug":"por-us-300-hasta-el-29-4-anotan-a-pymes-mendocinas-para-la-feria-supermercadista-apas-de-brasil","status":"publish","type":"post","link":"https:\/\/enolife.com.ar\/es\/por-us-300-hasta-el-29-4-anotan-a-pymes-mendocinas-para-la-feria-supermercadista-apas-de-brasil\/","title":{"rendered":"Por U$S 300, hasta el 29\/4 anotan a pymes mendocinas para la feria supermercadista APAS de Brasil"},"content":{"rendered":"\n<h4 class=\"wp-block-heading\"><em><strong>ProMendoza, la agencia gubernamental de promoci\u00f3n de los productos mendocinos en el mundo, invita a peque\u00f1as y medianas empresas de la provincia a participar en APAS SHOW 2026, en San Pablo, Brasil. Esta reuni\u00f3n de negocios, del 18 al 21 de mayo de 2026, puede ser una buena oportunidad para ingresar o consolidar la presencia en el mercado brasile\u00f1o, generar contactos de valor y ampliar la proyecci\u00f3n internacional de la oferta exportable local, sobre todo de vinos y alimentos.<\/strong><\/em><\/h4>\n\n\n\n<div style=\"height:37px\" aria-hidden=\"true\" class=\"wp-block-spacer\"><\/div>\n\n\n<a href=\"https:\/\/www.arroyops.com.ar\" aria-label=\"BANNER-APS_1700x500_1\"><img loading=\"lazy\" decoding=\"async\" src=\"https:\/\/enolife.com.ar\/es\/wp-content\/uploads\/2026\/04\/BANNER-APS_1700x500_1.gif\" alt=\"\"  width=\"1699\" height=\"500\"   \/><\/a>\n\n\n<div style=\"height:47px\" aria-hidden=\"true\" class=\"wp-block-spacer\"><\/div>\n\n\n\n<p><strong>ProMendoza<\/strong> convoca a peque\u00f1as y medianas empresas de Mendoza de los sectores de alimentos frescos, alimentos procesados, vinos y bebidas a participar en <strong>APAS SHOW<\/strong>, una de las ferias internacionales m\u00e1s importantes del sector supermercadista de <strong>Am\u00e9rica Latina<\/strong>, que se desarrollar\u00e1 <strong>del 18 al 21 de mayo de 2026 en la ciudad de San Pablo, Brasil.<\/strong><\/p>\n\n\n\n<p>En el marco de esta acci\u00f3n, ProMendoza pone a disposici\u00f3n la <strong>participaci\u00f3n conjunta de empresas mendocinas en stands institucionales<\/strong>, especialmente dise\u00f1ados para facilitar el contacto comercial. Los espacios contar\u00e1n con mesas y sillas destinadas a la realizaci\u00f3n de reuniones de negocios con potenciales compradores y socios estrat\u00e9gicos del mercado brasile\u00f1o e internacional.<\/p>\n\n\n\n<div style=\"height:22px\" aria-hidden=\"true\" class=\"wp-block-spacer\"><\/div>\n\n\n\n<h3 class=\"wp-block-heading has-vivid-red-color has-text-color has-link-color wp-elements-ec810a6cad5b0b6f98423a5909c455ae\">Las inscripciones estar\u00e1n abiertas hasta el mi\u00e9rcoles 29 de abril, con cupos limitados. Los interesados pueden inscribirse en https:\/\/tinyurl.com\/ProMendozaApas   o solicitar mayor informaci\u00f3n comunic\u00e1ndose con Fernando Urdaniz al correo furdaniz@promendoza.com.<\/h3>\n\n\n\n<div style=\"height:31px\" aria-hidden=\"true\" class=\"wp-block-spacer\"><\/div>\n\n\n\n<p>El costo de participaci\u00f3n es de <strong>U$S 300 por empresa.<\/strong> APAS SHOW representa una oportunidad importante para ingresar o consolidar la presencia en el mercado brasile\u00f1o, generar contactos de valor y ampliar la proyecci\u00f3n internacional de la oferta exportable mendocina, en un \u00e1mbito que concentra a los principales tomadores de decisi\u00f3n del sector supermercadista de la regi\u00f3n.<\/p>\n\n\n\n<div style=\"height:32px\" aria-hidden=\"true\" class=\"wp-block-spacer\"><\/div>\n","protected":false},"excerpt":{"rendered":"<p>ProMendoza, la agencia gubernamental de promoci\u00f3n de los productos mendocinos en el mundo, invita a&hellip;<\/p>\n","protected":false},"author":2,"featured_media":176228,"comment_status":"closed","ping_status":"open","sticky":false,"template":"","format":"standard","meta":{"footnotes":""},"categories":[15,10],"tags":[],"class_list":["post-176222","post","type-post","status-publish","format-standard","has-post-thumbnail","hentry","category-destacados","category-ferias"],"_links":{"self":[{"href":"https:\/\/enolife.com.ar\/es\/wp-json\/wp\/v2\/posts\/176222","targetHints":{"allow":["GET"]}}],"collection":[{"href":"https:\/\/enolife.com.ar\/es\/wp-json\/wp\/v2\/posts"}],"about":[{"href":"https:\/\/enolife.com.ar\/es\/wp-json\/wp\/v2\/types\/post"}],"author":[{"embeddable":true,"href":"https:\/\/enolife.com.ar\/es\/wp-json\/wp\/v2\/users\/2"}],"replies":[{"embeddable":true,"href":"https:\/\/enolife.com.ar\/es\/wp-json\/wp\/v2\/comments?post=176222"}],"version-history":[{"count":6,"href":"https:\/\/enolife.com.ar\/es\/wp-json\/wp\/v2\/posts\/176222\/revisions"}],"predecessor-version":[{"id":176229,"href":"https:\/\/enolife.com.ar\/es\/wp-json\/wp\/v2\/posts\/176222\/revisions\/176229"}],"wp:featuredmedia":[{"embeddable":true,"href":"https:\/\/enolife.com.ar\/es\/wp-json\/wp\/v2\/media\/176228"}],"wp:attachment":[{"href":"https:\/\/enolife.com.ar\/es\/wp-json\/wp\/v2\/media?parent=176222"}],"wp:term":[{"taxonomy":"category","embeddable":true,"href":"https:\/\/enolife.com.ar\/es\/wp-json\/wp\/v2\/categories?post=176222"},{"taxonomy":"post_tag","embeddable":true,"href":"https:\/\/enolife.com.ar\/es\/wp-json\/wp\/v2\/tags?post=176222"}],"curies":[{"name":"wp","href":"https:\/\/api.w.org\/{rel}","templated":true}]}}