{"id":176212,"date":"2026-05-02T02:41:53","date_gmt":"2026-05-02T02:41:53","guid":{"rendered":"https:\/\/enolife.com.ar\/es\/?p=176212"},"modified":"2026-05-02T02:42:28","modified_gmt":"2026-05-02T02:42:28","slug":"las-abejas-en-los-vinedos-protegen-la-uva-y-mitigan-los-danos-por-el-cambio-climatico","status":"publish","type":"post","link":"https:\/\/enolife.com.ar\/es\/las-abejas-en-los-vinedos-protegen-la-uva-y-mitigan-los-danos-por-el-cambio-climatico\/","title":{"rendered":"Las abejas en los vi\u00f1edos protegen la uva y mitigan los da\u00f1os por el cambio clim\u00e1tico"},"content":{"rendered":"\n<h4 class=\"wp-block-heading\"><em><strong>La introducci\u00f3n de la&nbsp;abejas en los vi\u00f1edos&nbsp;representa una pr\u00e1ctica cada vez m\u00e1s extendida en todo el mundo que est\u00e1 revolucionando el sector vitivin\u00edcola. Estos preciosos insectos se han convertido en verdaderos aliados de los viticultores, ya que ofrecen una serie de&nbsp;beneficios en las fincas&nbsp;que van m\u00e1s all\u00e1 de la simple producci\u00f3n de miel. Conozcamos la experiencia de una agr\u00f3noma italiana que impulsa con \u00e9xito la introducci\u00f3n de apiarios en las cotizadas vi\u00f1as de las zonas del Friuli y el V\u00e9neto.<\/strong><\/em><\/h4>\n\n\n\n<div style=\"height:33px\" aria-hidden=\"true\" class=\"wp-block-spacer\"><\/div>\n\n\n<a href=\"https:\/\/www.instagram.com\/vinventions.sudamerica\/\" aria-label=\"Banner_Subr_1700x500\"><img loading=\"lazy\" decoding=\"async\" src=\"https:\/\/enolife.com.ar\/es\/wp-content\/uploads\/2019\/07\/Banner_Subr_1700x500.gif\" alt=\"\"  width=\"1700\" height=\"501\"   \/><\/a>\n\n\n<div style=\"height:53px\" aria-hidden=\"true\" class=\"wp-block-spacer\"><\/div>\n\n\n\n<p><strong><em>\u00abSi las abejas desaparecieran de la tierra, los humanos s\u00f3lo tendr\u00edan cuatro a\u00f1os de vida\u00bb.<\/em><\/strong><br><strong>Albert Einstein<\/strong><\/p>\n\n\n\n<div style=\"height:18px\" aria-hidden=\"true\" class=\"wp-block-spacer\"><\/div>\n\n\n\n<p><\/p>\n\n\n\n<p>La presencia de la&nbsp;<strong>abejas en los vi\u00f1edos<\/strong>&nbsp;protege las uvas del <strong>moho<\/strong> da\u00f1ino, estimula las vides e incluso ayuda a reparar los da\u00f1os causados por el granizo.&nbsp;Pero no se quedan ah\u00ed: estos incansables insectos tambi\u00e9n reducen la presencia de plagas potencialmente da\u00f1inas, creando un ecosistema m\u00e1s equilibrado y resistente.<\/p>\n\n\n\n<div style=\"height:26px\" aria-hidden=\"true\" class=\"wp-block-spacer\"><\/div>\n\n\n\n<p class=\"has-medium-font-size\"><strong>Una sinergia provechosa<\/strong><\/p>\n\n\n\n<p>El mundo de la apicultura tiene algo verdaderamente m\u00e1gico que te atrae y atrapa. La experiencia de la ingeniera agr\u00f3noma, en\u00f3loga y productora vitivin\u00edcola <strong>Mar\u00eda Grazia de Belli<\/strong>, en la zona del <strong>Veneto italiano<\/strong> resulta muy interesante. Ella decidi\u00f3 combinar su trabajo en el sector vitivin\u00edcola con su pasi\u00f3n por las abejas. Esta combinaci\u00f3n demostr\u00f3 la importancia de la colaboraci\u00f3n entre diferentes sectores para afrontar los retos del cambio clim\u00e1tico.<\/p>\n\n\n\n<div style=\"height:24px\" aria-hidden=\"true\" class=\"wp-block-spacer\"><\/div>\n\n\n<div class=\"wp-block-image\">\n<figure class=\"aligncenter size-full is-resized\"><a href=\"https:\/\/enolife.com.ar\/es\/wp-content\/uploads\/2026\/05\/Colmenas-en-la-vina.jpg\" data-rel=\"penci-gallery-image-content\" ><img loading=\"lazy\" decoding=\"async\" width=\"720\" height=\"479\" src=\"https:\/\/enolife.com.ar\/es\/wp-content\/uploads\/2026\/05\/Colmenas-en-la-vina.jpg\" alt=\"\" class=\"wp-image-176408\" style=\"width:706px;height:auto\" srcset=\"https:\/\/enolife.com.ar\/es\/wp-content\/uploads\/2026\/05\/Colmenas-en-la-vina.jpg 720w, https:\/\/enolife.com.ar\/es\/wp-content\/uploads\/2026\/05\/Colmenas-en-la-vina-300x200.jpg 300w, https:\/\/enolife.com.ar\/es\/wp-content\/uploads\/2026\/05\/Colmenas-en-la-vina-585x389.jpg 585w\" sizes=\"auto, (max-width: 720px) 100vw, 720px\" \/><\/a><\/figure><\/div>\n\n\n<div style=\"height:34px\" aria-hidden=\"true\" class=\"wp-block-spacer\"><\/div>\n\n\n\n<p>Todo comenz\u00f3 en <strong>2018<\/strong>, cuando De Belli, quien ya trabajaba con productos y servicios vitivin\u00edcolas, descubri\u00f3 el mundo de las abejas, describi\u00e9ndolo su relaci\u00f3n como<em> \u00abun flechazo\u00bb.<\/em> Tras experimentar con sus propias colmenas, comenz\u00f3 a ofrecer a sus clientes proyectos de <strong>biomonitoreo que priorizan al en\u00f3logo.<\/strong><\/p>\n\n\n\n<p>Durante a\u00f1os, De Belli observ\u00f3 c\u00f3mo los apicultores tend\u00edan a culpar a los agricultores y a sus tratamientos por las muertes o envenenamientos registrados de abejas. Sin embargo, su enfoque era diferente: demostraba que la soluci\u00f3n no es culpar a nadie, sino colaborar para mejorar ambos sectores. Esta visi\u00f3n llev\u00f3 a la colocaci\u00f3n de colmenas -primero las suyas y luego las de sus clientes- en los vi\u00f1edos de Friuli-Venecia Julia y, posteriormente, del Veneto.<\/p>\n\n\n\n<p>En los proyectos de De Belli, el en\u00f3logo se convierte en el propietario del colmenar, a pesar de su falta de conocimientos espec\u00edficos de apicultura. Por ello, lo apoya plenamente durante todo el proceso, gui\u00e1ndolo en todos los aspectos de la apicultura y mostr\u00e1ndole los&nbsp;<strong>beneficios de las abejas en los vi\u00f1edos<\/strong>.<\/p>\n\n\n\n<div style=\"height:25px\" aria-hidden=\"true\" class=\"wp-block-spacer\"><\/div>\n\n\n\n<p class=\"has-medium-font-size\"><strong>Ellas hacen la diferencia<\/strong><\/p>\n\n\n\n<p>Los apiarios en vi\u00f1edos, tanto en fincas org\u00e1nicas como convencionales, han demostrado a los viticultores la necesidad de cambiar sus pr\u00e1cticas, empezando por la elecci\u00f3n de tratamientos. Al principio no fue f\u00e1cil: la burocracia atemoriz\u00f3 a muchos viticultores, quienes se mostraban reacios a emprender nuevos proyectos. Sin embargo, al explicar adecuadamente el mundo de las abejas y mostrar los&nbsp;beneficios de las abejas en los vi\u00f1edos, a lo largo del tiempo varios profesionales han confiado en De Belli.<\/p>\n\n\n\n<p>A pesar del escepticismo inicial,&nbsp;el proyecto de la en\u00f3loga emprendedora ha tomado forma con los a\u00f1os. Hoy en d\u00eda, contin\u00faa visitando fincas para compartir conocimientos sobre polinizadores y<em> Apis mellifera<\/em>. Comparte su agenda de trabajo de campo con viticultores y programa tratamientos, demostrando que las colmenas entre cultivos ofrecen un innegable valor a\u00f1adido.<\/p>\n\n\n\n<div style=\"height:28px\" aria-hidden=\"true\" class=\"wp-block-spacer\"><\/div>\n\n\n<div class=\"wp-block-image\">\n<figure class=\"aligncenter size-full is-resized\"><a href=\"https:\/\/enolife.com.ar\/es\/wp-content\/uploads\/2026\/05\/Abejas-en-vinedos-2.jpg\" data-rel=\"penci-gallery-image-content\" ><img loading=\"lazy\" decoding=\"async\" width=\"700\" height=\"466\" src=\"https:\/\/enolife.com.ar\/es\/wp-content\/uploads\/2026\/05\/Abejas-en-vinedos-2.jpg\" alt=\"\" class=\"wp-image-176410\" style=\"width:728px;height:auto\" srcset=\"https:\/\/enolife.com.ar\/es\/wp-content\/uploads\/2026\/05\/Abejas-en-vinedos-2.jpg 700w, https:\/\/enolife.com.ar\/es\/wp-content\/uploads\/2026\/05\/Abejas-en-vinedos-2-300x200.jpg 300w, https:\/\/enolife.com.ar\/es\/wp-content\/uploads\/2026\/05\/Abejas-en-vinedos-2-585x389.jpg 585w\" sizes=\"auto, (max-width: 700px) 100vw, 700px\" \/><\/a><\/figure><\/div>\n\n\n<div style=\"height:29px\" aria-hidden=\"true\" class=\"wp-block-spacer\"><\/div>\n\n\n\n<p>Pero \u00bfcu\u00e1les son realmente los&nbsp;<strong>beneficios de las abejas en los vi\u00f1edos<\/strong>. Es importante se\u00f1alar que <strong>la polinizaci\u00f3n de la vid se produce principalmente por el viento, no por insectos.<\/strong> Sin embargo, cuando las abejas se introducen en los vi\u00f1edos y no encuentran otras flores, tambi\u00e9n se sienten atra\u00eddas por la diminuta flor de la vid. Al posarse sobre ella, las abejas <em>la desinfectan con su l\u00edgula (lengua)<\/em>, liberando micropart\u00edculas de polen&nbsp;y estimulando el cierre de la corola,<strong> inhibiendo as\u00ed la formaci\u00f3n de mohos da\u00f1inos.<\/strong><\/p>\n\n\n\n<p>La presencia de estos insectos <strong>mejora la salud del suelo<\/strong> y estimula el crecimiento de las vides. Adem\u00e1s, <strong>ayuda a reducir la presencia de insectos potencialmente da\u00f1inos <\/strong>como avispones y avispas, creando un entorno m\u00e1s equilibrado.<\/p>\n\n\n\n<div style=\"height:29px\" aria-hidden=\"true\" class=\"wp-block-spacer\"><\/div>\n\n\n\n<p class=\"has-medium-font-size\"><strong>Transformar el ecosistema del vino<\/strong><\/p>\n\n\n\n<p>Las abejas en los vi\u00f1edos desempe\u00f1an un papel ecol\u00f3gico fundamental que va mucho m\u00e1s all\u00e1 de la simple polinizaci\u00f3n y los efectos directos descriptos. Estos incansables insectos transportan polen incluso a zonas donde no estar\u00eda presente de forma natural, alterando as\u00ed las especies vegetales locales. Durante sus viajes, las abejas propagan levaduras y transportan mohos beneficiosos que contribuyen a la <strong>singularidad de los terroirs vin\u00edcolas.<\/strong><\/p>\n\n\n\n<p>Uno de los aspectos m\u00e1s interesantes es que crean un entorno autoequilibrado que puede reaccionar de forma aut\u00f3noma al estr\u00e9s,<strong> reduciendo la necesidad de intervenciones qu\u00edmicas<\/strong> por parte del ser humano. Esta caracter\u00edstica representa un paso importante hacia pr\u00e1cticas agr\u00edcolas m\u00e1s sostenibles y respetuosas con el medio ambiente.<\/p>\n\n\n\n<p>Tambi\u00e9n aparecen en emergencias clim\u00e1ticas. Por ejemplo, en caso de tormentas de granizo que pueden da\u00f1ar gravemente los cultivos, la presencia de abejas cerca de la cosecha puede limitar los da\u00f1os. Estos insectos se sienten atra\u00eddos por el dulzor de las uvas da\u00f1adas y, al visitar los racimos afectados, ayudan a cerrar las cicatrices del granizo en la fruta. Este proceso natural puede salvar parte de la cosecha que de otro modo se perder\u00eda.<\/p>\n\n\n\n<div style=\"height:27px\" aria-hidden=\"true\" class=\"wp-block-spacer\"><\/div>\n\n\n<div class=\"wp-block-image\">\n<figure class=\"aligncenter size-full is-resized\"><a href=\"https:\/\/enolife.com.ar\/es\/wp-content\/uploads\/2026\/05\/Abejas-en-vinedos-4.jpg\" data-rel=\"penci-gallery-image-content\" ><img loading=\"lazy\" decoding=\"async\" width=\"950\" height=\"633\" src=\"https:\/\/enolife.com.ar\/es\/wp-content\/uploads\/2026\/05\/Abejas-en-vinedos-4.jpg\" alt=\"\" class=\"wp-image-176411\" style=\"width:702px;height:auto\" srcset=\"https:\/\/enolife.com.ar\/es\/wp-content\/uploads\/2026\/05\/Abejas-en-vinedos-4.jpg 950w, https:\/\/enolife.com.ar\/es\/wp-content\/uploads\/2026\/05\/Abejas-en-vinedos-4-300x200.jpg 300w, https:\/\/enolife.com.ar\/es\/wp-content\/uploads\/2026\/05\/Abejas-en-vinedos-4-768x512.jpg 768w, https:\/\/enolife.com.ar\/es\/wp-content\/uploads\/2026\/05\/Abejas-en-vinedos-4-585x390.jpg 585w\" sizes=\"auto, (max-width: 950px) 100vw, 950px\" \/><\/a><\/figure><\/div>\n\n\n<div style=\"height:30px\" aria-hidden=\"true\" class=\"wp-block-spacer\"><\/div>\n\n\n\n<p>Las abejas tambi\u00e9n resultan invaluables en las labores de <strong>restauraci\u00f3n ambiental<\/strong>. Introducir estos insectos en campos o bosques despu\u00e9s de un incendio, por ejemplo, promueve la regeneraci\u00f3n de la vegetaci\u00f3n. Estas incansables criaturas no se rinden ante la adversidad y contin\u00faan con su labor esencial para el ecosistema.<\/p>\n\n\n\n<p>Por supuesto, la apicultura actual no est\u00e1 exenta de desaf\u00edos. El cambio clim\u00e1tico actual supone un reto significativo para los apicultores. Los cambios en los patrones de temperatura y precipitaciciones, el aumento de los fen\u00f3menos meteorol\u00f3gicos extremos y la alteraci\u00f3n de los ciclos estacionales afectan profundamente la vida y la productividad de las abejas. A pesar de estos desaf\u00edos, las abejas, los <strong>beneficios de las abejas en los vi\u00f1edos<\/strong>&nbsp;siguen siendo innegables y representan una raz\u00f3n m\u00e1s para proteger a estos preciosos insectos.<\/p>\n\n\n\n<div style=\"height:33px\" aria-hidden=\"true\" class=\"wp-block-spacer\"><\/div>\n\n\n\n<p class=\"has-medium-font-size\"><strong>Un modelo de agricultura sostenible<\/strong><\/p>\n\n\n\n<p>La experiencia de De Belli demuestra c\u00f3mo la integraci\u00f3n entre la apicultura y la viticultura puede representar un modelo virtuoso de agricultura sostenible. La presencia de&nbsp;abejas en los vi\u00f1edos&nbsp;no s\u00f3lo mejora la salud de las vides y la calidad de la uva, sino que tambi\u00e9n contribuye a la biodiversidad de todo el ecosistema vitivin\u00edcola.<\/p>\n\n\n\n<p>Los beneficios tambi\u00e9n se extienden al \u00e1mbito econ\u00f3mico. La diversificaci\u00f3n de actividades mediante la introducci\u00f3n de la apicultura puede representar <strong>una fuente adicional de ingresos para los viticultores. <\/strong>La miel producida por las abejas que viven en los vi\u00f1edos puede comercializarse como un producto relacionado con el vino, lo que crea una interesante<strong> propuesta de m\u00e1rketing local.<\/strong><\/p>\n\n\n\n<p>La sinergia entre estos dos mundos tambi\u00e9n fomenta pr\u00e1cticas agr\u00edcolas m\u00e1s respetuosas con el medio ambiente. Los viticultores que mantienen colmenas en sus terrenos son naturalmente m\u00e1s sensibles al impacto de los tratamientos con pesticidas en las abejas y, por lo tanto, tienden a preferir m\u00e9todos menos invasivos y m\u00e1s respetuosos con el ecosistema.<strong> Este enfoque m\u00e1s conciente se traduce en vinos que expresan mejor las caracter\u00edsticas del terroir.<\/strong><\/p>\n\n\n\n<p>La importancia de las&nbsp;abejas en los vi\u00f1edos, por lo tanto, va mucho m\u00e1s all\u00e1 de su funci\u00f3n ecol\u00f3gica: representa un cambio de paradigma en el enfoque de la agricultura, <strong>pasando de una actividad explotadora a una protectora de la biodiversidad. <\/strong>En un per\u00edodo hist\u00f3rico en el que el cambio clim\u00e1tico supone un grave desaf\u00edo para la agricultura tradicional, modelos integrados como el propuesto por De Belli ofrecen valiosas perspectivas para un futuro m\u00e1s sostenible.<\/p>\n\n\n\n<div style=\"height:29px\" aria-hidden=\"true\" class=\"wp-block-spacer\"><\/div>\n\n\n\n<p>Fuente: <a href=\"https:\/\/salvaleapi.org\/es\/autor\/salvemos-a-las-abejas\">https:\/\/salvaleapi.org\/es\/autor\/salvemos-a-las-abejas<\/a><\/p>\n\n\n\n<div style=\"height:32px\" aria-hidden=\"true\" class=\"wp-block-spacer\"><\/div>\n","protected":false},"excerpt":{"rendered":"<p>La introducci\u00f3n de la&nbsp;abejas en los vi\u00f1edos&nbsp;representa una pr\u00e1ctica cada vez m\u00e1s extendida en todo&hellip;<\/p>\n","protected":false},"author":2,"featured_media":176407,"comment_status":"closed","ping_status":"open","sticky":false,"template":"","format":"standard","meta":{"footnotes":""},"categories":[15,5],"tags":[],"class_list":["post-176212","post","type-post","status-publish","format-standard","has-post-thumbnail","hentry","category-destacados","category-fincas"],"_links":{"self":[{"href":"https:\/\/enolife.com.ar\/es\/wp-json\/wp\/v2\/posts\/176212","targetHints":{"allow":["GET"]}}],"collection":[{"href":"https:\/\/enolife.com.ar\/es\/wp-json\/wp\/v2\/posts"}],"about":[{"href":"https:\/\/enolife.com.ar\/es\/wp-json\/wp\/v2\/types\/post"}],"author":[{"embeddable":true,"href":"https:\/\/enolife.com.ar\/es\/wp-json\/wp\/v2\/users\/2"}],"replies":[{"embeddable":true,"href":"https:\/\/enolife.com.ar\/es\/wp-json\/wp\/v2\/comments?post=176212"}],"version-history":[{"count":7,"href":"https:\/\/enolife.com.ar\/es\/wp-json\/wp\/v2\/posts\/176212\/revisions"}],"predecessor-version":[{"id":176413,"href":"https:\/\/enolife.com.ar\/es\/wp-json\/wp\/v2\/posts\/176212\/revisions\/176413"}],"wp:featuredmedia":[{"embeddable":true,"href":"https:\/\/enolife.com.ar\/es\/wp-json\/wp\/v2\/media\/176407"}],"wp:attachment":[{"href":"https:\/\/enolife.com.ar\/es\/wp-json\/wp\/v2\/media?parent=176212"}],"wp:term":[{"taxonomy":"category","embeddable":true,"href":"https:\/\/enolife.com.ar\/es\/wp-json\/wp\/v2\/categories?post=176212"},{"taxonomy":"post_tag","embeddable":true,"href":"https:\/\/enolife.com.ar\/es\/wp-json\/wp\/v2\/tags?post=176212"}],"curies":[{"name":"wp","href":"https:\/\/api.w.org\/{rel}","templated":true}]}}