{"id":174904,"date":"2026-03-16T13:25:25","date_gmt":"2026-03-16T13:25:25","guid":{"rendered":"https:\/\/enolife.com.ar\/es\/?p=174904"},"modified":"2026-03-17T15:40:20","modified_gmt":"2026-03-17T15:40:20","slug":"mejorar-la-eficiencia-del-riego-intrafinca-un-programa-conjunto-de-irrigacion-y-el-inta-mendoza","status":"publish","type":"post","link":"https:\/\/enolife.com.ar\/es\/mejorar-la-eficiencia-del-riego-intrafinca-un-programa-conjunto-de-irrigacion-y-el-inta-mendoza\/","title":{"rendered":"Mejorar la eficiencia del riego intrafinca, un programa conjunto de Irrigaci\u00f3n y el INTA Mendoza"},"content":{"rendered":"\n<h4 class=\"wp-block-heading\"><em><strong>Irrigaci\u00f3n y el INTA acordaron la continuidad del trabajo conjunto enfocado en el fortalecimiento del agro mendocino y el mejor uso del recurso h\u00eddrico. Se trata de un acuerdo que consolida la relaci\u00f3n entre ambos organismos, a la vez que enfatiza el aprendizaje y aumento de capacidades t\u00e9cnicas en productores agr\u00edcolas.\u00a0<\/strong><\/em><\/h4>\n\n\n\n<div style=\"height:33px\" aria-hidden=\"true\" class=\"wp-block-spacer\"><\/div>\n\n\n<a href=\"https:\/\/www.irrigacion.gov.ar\/web\/\" aria-label=\"irrigaci\u00f3n-1700X500\"><img loading=\"lazy\" decoding=\"async\" src=\"https:\/\/enolife.com.ar\/es\/wp-content\/uploads\/2021\/02\/irrigacion-1700X500.gif\" alt=\"\"  width=\"1700\" height=\"500\"   \/><\/a>\n\n\n<div style=\"height:52px\" aria-hidden=\"true\" class=\"wp-block-spacer\"><\/div>\n\n\n\n<p>El <strong>Departamento General de Irrigaci\u00f3n (DGI)<\/strong> y el <strong>Instituto Nacional de Tecnolog\u00eda Agropecuaria (INTA)<\/strong>, de <strong>Mendoza<\/strong>, mantienen desde hace d\u00e9cadas una cercana relaci\u00f3n de trabajo. Ese acuerdo, que viene evolucionando en el tiempo, tiene un objetivo claro: el fortalecimiento de las capacidades t\u00e9cnicas de los actores del sistema agropecuario en diferentes sectores de la provincia.<\/p>\n\n\n\n<p>En este sentido, estos organismos firmaron recientemente un convenio de cooperaci\u00f3n mutua en el que uno de los principales puntos se refiere al <strong>aumento de la eficiencia en el uso del recurso h\u00eddrico intrafinca.<\/strong> Otro tema de gran importancia de la alianza es el modo en que se transmiten estos procesos:&nbsp;&nbsp;a trav\u00e9s de <strong>capacitaciones, acompa\u00f1amiento t\u00e9cnico y acceso a herramientas de financiamiento para la tecnificaci\u00f3n del riego en los vi\u00f1edos y fincas de la provincia de Mendoza.<\/strong><\/p>\n\n\n\n<div style=\"height:28px\" aria-hidden=\"true\" class=\"wp-block-spacer\"><\/div>\n\n\n<div class=\"wp-block-image\">\n<figure class=\"aligncenter size-full is-resized\"><a href=\"https:\/\/enolife.com.ar\/es\/wp-content\/uploads\/2026\/03\/Riego-en-finca.webp\"><img loading=\"lazy\" decoding=\"async\" width=\"1000\" height=\"739\" src=\"https:\/\/enolife.com.ar\/es\/wp-content\/uploads\/2026\/03\/Riego-en-finca.webp\" alt=\"\" class=\"wp-image-174910\" style=\"width:690px;height:auto\" srcset=\"https:\/\/enolife.com.ar\/es\/wp-content\/uploads\/2026\/03\/Riego-en-finca.webp 1000w, https:\/\/enolife.com.ar\/es\/wp-content\/uploads\/2026\/03\/Riego-en-finca-300x222.webp 300w, https:\/\/enolife.com.ar\/es\/wp-content\/uploads\/2026\/03\/Riego-en-finca-768x568.webp 768w, https:\/\/enolife.com.ar\/es\/wp-content\/uploads\/2026\/03\/Riego-en-finca-585x432.webp 585w\" sizes=\"auto, (max-width: 1000px) 100vw, 1000px\" \/><\/a><\/figure><\/div>\n\n\n<div style=\"height:43px\" aria-hidden=\"true\" class=\"wp-block-spacer\"><\/div>\n\n\n\n<p>Dentro de ese contexto, Irrigaci\u00f3n y el INTA implementaron en 2025 el <strong>programa de Asistencia T\u00e9cnica en Riego Agr\u00edcola.<\/strong> Este plan desarroll\u00f3 capacitaciones en diferentes puntos de la provincia para incentivar al productor a realizar mejoras en la utilizaci\u00f3n del agua para sus cultivos. <\/p>\n\n\n\n<p>Por otra parte, el programa inst\u00f3 a realizar las mejoras del sistema de riego tendientes a eficientizar el uso del agua a nivel de predio en propiedades del productor, que surgen de la tecnolog\u00eda adquirida por el regante con el programa de asistencia financiera del CFI. Finalmente, otro objetivo fue lograr un seguimiento y acompa\u00f1amiento en las propiedades que implementaron las mejoras de riego intrafinca.<\/p>\n\n\n\n<div style=\"height:38px\" aria-hidden=\"true\" class=\"wp-block-spacer\"><\/div>\n\n\n<div class=\"wp-block-image\">\n<figure class=\"aligncenter size-large is-resized\"><a href=\"https:\/\/enolife.com.ar\/es\/wp-content\/uploads\/2026\/03\/Marinelli-y-Galmarini-scaled.jpg\" data-rel=\"penci-gallery-image-content\" ><img loading=\"lazy\" decoding=\"async\" width=\"1024\" height=\"576\" src=\"https:\/\/enolife.com.ar\/es\/wp-content\/uploads\/2026\/03\/Marinelli-y-Galmarini-1024x576.jpg\" alt=\"\" class=\"wp-image-174911\" style=\"width:700px;height:auto\" srcset=\"https:\/\/enolife.com.ar\/es\/wp-content\/uploads\/2026\/03\/Marinelli-y-Galmarini-1024x576.jpg 1024w, https:\/\/enolife.com.ar\/es\/wp-content\/uploads\/2026\/03\/Marinelli-y-Galmarini-300x169.jpg 300w, https:\/\/enolife.com.ar\/es\/wp-content\/uploads\/2026\/03\/Marinelli-y-Galmarini-768x432.jpg 768w, https:\/\/enolife.com.ar\/es\/wp-content\/uploads\/2026\/03\/Marinelli-y-Galmarini-1536x864.jpg 1536w, https:\/\/enolife.com.ar\/es\/wp-content\/uploads\/2026\/03\/Marinelli-y-Galmarini-2048x1152.jpg 2048w, https:\/\/enolife.com.ar\/es\/wp-content\/uploads\/2026\/03\/Marinelli-y-Galmarini-1170x658.jpg 1170w, https:\/\/enolife.com.ar\/es\/wp-content\/uploads\/2026\/03\/Marinelli-y-Galmarini-585x329.jpg 585w\" sizes=\"auto, (max-width: 1024px) 100vw, 1024px\" \/><\/a><figcaption class=\"wp-element-caption\"><em><strong>Sergio Marinelli y Carlos Galmarini<\/strong><\/em><\/figcaption><\/figure><\/div>\n\n\n<div style=\"height:35px\" aria-hidden=\"true\" class=\"wp-block-spacer\"><\/div>\n\n\n\n<p>La concreci\u00f3n de la firma se llev\u00f3 a cabo en sede central de Irrigaci\u00f3n, en la capital de Mendoza. All\u00ed, el uperintendente de Irrigaci\u00f3n, <strong>Sergio Marinelli <\/strong>y <strong>Carlos Galmarini,<\/strong> cirector del INTA centro regional Mendoza-San Juan compartieron una reuni\u00f3n para reafirmar las acciones de este trabajo conjunto.<\/p>\n\n\n\n<div style=\"height:42px\" aria-hidden=\"true\" class=\"wp-block-spacer\"><\/div>\n","protected":false},"excerpt":{"rendered":"<p>Irrigaci\u00f3n y el INTA acordaron la continuidad del trabajo conjunto enfocado en el fortalecimiento del&hellip;<\/p>\n","protected":false},"author":2,"featured_media":174907,"comment_status":"closed","ping_status":"open","sticky":false,"template":"","format":"standard","meta":{"footnotes":""},"categories":[5],"tags":[],"class_list":["post-174904","post","type-post","status-publish","format-standard","has-post-thumbnail","hentry","category-fincas"],"_links":{"self":[{"href":"https:\/\/enolife.com.ar\/es\/wp-json\/wp\/v2\/posts\/174904","targetHints":{"allow":["GET"]}}],"collection":[{"href":"https:\/\/enolife.com.ar\/es\/wp-json\/wp\/v2\/posts"}],"about":[{"href":"https:\/\/enolife.com.ar\/es\/wp-json\/wp\/v2\/types\/post"}],"author":[{"embeddable":true,"href":"https:\/\/enolife.com.ar\/es\/wp-json\/wp\/v2\/users\/2"}],"replies":[{"embeddable":true,"href":"https:\/\/enolife.com.ar\/es\/wp-json\/wp\/v2\/comments?post=174904"}],"version-history":[{"count":8,"href":"https:\/\/enolife.com.ar\/es\/wp-json\/wp\/v2\/posts\/174904\/revisions"}],"predecessor-version":[{"id":174916,"href":"https:\/\/enolife.com.ar\/es\/wp-json\/wp\/v2\/posts\/174904\/revisions\/174916"}],"wp:featuredmedia":[{"embeddable":true,"href":"https:\/\/enolife.com.ar\/es\/wp-json\/wp\/v2\/media\/174907"}],"wp:attachment":[{"href":"https:\/\/enolife.com.ar\/es\/wp-json\/wp\/v2\/media?parent=174904"}],"wp:term":[{"taxonomy":"category","embeddable":true,"href":"https:\/\/enolife.com.ar\/es\/wp-json\/wp\/v2\/categories?post=174904"},{"taxonomy":"post_tag","embeddable":true,"href":"https:\/\/enolife.com.ar\/es\/wp-json\/wp\/v2\/tags?post=174904"}],"curies":[{"name":"wp","href":"https:\/\/api.w.org\/{rel}","templated":true}]}}